{"id":97857,"date":"2016-11-10T15:05:03","date_gmt":"2016-11-10T18:05:03","guid":{"rendered":"http:\/\/senoticias.com.br\/se\/?p=97857"},"modified":"2016-11-11T15:41:09","modified_gmt":"2016-11-11T18:41:09","slug":"policia-civil-prende-homem-que-tentou-dar-golpe-de-r-3-milhoes-em-sergipe","status":"publish","type":"post","link":"https:\/\/senoticias.com.br\/se\/policia-civil-prende-homem-que-tentou-dar-golpe-de-r-3-milhoes-em-sergipe\/","title":{"rendered":"Pol\u00edcia Civil  prende homem que tentou dar golpe de R$ 3 milh\u00f5es em Sergipe"},"content":{"rendered":"<div id=\"attachment_97858\" style=\"width: 295px\" class=\"wp-caption alignright\"><img loading=\"lazy\" decoding=\"async\" aria-describedby=\"caption-attachment-97858\" class=\"size-full wp-image-97858\" src=\"http:\/\/senoticias.com.br\/se\/wp-content\/uploads\/2016\/11\/Preso-hmem-que-tentou-dar-golpe-em-Sergipe-SE-Noticias.jpg\" alt=\"Suspeito tentou fazer transa\u00e7\u00e3o imobili\u00e1ria de mais de R$3 milh\u00f5es. (Foto: SSP\/SE)\" width=\"285\" height=\"380\" srcset=\"https:\/\/senoticias.com.br\/se\/wp-content\/uploads\/2016\/11\/Preso-hmem-que-tentou-dar-golpe-em-Sergipe-SE-Noticias.jpg 285w, https:\/\/senoticias.com.br\/se\/wp-content\/uploads\/2016\/11\/Preso-hmem-que-tentou-dar-golpe-em-Sergipe-SE-Noticias-225x300.jpg 225w\" sizes=\"(max-width: 285px) 100vw, 285px\" \/><p id=\"caption-attachment-97858\" class=\"wp-caption-text\">Suspeito tentou fazer transa\u00e7\u00e3o imobili\u00e1ria de mais de R$3 milh\u00f5es. (Foto: SSP\/SE)<\/p><\/div>\n<p style=\"text-align: justify;\">Policiais Civis da Delegacia Regional de Propri\u00e1, sob o comando dos Delegados Jo\u00e3o Eduardo e Ant\u00f4nio Wellington, efetuaram na noite de ontem, 9, a pris\u00e3o de Lucas Menezes da Trindade, de 22 anos, em cumprimento a mandado de pris\u00e3o preventiva expedido pela ju\u00edza da Justi\u00e7a Federal com sede em Santa Cruz do Sul, no Estado do Rio Grande do Sul.<\/p>\n<p style=\"text-align: justify;\">Consta que ontem, 9,\u00a0 um corretor de im\u00f3veis da cidade de Propri\u00e1 foi procurado por Lucas, o qual se apresentou como empres\u00e1rio e investidor e estaria sondando im\u00f3veis na regi\u00e3o com o intuito de realizar investimentos, afirmando possuir mais de nove milh\u00f5es de reais em conta-corrente para tal fim. Ao final do dia, ap\u00f3s visitarem alguns im\u00f3veis, assinaram contratos de compra e venda de dois terrenos, sendo uma fazenda no munic\u00edpio de Canhoba, no valor de R$ 3.000.000,00 (tr\u00eas milh\u00f5es de reais) e lotes no munic\u00edpio de Japoat\u00e3, no valor de R$ 800.000,00 (oitocentos mil reais), deixando para finalizarem a transa\u00e7\u00e3o na manh\u00e3 do dia seguinte.<\/p>\n<p style=\"text-align: justify;\">Segundo o Delegado Regional Jo\u00e3o Eduardo, diante da diverg\u00eancia de algumas informa\u00e7\u00f5es, durante \u00e0 noite, o corretor se dirigiu \u00e0 Delegacia Regional de Propri\u00e1 e em conversa com os delegados, foram realizadas consultas acerca da situa\u00e7\u00e3o do suposto comprador, verificando-se que ele responde a crimes de estelionato, porte ilegal de arma de fogo e denuncia\u00e7\u00e3o caluniosa, existindo um mandado de pris\u00e3o em seu desfavor expedido pela Justi\u00e7a Federal do Rio Grande do Sul.<\/p>\n<p style=\"text-align: justify;\">Emposse dessas informa\u00e7\u00f5es, os policiais juntamente com os delegados foram ao local onde ele estava hospedado e efetuaram a pris\u00e3o, onde tamb\u00e9m encontraram v\u00e1rios cheques sem fundos e extratos de conta-corrente, confirmando-se que Lucas vinha praticando golpes em v\u00e1rios lugares do Brasil.<\/p>\n<p style=\"text-align: justify;\"><img loading=\"lazy\" decoding=\"async\" class=\"aligncenter size-full wp-image-97770\" src=\"http:\/\/senoticias.com.br\/se\/wp-content\/uploads\/2016\/11\/Logo-fone-1-2-1.jpg\" alt=\"logo-fone-1-2-1\" width=\"599\" height=\"78\" srcset=\"https:\/\/senoticias.com.br\/se\/wp-content\/uploads\/2016\/11\/Logo-fone-1-2-1.jpg 599w, https:\/\/senoticias.com.br\/se\/wp-content\/uploads\/2016\/11\/Logo-fone-1-2-1-300x39.jpg 300w\" sizes=\"(max-width: 599px) 100vw, 599px\" \/><\/p>\n<p style=\"text-align: justify;\"><em><strong>Acompanhe tamb\u00e9m o SE Not\u00edcias no<\/strong><strong>\u00a0<\/strong><strong><a href=\"https:\/\/twitter.com\/Senoticias\">Twitter<\/a>,<\/strong><strong>\u00a0<\/strong><strong><a href=\"https:\/\/www.facebook.com\/senoticias1\">Facebook<\/a><\/strong><strong>\u00a0<\/strong><strong>e no<\/strong><a href=\"https:\/\/www.instagram.com\/senoticias\/\"><strong>\u00a0<\/strong><strong>Instagram<\/strong><\/a><\/em><\/p>\n<p style=\"text-align: justify;\"><em>Mat\u00e9ria extra\u00edda do <a href=\"http:\/\/senoticias.com.br\/se\/policia-militar-apreende-11kg-de-crack-no-santa-maria\/\"><strong>site<\/strong><\/a> da SSP\/SE<\/em><\/p>\n","protected":false},"excerpt":{"rendered":"<p>Policiais Civis da Delegacia Regional de Propri\u00e1, sob o comando dos Delegados Jo\u00e3o Eduardo e Ant\u00f4nio Wellington, efetuaram na noite de ontem, 9, a pris\u00e3o de Lucas Menezes da Trindade, de 22 anos, em cumprimento a mandado de pris\u00e3o preventiva expedido pela ju\u00edza da Justi\u00e7a Federal com sede em Santa Cruz do Sul, no Estado [&hellip;]<\/p>\n","protected":false},"author":2,"featured_media":97858,"comment_status":"closed","ping_status":"closed","sticky":false,"template":"","format":"standard","meta":{"footnotes":""},"categories":[15,7],"tags":[],"class_list":{"0":"post-97857","1":"post","2":"type-post","3":"status-publish","4":"format-standard","5":"has-post-thumbnail","7":"category-destaques","8":"category-policia"},"_links":{"self":[{"href":"https:\/\/senoticias.com.br\/se\/wp-json\/wp\/v2\/posts\/97857"}],"collection":[{"href":"https:\/\/senoticias.com.br\/se\/wp-json\/wp\/v2\/posts"}],"about":[{"href":"https:\/\/senoticias.com.br\/se\/wp-json\/wp\/v2\/types\/post"}],"author":[{"embeddable":true,"href":"https:\/\/senoticias.com.br\/se\/wp-json\/wp\/v2\/users\/2"}],"replies":[{"embeddable":true,"href":"https:\/\/senoticias.com.br\/se\/wp-json\/wp\/v2\/comments?post=97857"}],"version-history":[{"count":0,"href":"https:\/\/senoticias.com.br\/se\/wp-json\/wp\/v2\/posts\/97857\/revisions"}],"wp:featuredmedia":[{"embeddable":true,"href":"https:\/\/senoticias.com.br\/se\/wp-json\/wp\/v2\/media\/97858"}],"wp:attachment":[{"href":"https:\/\/senoticias.com.br\/se\/wp-json\/wp\/v2\/media?parent=97857"}],"wp:term":[{"taxonomy":"category","embeddable":true,"href":"https:\/\/senoticias.com.br\/se\/wp-json\/wp\/v2\/categories?post=97857"},{"taxonomy":"post_tag","embeddable":true,"href":"https:\/\/senoticias.com.br\/se\/wp-json\/wp\/v2\/tags?post=97857"}],"curies":[{"name":"wp","href":"https:\/\/api.w.org\/{rel}","templated":true}]}}