{"id":97851,"date":"2016-11-10T14:00:10","date_gmt":"2016-11-10T17:00:10","guid":{"rendered":"http:\/\/senoticias.com.br\/se\/?p=97851"},"modified":"2016-11-10T14:11:10","modified_gmt":"2016-11-10T17:11:10","slug":"biblioteca-infantil-divulga-programacao-de-novembro","status":"publish","type":"post","link":"https:\/\/senoticias.com.br\/se\/biblioteca-infantil-divulga-programacao-de-novembro\/","title":{"rendered":"Biblioteca Infantil divulga programa\u00e7\u00e3o de novembro"},"content":{"rendered":"<p style=\"text-align: justify;\">A Biblioteca Infantil preparou uma programa\u00e7\u00e3o especial, que acontece entre os dias 07 e 29 de novembro. Neste per\u00edodo ser\u00e3o realizadas atividades como roda de conversa, conta\u00e7\u00e3o de hist\u00f3rias e oficina de bonecas. Al\u00e9m disso, o p\u00fablico ainda poder\u00e1 participar da \u201cCa\u00e7ada aos Pokelivros\u201d, a\u00e7\u00e3o promovida durante todas as ter\u00e7as-feiras do m\u00eas.<\/p>\n<div id=\"attachment_97852\" style=\"width: 609px\" class=\"wp-caption aligncenter\"><img loading=\"lazy\" decoding=\"async\" aria-describedby=\"caption-attachment-97852\" class=\"size-full wp-image-97852\" src=\"http:\/\/senoticias.com.br\/se\/wp-content\/uploads\/2016\/11\/Biblioteca-SE-Noticias-e1478797692518.jpg\" alt=\"Biblioteca divulga programa\u00e7\u00e3o de novembro. (Foto: ascom\/Secult)\" width=\"599\" height=\"399\" \/><p id=\"caption-attachment-97852\" class=\"wp-caption-text\">Biblioteca divulga programa\u00e7\u00e3o de novembro. (Foto: ascom\/Secult)<\/p><\/div>\n<p style=\"text-align: justify;\">Em comemora\u00e7\u00e3o ao dia 15 de novembro, Proclama\u00e7\u00e3o da Rep\u00fablica, a Biblioteca ir\u00e1 promover de 16 a 18 de novembro, algumas pr\u00e1ticas, no projeto \u201cSemana P\u00e1tria Minha- Nossas Bandeiras\u201d.\u00a0 J\u00e1 entre os dias 21 e 25 de novembro, a homenagem \u00e9 para o Dia da Consci\u00eancia Negra, com a realiza\u00e7\u00e3o da \u201cSemana de Contos Africanos\u201d. A programa\u00e7\u00e3o encerra dia 29, com uma oficina para a confec\u00e7\u00e3o de bonecas Abayomi, criadas na \u00e9poca da escravid\u00e3o.<\/p>\n<p style=\"text-align: justify;\">Escolas e grupos interessados em agendar visitas na Biblioteca Infantil podem entrar em contato pelo telefone (79) 3179 \u2013 1965. A Biblioteca Infantil fica em anexo a Biblioteca P\u00fablica Epif\u00e2nio D\u00f3ria, localizada na Rua Villa Cristina s\/n, no Bairro 13 de Julho, em Aracaju.<\/p>\n<p><img loading=\"lazy\" decoding=\"async\" class=\"aligncenter size-full wp-image-97770\" src=\"http:\/\/senoticias.com.br\/se\/wp-content\/uploads\/2016\/11\/Logo-fone-1-2-1.jpg\" alt=\"logo-fone-1-2-1\" width=\"599\" height=\"78\" srcset=\"https:\/\/senoticias.com.br\/se\/wp-content\/uploads\/2016\/11\/Logo-fone-1-2-1.jpg 599w, https:\/\/senoticias.com.br\/se\/wp-content\/uploads\/2016\/11\/Logo-fone-1-2-1-300x39.jpg 300w\" sizes=\"(max-width: 599px) 100vw, 599px\" \/><\/p>\n<p><em><strong>Acompanhe tamb\u00e9m o SE Not\u00edcias no<\/strong><strong>\u00a0<\/strong><strong><a href=\"https:\/\/twitter.com\/Senoticias\">Twitter<\/a>,<\/strong><strong>\u00a0<\/strong><strong><a href=\"https:\/\/www.facebook.com\/senoticias1\">Facebook<\/a><\/strong><strong>\u00a0<\/strong><strong>e no<\/strong><a href=\"https:\/\/www.instagram.com\/senoticias\/\"><strong>\u00a0<\/strong><strong>Instagram<\/strong><\/a><\/em><\/p>\n<p><strong>PROGRAMA\u00c7\u00c3O DE NOVEMBRO<\/strong><\/p>\n<p>&nbsp;<\/p>\n<p>Todas as ter\u00e7as-feiras<\/p>\n<p>Ca\u00e7ada aos Pokelivros<\/p>\n<p>Obs: Crian\u00e7as a partir de 6 anos<\/p>\n<p>Hor\u00e1rio: \u00e0s 9h e \u00e0s 15h<\/p>\n<p>&nbsp;<\/p>\n<p>07 a 11 de novembro \u2013 Hist\u00f3rias de visagens e assombra\u00e7\u00f5es<\/p>\n<p>Hor\u00e1rio: 09 e 15 horas<\/p>\n<p>&nbsp;<\/p>\n<p>14 de novembro \u2013 Roda de Conversa e Conta\u00e7\u00e3o de Hist\u00f3rias com Matheus Luamm sobre a Escritora Maria Clara Machado<\/p>\n<p>Hor\u00e1rio: 09 e 15 horas<\/p>\n<p>&nbsp;<\/p>\n<p>16 a 18 de novembro \u2013 Semana P\u00e1tria Minha \u2013 Nossas Bandeiras<\/p>\n<p>Hor\u00e1rio: 09 e 15 horas<\/p>\n<p>&nbsp;<\/p>\n<p>21 a 25 de novembro \u2013 Semana de Contos Africanos<\/p>\n<p>Conta\u00e7\u00f5es de hist\u00f3rias e media\u00e7\u00e3o com a turma da Biblioteca<\/p>\n<p>Hor\u00e1rio: 9 horas<\/p>\n<p>&nbsp;<\/p>\n<p>24 de novembro \u2013 Conta\u00e7\u00e3o de Hist\u00f3rias com Joluzia Viana<\/p>\n<p>Hor\u00e1rio: 15 horas<\/p>\n<p>&nbsp;<\/p>\n<p>25 de novembro \u2013 Conta\u00e7\u00e3o de Hist\u00f3rias com Anna Souza<\/p>\n<p>Hor\u00e1rio: 15 horas<\/p>\n<p>&nbsp;<\/p>\n<p>29 de novembro &#8211; oficina de bonecas Abayomi,com Mony Grazielle.<\/p>\n<p>Obs: Crian\u00e7as a partir de 6 anos<\/p>\n<p>Hor\u00e1rio: 9 horas<br \/>\nAscom \/ Sec. de Estado da Cultura<\/p>\n","protected":false},"excerpt":{"rendered":"<p>A Biblioteca Infantil preparou uma programa\u00e7\u00e3o especial, que acontece entre os dias 07 e 29 de novembro. Neste per\u00edodo ser\u00e3o realizadas atividades como roda de conversa, conta\u00e7\u00e3o de hist\u00f3rias e oficina de bonecas. Al\u00e9m disso, o p\u00fablico ainda poder\u00e1 participar da \u201cCa\u00e7ada aos Pokelivros\u201d, a\u00e7\u00e3o promovida durante todas as ter\u00e7as-feiras do m\u00eas. Em comemora\u00e7\u00e3o ao [&hellip;]<\/p>\n","protected":false},"author":2,"featured_media":97852,"comment_status":"closed","ping_status":"closed","sticky":false,"template":"","format":"standard","meta":{"footnotes":""},"categories":[21],"tags":[],"class_list":{"0":"post-97851","1":"post","2":"type-post","3":"status-publish","4":"format-standard","5":"has-post-thumbnail","7":"category-entretenimento"},"_links":{"self":[{"href":"https:\/\/senoticias.com.br\/se\/wp-json\/wp\/v2\/posts\/97851"}],"collection":[{"href":"https:\/\/senoticias.com.br\/se\/wp-json\/wp\/v2\/posts"}],"about":[{"href":"https:\/\/senoticias.com.br\/se\/wp-json\/wp\/v2\/types\/post"}],"author":[{"embeddable":true,"href":"https:\/\/senoticias.com.br\/se\/wp-json\/wp\/v2\/users\/2"}],"replies":[{"embeddable":true,"href":"https:\/\/senoticias.com.br\/se\/wp-json\/wp\/v2\/comments?post=97851"}],"version-history":[{"count":0,"href":"https:\/\/senoticias.com.br\/se\/wp-json\/wp\/v2\/posts\/97851\/revisions"}],"wp:featuredmedia":[{"embeddable":true,"href":"https:\/\/senoticias.com.br\/se\/wp-json\/wp\/v2\/media\/97852"}],"wp:attachment":[{"href":"https:\/\/senoticias.com.br\/se\/wp-json\/wp\/v2\/media?parent=97851"}],"wp:term":[{"taxonomy":"category","embeddable":true,"href":"https:\/\/senoticias.com.br\/se\/wp-json\/wp\/v2\/categories?post=97851"},{"taxonomy":"post_tag","embeddable":true,"href":"https:\/\/senoticias.com.br\/se\/wp-json\/wp\/v2\/tags?post=97851"}],"curies":[{"name":"wp","href":"https:\/\/api.w.org\/{rel}","templated":true}]}}