{"id":97847,"date":"2016-11-10T11:56:17","date_gmt":"2016-11-10T14:56:17","guid":{"rendered":"http:\/\/senoticias.com.br\/se\/?p=97847"},"modified":"2016-11-10T15:45:50","modified_gmt":"2016-11-10T18:45:50","slug":"tce-manda-prefeitura-de-sao-cristovao-suspender-edital-de-terceirizacao-da-iluminacao-publica","status":"publish","type":"post","link":"https:\/\/senoticias.com.br\/se\/tce-manda-prefeitura-de-sao-cristovao-suspender-edital-de-terceirizacao-da-iluminacao-publica\/","title":{"rendered":"TCE manda Prefeitura de S\u00e3o Crist\u00f3v\u00e3o suspender Licita\u00e7\u00e3o de R$ 160 milh\u00f5es para ilumina\u00e7\u00e3o p\u00fablica"},"content":{"rendered":"<p style=\"text-align: justify;\">O Tribunal de Contas do Estado (TCE\/SE) decidiu no Pleno desta quinta-feira, 10, determinar \u00e0 Prefeitura de S\u00e3o Crist\u00f3v\u00e3o a suspens\u00e3o cautelar da Concorr\u00eancia P\u00fablica n\u00ba 04\/2016, que visa \u00e0 delega\u00e7\u00e3o de concess\u00e3o administrativa para a presta\u00e7\u00e3o dos servi\u00e7os de ilumina\u00e7\u00e3o das vias p\u00fablicas no munic\u00edpio.<\/p>\n<div id=\"attachment_97861\" style=\"width: 510px\" class=\"wp-caption aligncenter\"><img loading=\"lazy\" decoding=\"async\" aria-describedby=\"caption-attachment-97861\" class=\"size-full wp-image-97861\" src=\"http:\/\/senoticias.com.br\/se\/wp-content\/uploads\/2016\/11\/Conselheiro-Carlos-Alberto-SE-Noticias.jpg\" alt=\"A mat\u00e9ria foi relatada pelo conselheiro Carlos Alberto Sobral. (Foto: Cleverton Ribeiro\/TCE)\" width=\"500\" height=\"300\" srcset=\"https:\/\/senoticias.com.br\/se\/wp-content\/uploads\/2016\/11\/Conselheiro-Carlos-Alberto-SE-Noticias.jpg 500w, https:\/\/senoticias.com.br\/se\/wp-content\/uploads\/2016\/11\/Conselheiro-Carlos-Alberto-SE-Noticias-300x180.jpg 300w\" sizes=\"(max-width: 500px) 100vw, 500px\" \/><p id=\"caption-attachment-97861\" class=\"wp-caption-text\">A mat\u00e9ria foi relatada pelo conselheiro Carlos Alberto Sobral. (Foto: Cleverton Ribeiro\/TCE)<\/p><\/div>\n<p style=\"text-align: justify;\">O certame impugnado previa que a contrata\u00e7\u00e3o da empresa para prestar o servi\u00e7o valeria pelo per\u00edodo de 35 anos, a um custo mensal de R$ 380 mil.<\/p>\n<p style=\"text-align: justify;\">Ap\u00f3s analisar den\u00fancia da empresa Via Reta Com\u00e9rcio, Servi\u00e7os, Importa\u00e7\u00e3o e Exporta\u00e7\u00e3o Ltda \u2013 Epp, apontando irregularidades na licita\u00e7\u00e3o, a equipe t\u00e9cnica do Tribunal avaliou a contrata\u00e7\u00e3o como &#8220;antiecon\u00f4mica decorrente de aus\u00eancia de Estudos preliminares\/anteprojetos&#8221;, al\u00e9m de constatar defici\u00eancia &#8220;dos projetos b\u00e1sicos e\/ou executivos na contrata\u00e7\u00e3o de obras ou servi\u00e7os, inclusive no que concerne ao impacto ambiental e \u00e0s normas de acessibilidade&#8221;.<\/p>\n<p style=\"text-align: justify;\">A mat\u00e9ria foi relatada pelo conselheiro Carlos Alberto Sobral, que fundamentou seu voto nos opinamentos da Coordenadoria de Engenharia do Tribunal e em despacho do procurador-geral do Minist\u00e9rio P\u00fablico de Contas, Jo\u00e3o Augusto Bandeira de Melo. \u201cUma licita\u00e7\u00e3o como essa no final da gest\u00e3o \u00e9, no m\u00ednimo, temer\u00e1ria\u201d, disse o conselheiro.<\/p>\n<p style=\"text-align: justify;\">&#8220;Considerando que se trata de contrata\u00e7\u00e3o de longo tempo e de valor relevante, n\u00e3o se pode imaginar que uma contrata\u00e7\u00e3o t\u00e3o impactante na vida social e fiscal do munic\u00edpio possa ser processada sem a perfeita observ\u00e2ncia das prescri\u00e7\u00f5es legais&#8221;, afirmou.<\/p>\n<p style=\"text-align: justify;\">Segundo o relat\u00f3rio levado ao Pleno, &#8220;o modelo t\u00e9cnico apresentado n\u00e3o s\u00f3 n\u00e3o \u00e9 eficaz em cumprir os requisitos de ilumin\u00e2ncia das vias p\u00fablicas municipais como ainda n\u00e3o teria observado o requisito da economicidade&#8221;.<\/p>\n<p style=\"text-align: justify;\">O portal SE Noticias publicou em outubro uma reportagem relatando que a Prefeitura de S\u00e3o Crist\u00f3v\u00e3o \u00a0publicou <strong><a href=\"http:\/\/senoticias.com.br\/se\/no-apagar-das-luzes-prefeito-de-sao-cristovao-quer-fazer-licitacao-da-iluminacao-publica-por-35-anos\/\">edital de licita\u00e7\u00e3o de 160 milh\u00f5es<\/a>\u00a0<\/strong>por 35 anos dos servi\u00e7os de ilumina\u00e7\u00e3o p\u00fablica por 35 anos.<\/p>\n<p style=\"text-align: justify;\"><strong><em>SE Not\u00edcias com informa\u00e7\u00f5es do TCE\/SE<\/em><\/strong><\/p>\n<p style=\"text-align: justify;\"><img loading=\"lazy\" decoding=\"async\" class=\"aligncenter size-full wp-image-97770\" src=\"http:\/\/senoticias.com.br\/se\/wp-content\/uploads\/2016\/11\/Logo-fone-1-2-1.jpg\" alt=\"logo-fone-1-2-1\" width=\"599\" height=\"78\" srcset=\"https:\/\/senoticias.com.br\/se\/wp-content\/uploads\/2016\/11\/Logo-fone-1-2-1.jpg 599w, https:\/\/senoticias.com.br\/se\/wp-content\/uploads\/2016\/11\/Logo-fone-1-2-1-300x39.jpg 300w\" sizes=\"(max-width: 599px) 100vw, 599px\" \/><\/p>\n<p style=\"text-align: justify;\"><em><strong>Acompanhe tamb\u00e9m o SE Not\u00edcias no<\/strong><strong>\u00a0<\/strong><strong><a href=\"https:\/\/twitter.com\/Senoticias\">Twitter<\/a>,<\/strong><strong>\u00a0<\/strong><strong><a href=\"https:\/\/www.facebook.com\/senoticias1\">Facebook<\/a><\/strong><strong>\u00a0<\/strong><strong>e no<\/strong><a href=\"https:\/\/www.instagram.com\/senoticias\/\"><strong>\u00a0<\/strong><strong>Instagram<\/strong><\/a><\/em><\/p>\n<p style=\"text-align: justify;\">\n","protected":false},"excerpt":{"rendered":"<p>O Tribunal de Contas do Estado (TCE\/SE) decidiu no Pleno desta quinta-feira, 10, determinar \u00e0 Prefeitura de S\u00e3o Crist\u00f3v\u00e3o a suspens\u00e3o cautelar da Concorr\u00eancia P\u00fablica n\u00ba 04\/2016, que visa \u00e0 delega\u00e7\u00e3o de concess\u00e3o administrativa para a presta\u00e7\u00e3o dos servi\u00e7os de ilumina\u00e7\u00e3o das vias p\u00fablicas no munic\u00edpio. O certame impugnado previa que a contrata\u00e7\u00e3o da empresa [&hellip;]<\/p>\n","protected":false},"author":2,"featured_media":97861,"comment_status":"closed","ping_status":"closed","sticky":false,"template":"","format":"standard","meta":{"footnotes":""},"categories":[15,6],"tags":[],"class_list":{"0":"post-97847","1":"post","2":"type-post","3":"status-publish","4":"format-standard","5":"has-post-thumbnail","7":"category-destaques","8":"category-politica"},"_links":{"self":[{"href":"https:\/\/senoticias.com.br\/se\/wp-json\/wp\/v2\/posts\/97847"}],"collection":[{"href":"https:\/\/senoticias.com.br\/se\/wp-json\/wp\/v2\/posts"}],"about":[{"href":"https:\/\/senoticias.com.br\/se\/wp-json\/wp\/v2\/types\/post"}],"author":[{"embeddable":true,"href":"https:\/\/senoticias.com.br\/se\/wp-json\/wp\/v2\/users\/2"}],"replies":[{"embeddable":true,"href":"https:\/\/senoticias.com.br\/se\/wp-json\/wp\/v2\/comments?post=97847"}],"version-history":[{"count":0,"href":"https:\/\/senoticias.com.br\/se\/wp-json\/wp\/v2\/posts\/97847\/revisions"}],"wp:featuredmedia":[{"embeddable":true,"href":"https:\/\/senoticias.com.br\/se\/wp-json\/wp\/v2\/media\/97861"}],"wp:attachment":[{"href":"https:\/\/senoticias.com.br\/se\/wp-json\/wp\/v2\/media?parent=97847"}],"wp:term":[{"taxonomy":"category","embeddable":true,"href":"https:\/\/senoticias.com.br\/se\/wp-json\/wp\/v2\/categories?post=97847"},{"taxonomy":"post_tag","embeddable":true,"href":"https:\/\/senoticias.com.br\/se\/wp-json\/wp\/v2\/tags?post=97847"}],"curies":[{"name":"wp","href":"https:\/\/api.w.org\/{rel}","templated":true}]}}