{"id":97843,"date":"2016-11-10T11:26:28","date_gmt":"2016-11-10T14:26:28","guid":{"rendered":"http:\/\/senoticias.com.br\/se\/?p=97843"},"modified":"2016-11-10T16:06:13","modified_gmt":"2016-11-10T19:06:13","slug":"oito-mil-beneficiarios-do-programa-bolsa-familia-em-sergipe-tiveram-os-beneficios-cancelados-apos-cruzamento-de-dados-por-parte-do-governo-federal","status":"publish","type":"post","link":"https:\/\/senoticias.com.br\/se\/oito-mil-beneficiarios-do-programa-bolsa-familia-em-sergipe-tiveram-os-beneficios-cancelados-apos-cruzamento-de-dados-por-parte-do-governo-federal\/","title":{"rendered":"Oito mil benefici\u00e1rios do Programa Bolsa Fam\u00edlia em Sergipe tiveram os benef\u00edcios cancelados"},"content":{"rendered":"<p style=\"text-align: justify;\">Oito mil benefici\u00e1rios do Programa Bolsa Fam\u00edlia em Sergipe tiveram os benef\u00edcios cancelados ap\u00f3s cruzamento de dados por parte do Governo Federal. A informa\u00e7\u00e3o foi passada na manh\u00e3 desta quinta-feira (10) pelo coordenador do programa no Estado, Jos\u00e9 Carlos Passos em entrevista \u00e0 TV Alese.<\/p>\n<div id=\"attachment_97844\" style=\"width: 608px\" class=\"wp-caption aligncenter\"><a href=\"http:\/\/senoticias.com.br\/se\/wp-content\/uploads\/2016\/11\/carlos_passos_101116_cesardeoliveira-e1478787770930.jpg\"><img loading=\"lazy\" decoding=\"async\" aria-describedby=\"caption-attachment-97844\" class=\"size-full wp-image-97844\" src=\"http:\/\/senoticias.com.br\/se\/wp-content\/uploads\/2016\/11\/carlos_passos_101116_cesardeoliveira-e1478787770930.jpg\" alt=\"Foto: Jadilson Sim\u00f5es\" width=\"598\" height=\"397\" \/><\/a><p id=\"caption-attachment-97844\" class=\"wp-caption-text\">Foto: Jadilson Sim\u00f5es<\/p><\/div>\n<p style=\"text-align: justify;\">\u201cDas 265 mil fam\u00edlias beneficiadas em Sergipe com o Programa Bolsa Fam\u00edlia, tivemos 12 mil bloqueios e oito mil cancelamentos de benef\u00edcios em Sergipe, mas todos s\u00e3o pass\u00edveis de revers\u00e3o, desde que o benefici\u00e1rio procure a Secretaria de Assist\u00eancia Social no seu munic\u00edpio para fazer a atualiza\u00e7\u00e3o cadastral, para que os profissionais possam detectar in loco a realidade daquela fam\u00edlia, para que n\u00e3o aconte\u00e7a nenhuma fraude no Programa Bolsa Fam\u00edlia\u201d, explica.<\/p>\n<p style=\"text-align: justify;\">O coordenador em Sergipe destacou que a maioria est\u00e1 no perfil do programa, mas houve alguma diverg\u00eancia de renda no cruzamento dos dados. \u201cInfelizmente tem algumas fam\u00edlias que se utilizaram de m\u00e1 f\u00e9. V\u00e3o passar por esse cruzamento e sendo comprovado o dolo das fam\u00edlias que prestaram informa\u00e7\u00f5es inver\u00eddicas, vai se dar os procedimentos corriqueiros pelo Governo Federal para a devolu\u00e7\u00e3o dos recursos\u201d, ressalta.<\/p>\n<p style=\"text-align: justify;\">Jos\u00e9 Carlos Passos alertou que essas pessoas que teriam utilizado de m\u00e1 f\u00e9 e recebido valores indevidos, ter\u00e3o que devolver com juros.<\/p>\n<p style=\"text-align: justify;\">\u201cEsses recursos s\u00e3o no m\u00ednimo o dobro do que receberam e no m\u00e1ximo quatro vezes o valor recebido, mais juros e corre\u00e7\u00e3o monet\u00e1ria. Fica o alerta pra pessoas que realmente omitiram informa\u00e7\u00f5es no tocante \u00e0 renda, que procurem as secretarias, atualizem o seu cadastro, as informa\u00e7\u00f5es porque as pessoas que se utilizam de m\u00e1 f\u00e9, omitem renda, est\u00e3o fora do perfil e recebendo o Bolsa Fam\u00edlia, est\u00e3o tirando o espa\u00e7o de outras que est\u00e3o no crit\u00e9rio para receber o programa, por\u00e9m n\u00e3o recebem porque tem pessoas recebendo indevidamente\u201d, lamenta.<\/p>\n<p><strong>Acompanhe tamb\u00e9m o SE Not\u00edcias no<\/strong><strong>\u00a0<\/strong><strong><a href=\"https:\/\/twitter.com\/Senoticias\">Twitter<\/a>,<\/strong><strong>\u00a0<\/strong><strong><a href=\"https:\/\/www.facebook.com\/senoticias1\">Facebook<\/a><\/strong><strong>\u00a0<\/strong><strong>e no<\/strong><a href=\"https:\/\/www.instagram.com\/senoticias\/\"><strong>\u00a0<\/strong><strong>Instagram.<\/strong><\/a><\/p>\n<p style=\"text-align: justify;\"><a href=\"http:\/\/senoticias.com.br\/se\/wp-content\/uploads\/2016\/11\/Logo-fone-1-2-1.jpg\"><img loading=\"lazy\" decoding=\"async\" class=\"aligncenter size-full wp-image-97770\" src=\"http:\/\/senoticias.com.br\/se\/wp-content\/uploads\/2016\/11\/Logo-fone-1-2-1.jpg\" alt=\"logo-fone-1-2-1\" width=\"599\" height=\"78\" srcset=\"https:\/\/senoticias.com.br\/se\/wp-content\/uploads\/2016\/11\/Logo-fone-1-2-1.jpg 599w, https:\/\/senoticias.com.br\/se\/wp-content\/uploads\/2016\/11\/Logo-fone-1-2-1-300x39.jpg 300w\" sizes=\"(max-width: 599px) 100vw, 599px\" \/><\/a><\/p>\n<p style=\"text-align: justify;\">Da\u00a0Ag\u00eancia de Not\u00edcias Alese<\/p>\n","protected":false},"excerpt":{"rendered":"<p>Oito mil benefici\u00e1rios do Programa Bolsa Fam\u00edlia em Sergipe tiveram os benef\u00edcios cancelados ap\u00f3s cruzamento de dados por parte do Governo Federal. A informa\u00e7\u00e3o foi passada na manh\u00e3 desta quinta-feira (10) pelo coordenador do programa no Estado, Jos\u00e9 Carlos Passos em entrevista \u00e0 TV Alese. \u201cDas 265 mil fam\u00edlias beneficiadas em Sergipe com o Programa [&hellip;]<\/p>\n","protected":false},"author":5618,"featured_media":97844,"comment_status":"closed","ping_status":"closed","sticky":false,"template":"","format":"standard","meta":{"footnotes":""},"categories":[38,6],"tags":[1590],"class_list":{"0":"post-97843","1":"post","2":"type-post","3":"status-publish","4":"format-standard","5":"has-post-thumbnail","7":"category-municipios","8":"category-politica","9":"tag-oito-mil-beneficiarios-do-programa-bolsa-familia-em-sergipe-tiveram-os-beneficios-cancelados-apos-cruzamento-de-dados-por-parte-do-governo-federal"},"_links":{"self":[{"href":"https:\/\/senoticias.com.br\/se\/wp-json\/wp\/v2\/posts\/97843"}],"collection":[{"href":"https:\/\/senoticias.com.br\/se\/wp-json\/wp\/v2\/posts"}],"about":[{"href":"https:\/\/senoticias.com.br\/se\/wp-json\/wp\/v2\/types\/post"}],"author":[{"embeddable":true,"href":"https:\/\/senoticias.com.br\/se\/wp-json\/wp\/v2\/users\/5618"}],"replies":[{"embeddable":true,"href":"https:\/\/senoticias.com.br\/se\/wp-json\/wp\/v2\/comments?post=97843"}],"version-history":[{"count":0,"href":"https:\/\/senoticias.com.br\/se\/wp-json\/wp\/v2\/posts\/97843\/revisions"}],"wp:featuredmedia":[{"embeddable":true,"href":"https:\/\/senoticias.com.br\/se\/wp-json\/wp\/v2\/media\/97844"}],"wp:attachment":[{"href":"https:\/\/senoticias.com.br\/se\/wp-json\/wp\/v2\/media?parent=97843"}],"wp:term":[{"taxonomy":"category","embeddable":true,"href":"https:\/\/senoticias.com.br\/se\/wp-json\/wp\/v2\/categories?post=97843"},{"taxonomy":"post_tag","embeddable":true,"href":"https:\/\/senoticias.com.br\/se\/wp-json\/wp\/v2\/tags?post=97843"}],"curies":[{"name":"wp","href":"https:\/\/api.w.org\/{rel}","templated":true}]}}