{"id":97841,"date":"2016-11-10T11:19:23","date_gmt":"2016-11-10T14:19:23","guid":{"rendered":"http:\/\/senoticias.com.br\/se\/?p=97841"},"modified":"2016-11-10T11:19:23","modified_gmt":"2016-11-10T14:19:23","slug":"luciano-pimentel-diz-que-emenda-dos-r-100-milhoes-para-codevasf-resgata-divida-social-com-todo-o-baixo","status":"publish","type":"post","link":"https:\/\/senoticias.com.br\/se\/luciano-pimentel-diz-que-emenda-dos-r-100-milhoes-para-codevasf-resgata-divida-social-com-todo-o-baixo\/","title":{"rendered":"Luciano Pimentel diz que emenda dos R$ 100 milh\u00f5es para Codevasf resgata d\u00edvida social com todo o Baixo"},"content":{"rendered":"<p style=\"text-align: justify\">O deputado estadual Luciano Pimentel, PSB, fez um duro pronunciamento na Assembleia de Sergipe nesta quarta-feira criticando os pol\u00edticos que criticam e reprovam a emenda impositiva de R$ 100 milh\u00f5es colocada pelo senador Ant\u00f4nio Carlos Valadares, PSB, com apoio da bancada de Sergipe, para investimento em projetos desenvolvidos pela Codevasf \u2013 Companhia de Desenvolvimento dos Vales do S\u00e3o Francisco e do Parna\u00edba \u2013 em todo o Baixo S\u00e3o Francisco, composto por 14 munic\u00edpios, mas cujo alcance contemplar\u00e1 a cerca de 28 munic\u00edpios.<\/p>\n<div id=\"attachment_97842\" style=\"width: 608px\" class=\"wp-caption aligncenter\"><a href=\"http:\/\/senoticias.com.br\/se\/wp-content\/uploads\/2016\/11\/5824614b88bc3-reduzirfotos-com-e1478787436211.jpg\"><img loading=\"lazy\" decoding=\"async\" aria-describedby=\"caption-attachment-97842\" class=\"size-full wp-image-97842\" src=\"http:\/\/senoticias.com.br\/se\/wp-content\/uploads\/2016\/11\/5824614b88bc3-reduzirfotos-com-e1478787436211.jpg\" alt=\"Foto: Ascom Parlamentar\" width=\"598\" height=\"399\" \/><\/a><p id=\"caption-attachment-97842\" class=\"wp-caption-text\">Foto: Ascom Parlamentar<\/p><\/div>\n<p style=\"text-align: justify\">O Baixo S\u00e3o Francisco \u00e9, de longe, a mais pobre de todas as regi\u00f5es do Estado de Sergipe. Para Luciano Pimentel, antes de qualquer cr\u00edtica \u00e0 emenda impositiva, esta condi\u00e7\u00e3o de exclus\u00e3o econ\u00f4mica do Baixo deve ser levada em conta. E esta vis\u00e3o social de Pimentel, em rela\u00e7\u00e3o ao Baixo S\u00e3o Francisco, seus problemas e a necessidade de potencializ\u00e1-lo n\u00e3o \u00e9 de hoje. Nem est\u00e1 apenas a servi\u00e7o da defesa da emenda dos R$ 100 milh\u00f5es que ele considera \u201cjusta e necess\u00e1ria\u201d.<\/p>\n<p style=\"text-align: justify\">No dia 21 de outubro do ano passado, a Assembleia Legislativa realizou a sua quarta sess\u00e3o itinerante do ano no Estado e selecionou Ne\u00f3polis com o pretexto de se discutir pol\u00edticas de inclus\u00e3o do Baixo no desenvolvimento econ\u00f4mico sergipano. Ali, Luciano Pimentel fez um discurso tocante em defesa da regi\u00e3o e dos seus pouco mais de 160 mil habitantes. \u201cO Baixo precisa de qualidade de vida. Precisa de desenvolvimento, e para isso ele tem um potencial riqu\u00edssimo at\u00e9 no turismo. \u00c9 uma regi\u00e3o das mais belas do Estado, e n\u00e3o usa esta potencialidade\u201d, disse ele, em discurso no plen\u00e1rio naquele dia 21.<\/p>\n<p style=\"text-align: justify\">\u201cOs problemas do Baixo j\u00e1 se t\u00eam um diagn\u00f3stico dado por todos: s\u00f3 necessita de a\u00e7\u00e3o. Precisamos todos nos unir em busca do Governo do Estado para promover um grande f\u00f3rum de debates nesta regi\u00e3o. N\u00e3o mais para identificar os problemas, posto j\u00e1 estarem identificados, mas para trazer para c\u00e1 os representantes dos organismos dos Governos Federal e Estadual e que cada um diga o que pode fazer para favorecer o desenvolvimento da regi\u00e3o. O Baixo S\u00e3o Francisco clama, de forma urgente, por a\u00e7\u00f5es do poder p\u00fablico\u201d, disse ele, ainda no discurso de um ano atr\u00e1s.<\/p>\n<p style=\"text-align: justify\">Ontem, Luciano Pimentel voltou ao tema. \u201cEu considero esta emenda impositiva de agora como uma resposta \u00e0quele clamor meu e de outros parlamentares que ali discursaram em defesa de um Baixo mais justo social e economicamente\u201d, disse nesta quarta. \u201cOs investimentos da Codevasf ser\u00e3o nos munic\u00edpios que possuem o menor IDH do Brasil, a exemplo de Propri\u00e1, Telha, Cedro, Ne\u00f3polis, Brejo Grande, Ilha das Flores, Pacatuba, Santana do S\u00e3o Francisco, entre outros. Os investimentos de maior vulto da Codevasf naquela regi\u00e3o foram realizados h\u00e1 mais de 40 anos, estando hoje em grande parte sucateados, necessitando de novos investimentos para aquele povo que vive da rizicultura e da pesca e que estava precisando tenha a situa\u00e7\u00e3o minorada\u201d, esclareceu.<\/p>\n<p style=\"text-align: justify\">Para Luciano Pimentel, os parlamentares federais que se subscreveram a emenda dos R$ 100 milh\u00f5es agora questionada por alguns colegas seus de parlamento estadual manifestaram compromisso social e merecem elogio por isso. \u201cNenhum parlamentar federal sergipano \u2013 nem os tr\u00eas senadores e nem os oito deputados federais \u2013 se recusara a assinar essa emenda que visa a melhoria da qualidade de vida daquele povo, que visa minorar a situa\u00e7\u00e3o daquele povo que vive da rizicultura e da pesca. Eu quero aqui ressaltar a import\u00e2ncia que tem essa emenda. N\u00e3o precisamos deslocar uma emenda que beneficiar\u00e1 os carentes do Baixo S\u00e3o Francisco\u201d, sustentou Pimentel.<\/p>\n<p style=\"text-align: justify\">Para Luciano, \u00e9 uma inconsequ\u00eancia econ\u00f4mica e social que se pe\u00e7a mudan\u00e7a no itiner\u00e1rio desses recursos \u201caprovados e assinados por todos os parlamentares sergipanos\u201d destinados ao Baixo. \u201cPortanto, quero aqui ressaltar a import\u00e2ncia que essa emenda tem para o Baixo S\u00e3o Francisco e para a melhoria de qualidade de vida daquele povo e para a recupera\u00e7\u00e3o da rizicultura e da psicultura daquela regi\u00e3o\u201d, afirmou.<\/p>\n<p style=\"text-align: justify\">Um ano atr\u00e1s, Luciano Pimentel deu como dado daquela regi\u00e3o a informa\u00e7\u00e3o preocupante de que \u201co Baixo cresceu nos \u00faltimos 10 anos \u00e0 ordem de 5,1%, enquanto o Estado cresceu 15,9%\u201d. Para ele, ningu\u00e9m pode fechar os olhos a esta realidade. \u201cIsso \u00e9 uma demonstra\u00e7\u00e3o das dificuldades que ele (o Baixo) tem para a sobreviv\u00eancia das suas fam\u00edlias, o que repercute no seu desenvolvimento, no seu crescimento\u201d, disse o parlamentar.<\/p>\n<p style=\"text-align: justify\">Para fazer valer o vi\u00e9s do fraco desempenho socioecon\u00f4mico, munic\u00edpios da regi\u00e3o angariam p\u00e9ssimos desempenhos no \u00cdndice de Desenvolvimento Urbano de Remunera\u00e7\u00e3o \u2013 IDHR -, como Pacatuba, que fica em 74\u00ba lugar, Ilha das Flores, em 73\u00ba, Brejo Grande, em 72\u00ba, e at\u00e9 a Ne\u00f3polis, que concentra a segunda maior quantidade de empreendimentos industriais e comerciais da regi\u00e3o depois de Propri\u00e1, fica em 37\u00ba. \u201cIndependentemente de se pertencer ou n\u00e3o \u00e0quela regi\u00e3o, creio que a emenda dos parlamentares federais de Sergipe para a Codesvasf deve ser motivo de orgulho para todos n\u00f3s\u201d, arrematou Luciano Pimentel.<\/p>\n<p><strong>Acompanhe tamb\u00e9m o SE Not\u00edcias no<\/strong><strong>\u00a0<\/strong><strong><a href=\"https:\/\/twitter.com\/Senoticias\">Twitter<\/a>,<\/strong><strong>\u00a0<\/strong><strong><a href=\"https:\/\/www.facebook.com\/senoticias1\">Facebook<\/a><\/strong><strong>\u00a0<\/strong><strong>e no<\/strong><a href=\"https:\/\/www.instagram.com\/senoticias\/\"><strong>\u00a0<\/strong><strong>Instagram.<\/strong><\/a><\/p>\n<p style=\"text-align: justify\"><a href=\"http:\/\/senoticias.com.br\/se\/wp-content\/uploads\/2016\/11\/Logo-fone-1-2-1.jpg\"><img loading=\"lazy\" decoding=\"async\" class=\"aligncenter size-full wp-image-97770\" src=\"http:\/\/senoticias.com.br\/se\/wp-content\/uploads\/2016\/11\/Logo-fone-1-2-1.jpg\" alt=\"logo-fone-1-2-1\" width=\"599\" height=\"78\" srcset=\"https:\/\/senoticias.com.br\/se\/wp-content\/uploads\/2016\/11\/Logo-fone-1-2-1.jpg 599w, https:\/\/senoticias.com.br\/se\/wp-content\/uploads\/2016\/11\/Logo-fone-1-2-1-300x39.jpg 300w\" sizes=\"(max-width: 599px) 100vw, 599px\" \/><\/a><\/p>\n<p style=\"text-align: justify\">Texto e Foto: Ascom Parlamentar<\/p>\n","protected":false},"excerpt":{"rendered":"<p>O deputado estadual Luciano Pimentel, PSB, fez um duro pronunciamento na Assembleia de Sergipe nesta quarta-feira criticando os pol\u00edticos que criticam e reprovam a emenda impositiva de R$ 100 milh\u00f5es colocada pelo senador Ant\u00f4nio Carlos Valadares, PSB, com apoio da bancada de Sergipe, para investimento em projetos desenvolvidos pela Codevasf \u2013 Companhia de Desenvolvimento dos [&hellip;]<\/p>\n","protected":false},"author":5618,"featured_media":97842,"comment_status":"closed","ping_status":"closed","sticky":false,"template":"","format":"standard","meta":{"footnotes":""},"categories":[6],"tags":[],"class_list":{"0":"post-97841","1":"post","2":"type-post","3":"status-publish","4":"format-standard","5":"has-post-thumbnail","7":"category-politica"},"_links":{"self":[{"href":"https:\/\/senoticias.com.br\/se\/wp-json\/wp\/v2\/posts\/97841"}],"collection":[{"href":"https:\/\/senoticias.com.br\/se\/wp-json\/wp\/v2\/posts"}],"about":[{"href":"https:\/\/senoticias.com.br\/se\/wp-json\/wp\/v2\/types\/post"}],"author":[{"embeddable":true,"href":"https:\/\/senoticias.com.br\/se\/wp-json\/wp\/v2\/users\/5618"}],"replies":[{"embeddable":true,"href":"https:\/\/senoticias.com.br\/se\/wp-json\/wp\/v2\/comments?post=97841"}],"version-history":[{"count":0,"href":"https:\/\/senoticias.com.br\/se\/wp-json\/wp\/v2\/posts\/97841\/revisions"}],"wp:featuredmedia":[{"embeddable":true,"href":"https:\/\/senoticias.com.br\/se\/wp-json\/wp\/v2\/media\/97842"}],"wp:attachment":[{"href":"https:\/\/senoticias.com.br\/se\/wp-json\/wp\/v2\/media?parent=97841"}],"wp:term":[{"taxonomy":"category","embeddable":true,"href":"https:\/\/senoticias.com.br\/se\/wp-json\/wp\/v2\/categories?post=97841"},{"taxonomy":"post_tag","embeddable":true,"href":"https:\/\/senoticias.com.br\/se\/wp-json\/wp\/v2\/tags?post=97841"}],"curies":[{"name":"wp","href":"https:\/\/api.w.org\/{rel}","templated":true}]}}