{"id":97840,"date":"2016-11-10T11:03:20","date_gmt":"2016-11-10T14:03:20","guid":{"rendered":"http:\/\/senoticias.com.br\/se\/?p=97840"},"modified":"2016-11-10T16:07:38","modified_gmt":"2016-11-10T19:07:38","slug":"ifs-seleciona-orientadores-e-professores-para-atuacao-no-pronatec","status":"publish","type":"post","link":"https:\/\/senoticias.com.br\/se\/ifs-seleciona-orientadores-e-professores-para-atuacao-no-pronatec\/","title":{"rendered":"IFS seleciona orientadores e professores para atua\u00e7\u00e3o no Pronatec"},"content":{"rendered":"<p style=\"text-align: justify;\">At\u00e9 segunda-feira (14), o Instituto Federal de Sergipe (IFS) est\u00e1 com inscri\u00e7\u00f5es abertas em dois editais de sele\u00e7\u00e3o de professores e orientadores dos cursos de Forma\u00e7\u00e3o Inicial Continuada (FIC) vinculados ao Pronatec para forma\u00e7\u00e3o de cadastro de reserva. Podem participar da sele\u00e7\u00e3o tanto servidores ativos e inativos da institui\u00e7\u00e3o quanto membros da comunidade externa.<\/p>\n<div id=\"attachment_53374\" style=\"width: 608px\" class=\"wp-caption aligncenter\"><a href=\"http:\/\/senoticias.com.br\/se\/wp-content\/uploads\/2013\/10\/grande-IFS_28122011-e1447780282137.jpg\"><img loading=\"lazy\" decoding=\"async\" aria-describedby=\"caption-attachment-53374\" class=\"size-full wp-image-53374\" src=\"http:\/\/senoticias.com.br\/se\/wp-content\/uploads\/2013\/10\/grande-IFS_28122011-e1447780282137.jpg\" alt=\"(Foto: Reprodu\u00e7\u00e3o\/Net) \" width=\"598\" height=\"397\" \/><\/a><p id=\"caption-attachment-53374\" class=\"wp-caption-text\">(Foto: Reprodu\u00e7\u00e3o\/Net)<\/p><\/div>\n<p style=\"text-align: justify;\">H\u00e1 vagas para cidades como Aracaju, Indiaroba, Lagarto e Tobias Barreto, em diversas \u00e1reas de conhecimento, como Administra\u00e7\u00e3o, Ci\u00eancias Agr\u00edcolas, Engenharias, Economia, Seguran\u00e7a no Trabalho, Medicina Veterin\u00e1ria, Matem\u00e1tica e Direito. O valor da bolsa para professor \u00e9 de R$ 50 por hora e a de orientador \u00e9 de R$ 36, com cargas hor\u00e1rias m\u00e1ximas mensais de 64 e 80 horas, respectivamente.<br \/>\nAs inscri\u00e7\u00f5es s\u00e3o gratuitas e devem ser feitas presencialmente na coordena\u00e7\u00e3o de Recursos Humanos do Pronatec, localizada na Rua Francisco Portugal, 150, Salgado Filho. O resultado preliminar da sele\u00e7\u00e3o deve ser divulgado no dia 21 de novembro, seguido da divulga\u00e7\u00e3o do resultado final, no dia 25 do mesmo m\u00eas.<\/p>\n<p style=\"text-align: justify;\"><strong>Acompanhe tamb\u00e9m o SE Not\u00edcias no<\/strong><strong>\u00a0<\/strong><strong><a href=\"https:\/\/twitter.com\/Senoticias\">Twitter<\/a>,<\/strong><strong>\u00a0<\/strong><strong><a href=\"https:\/\/www.facebook.com\/senoticias1\">Facebook<\/a><\/strong><strong>\u00a0<\/strong><strong>e no<\/strong><a href=\"https:\/\/www.instagram.com\/senoticias\/\"><strong>\u00a0<\/strong><strong>Instagram.<\/strong><\/a><\/p>\n<p style=\"text-align: justify;\"><a href=\"http:\/\/senoticias.com.br\/se\/wp-content\/uploads\/2016\/11\/Logo-fone-1-2-1.jpg\"><img loading=\"lazy\" decoding=\"async\" class=\"aligncenter size-full wp-image-97770\" src=\"http:\/\/senoticias.com.br\/se\/wp-content\/uploads\/2016\/11\/Logo-fone-1-2-1.jpg\" alt=\"logo-fone-1-2-1\" width=\"599\" height=\"78\" srcset=\"https:\/\/senoticias.com.br\/se\/wp-content\/uploads\/2016\/11\/Logo-fone-1-2-1.jpg 599w, https:\/\/senoticias.com.br\/se\/wp-content\/uploads\/2016\/11\/Logo-fone-1-2-1-300x39.jpg 300w\" sizes=\"(max-width: 599px) 100vw, 599px\" \/><\/a><\/p>\n<p style=\"text-align: justify;\">Informa\u00e7\u00f5es do G1 SE<\/p>\n","protected":false},"excerpt":{"rendered":"<p>At\u00e9 segunda-feira (14), o Instituto Federal de Sergipe (IFS) est\u00e1 com inscri\u00e7\u00f5es abertas em dois editais de sele\u00e7\u00e3o de professores e orientadores dos cursos de Forma\u00e7\u00e3o Inicial Continuada (FIC) vinculados ao Pronatec para forma\u00e7\u00e3o de cadastro de reserva. Podem participar da sele\u00e7\u00e3o tanto servidores ativos e inativos da institui\u00e7\u00e3o quanto membros da comunidade externa. H\u00e1 [&hellip;]<\/p>\n","protected":false},"author":5618,"featured_media":53374,"comment_status":"closed","ping_status":"closed","sticky":false,"template":"","format":"standard","meta":{"footnotes":""},"categories":[6],"tags":[1589],"class_list":{"0":"post-97840","1":"post","2":"type-post","3":"status-publish","4":"format-standard","5":"has-post-thumbnail","7":"category-politica","8":"tag-ifs-seleciona-orientadores-e-professores-para-atuacao-no-pronatec"},"_links":{"self":[{"href":"https:\/\/senoticias.com.br\/se\/wp-json\/wp\/v2\/posts\/97840"}],"collection":[{"href":"https:\/\/senoticias.com.br\/se\/wp-json\/wp\/v2\/posts"}],"about":[{"href":"https:\/\/senoticias.com.br\/se\/wp-json\/wp\/v2\/types\/post"}],"author":[{"embeddable":true,"href":"https:\/\/senoticias.com.br\/se\/wp-json\/wp\/v2\/users\/5618"}],"replies":[{"embeddable":true,"href":"https:\/\/senoticias.com.br\/se\/wp-json\/wp\/v2\/comments?post=97840"}],"version-history":[{"count":0,"href":"https:\/\/senoticias.com.br\/se\/wp-json\/wp\/v2\/posts\/97840\/revisions"}],"wp:featuredmedia":[{"embeddable":true,"href":"https:\/\/senoticias.com.br\/se\/wp-json\/wp\/v2\/media\/53374"}],"wp:attachment":[{"href":"https:\/\/senoticias.com.br\/se\/wp-json\/wp\/v2\/media?parent=97840"}],"wp:term":[{"taxonomy":"category","embeddable":true,"href":"https:\/\/senoticias.com.br\/se\/wp-json\/wp\/v2\/categories?post=97840"},{"taxonomy":"post_tag","embeddable":true,"href":"https:\/\/senoticias.com.br\/se\/wp-json\/wp\/v2\/tags?post=97840"}],"curies":[{"name":"wp","href":"https:\/\/api.w.org\/{rel}","templated":true}]}}