{"id":97839,"date":"2016-11-10T10:59:57","date_gmt":"2016-11-10T13:59:57","guid":{"rendered":"http:\/\/senoticias.com.br\/se\/?p=97839"},"modified":"2016-11-10T10:59:57","modified_gmt":"2016-11-10T13:59:57","slug":"operacao-antidesmonte-mantem-bloqueio-de-contas-de-telha","status":"publish","type":"post","link":"https:\/\/senoticias.com.br\/se\/operacao-antidesmonte-mantem-bloqueio-de-contas-de-telha\/","title":{"rendered":"\u2018Opera\u00e7\u00e3o Antidesmonte\u2019 mant\u00e9m bloqueio de contas de Telha"},"content":{"rendered":"<p style=\"text-align: justify\">Ap\u00f3s ter todas as movimenta\u00e7\u00f5es financeiras suspensas at\u00e9 que comprovasse o pagamento atrasado dos servidores, a pedido do Minist\u00e9rio P\u00fablico de Sergipe atrav\u00e9s da \u201cOpera\u00e7\u00e3o Antidesmonte\u201d, a Prefeitura Municipal de Telha pediu a suspens\u00e3o da decis\u00e3o junto ao Tribunal de Justi\u00e7a de Sergipe. O TJ indeferiu o pedido de mantendo a decis\u00e3o liminar.<\/p>\n<p style=\"text-align: justify\"><a href=\"http:\/\/senoticias.com.br\/se\/wp-content\/uploads\/2016\/10\/Pleno-Tribunal-de-Justica-SE-Noticias.jpg\"><img loading=\"lazy\" decoding=\"async\" class=\"aligncenter size-full wp-image-96688\" src=\"http:\/\/senoticias.com.br\/se\/wp-content\/uploads\/2016\/10\/Pleno-Tribunal-de-Justica-SE-Noticias.jpg\" alt=\"pleno-tribunal-de-justica-se-noticias\" width=\"400\" height=\"268\" srcset=\"https:\/\/senoticias.com.br\/se\/wp-content\/uploads\/2016\/10\/Pleno-Tribunal-de-Justica-SE-Noticias.jpg 400w, https:\/\/senoticias.com.br\/se\/wp-content\/uploads\/2016\/10\/Pleno-Tribunal-de-Justica-SE-Noticias-300x201.jpg 300w, https:\/\/senoticias.com.br\/se\/wp-content\/uploads\/2016\/10\/Pleno-Tribunal-de-Justica-SE-Noticias-90x60.jpg 90w, https:\/\/senoticias.com.br\/se\/wp-content\/uploads\/2016\/10\/Pleno-Tribunal-de-Justica-SE-Noticias-180x120.jpg 180w, https:\/\/senoticias.com.br\/se\/wp-content\/uploads\/2016\/10\/Pleno-Tribunal-de-Justica-SE-Noticias-95x64.jpg 95w\" sizes=\"(max-width: 400px) 100vw, 400px\" \/><\/a><br \/>\n\u201cN\u00e3o podemos ignorar que um atraso salarial quando a arrecada\u00e7\u00e3o est\u00e1 devidamente regularizada desde 2015, reflete uma m\u00e1 administra\u00e7\u00e3o, no m\u00ednimo, desatenta \u00e0s prioridades essenciais que autoriza a interven\u00e7\u00e3o do Judici\u00e1rio\u201d, afirma o presidente do TJ, desembargador Lu\u00eds Mendon\u00e7a.<br \/>\nSegundo a alega\u00e7\u00e3o do Executivo Municipal, a restri\u00e7\u00e3o das movimenta\u00e7\u00f5es banc\u00e1rias limitou a gest\u00e3o do dinheiro p\u00fablico, causando risco a ordem administrativa e ao interesse p\u00fablico.<\/p>\n<p style=\"text-align: justify\">Por\u00e9m, para o desembargador, o deferimento da medida liminar pressup\u00f5e a presen\u00e7a da relev\u00e2ncia dos fundamentos invocados na ACP. \u201cEst\u00e1 devidamente comprovado nos autos que o Munic\u00edpio de Telha despendeu valores exorbitantes nos exerc\u00edcios de 2014, 2015 e 2016 com gastos sup\u00e9rfluos, tais quais: Shows e apresenta\u00e7\u00f5es art\u00edsticas de bandas, priorizando as festas ao pagamento em dia do sal\u00e1rio dos servidores, o que n\u00e3o \u00e9 constitucionalmente admitido\u201d, pontuou o Presidente do TJ.<br \/>\n\u201cN\u00e3o entendo que a perman\u00eancia da restri\u00e7\u00e3o das contas municipais acarrete graves preju\u00edzos \u00e0 ordem p\u00fablica e econ\u00f4mica. Pelo contr\u00e1rio, a manuten\u00e7\u00e3o da decis\u00e3o visa restaurar a ordem p\u00fablica e econ\u00f4mica perdida, momentaneamente, no Munic\u00edpio de telha\u201d, conclui o desembargador.<br \/>\nO prefeito do munic\u00edpio de Telha, Domingo dos Santos Neto (PSC), afirmou que teve uma reuni\u00e3o, nesta ter\u00e7a-feira (8), na Comarca do munic\u00edpio de Propri\u00e1, com um juiz e tamb\u00e9m com um promotor do MPE. Ele afirma que a partir desta quinta-feira (9), todos os servidores ir\u00e3o receber os sal\u00e1rios de setembro e outubro.<\/p>\n<p><strong>Acompanhe tamb\u00e9m o SE Not\u00edcias no<\/strong><strong>\u00a0<\/strong><strong><a href=\"https:\/\/twitter.com\/Senoticias\">Twitter<\/a>,<\/strong><strong>\u00a0<\/strong><strong><a href=\"https:\/\/www.facebook.com\/senoticias1\">Facebook<\/a><\/strong><strong>\u00a0<\/strong><strong>e no<\/strong><a href=\"https:\/\/www.instagram.com\/senoticias\/\"><strong>\u00a0<\/strong><strong>Instagram.<\/strong><\/a><\/p>\n<p style=\"text-align: justify\"><a href=\"http:\/\/senoticias.com.br\/se\/wp-content\/uploads\/2016\/11\/Logo-fone-1-2-1.jpg\"><img loading=\"lazy\" decoding=\"async\" class=\"aligncenter size-full wp-image-97770\" src=\"http:\/\/senoticias.com.br\/se\/wp-content\/uploads\/2016\/11\/Logo-fone-1-2-1.jpg\" alt=\"logo-fone-1-2-1\" width=\"599\" height=\"78\" srcset=\"https:\/\/senoticias.com.br\/se\/wp-content\/uploads\/2016\/11\/Logo-fone-1-2-1.jpg 599w, https:\/\/senoticias.com.br\/se\/wp-content\/uploads\/2016\/11\/Logo-fone-1-2-1-300x39.jpg 300w\" sizes=\"(max-width: 599px) 100vw, 599px\" \/><\/a><\/p>\n<p style=\"text-align: justify\">Informa\u00e7\u00f5es do G1 SE<\/p>\n","protected":false},"excerpt":{"rendered":"<p>Ap\u00f3s ter todas as movimenta\u00e7\u00f5es financeiras suspensas at\u00e9 que comprovasse o pagamento atrasado dos servidores, a pedido do Minist\u00e9rio P\u00fablico de Sergipe atrav\u00e9s da \u201cOpera\u00e7\u00e3o Antidesmonte\u201d, a Prefeitura Municipal de Telha pediu a suspens\u00e3o da decis\u00e3o junto ao Tribunal de Justi\u00e7a de Sergipe. O TJ indeferiu o pedido de mantendo a decis\u00e3o liminar. \u201cN\u00e3o podemos [&hellip;]<\/p>\n","protected":false},"author":5618,"featured_media":90946,"comment_status":"closed","ping_status":"closed","sticky":false,"template":"","format":"standard","meta":{"footnotes":""},"categories":[38],"tags":[1588],"class_list":{"0":"post-97839","1":"post","2":"type-post","3":"status-publish","4":"format-standard","5":"has-post-thumbnail","7":"category-municipios","8":"tag-operacao-antidesmonte-mantem-bloqueio-de-contas-de-telha"},"_links":{"self":[{"href":"https:\/\/senoticias.com.br\/se\/wp-json\/wp\/v2\/posts\/97839"}],"collection":[{"href":"https:\/\/senoticias.com.br\/se\/wp-json\/wp\/v2\/posts"}],"about":[{"href":"https:\/\/senoticias.com.br\/se\/wp-json\/wp\/v2\/types\/post"}],"author":[{"embeddable":true,"href":"https:\/\/senoticias.com.br\/se\/wp-json\/wp\/v2\/users\/5618"}],"replies":[{"embeddable":true,"href":"https:\/\/senoticias.com.br\/se\/wp-json\/wp\/v2\/comments?post=97839"}],"version-history":[{"count":0,"href":"https:\/\/senoticias.com.br\/se\/wp-json\/wp\/v2\/posts\/97839\/revisions"}],"wp:featuredmedia":[{"embeddable":true,"href":"https:\/\/senoticias.com.br\/se\/wp-json\/wp\/v2\/media\/90946"}],"wp:attachment":[{"href":"https:\/\/senoticias.com.br\/se\/wp-json\/wp\/v2\/media?parent=97839"}],"wp:term":[{"taxonomy":"category","embeddable":true,"href":"https:\/\/senoticias.com.br\/se\/wp-json\/wp\/v2\/categories?post=97839"},{"taxonomy":"post_tag","embeddable":true,"href":"https:\/\/senoticias.com.br\/se\/wp-json\/wp\/v2\/tags?post=97839"}],"curies":[{"name":"wp","href":"https:\/\/api.w.org\/{rel}","templated":true}]}}