{"id":97834,"date":"2016-11-10T09:22:29","date_gmt":"2016-11-10T12:22:29","guid":{"rendered":"http:\/\/senoticias.com.br\/se\/?p=97834"},"modified":"2016-11-10T09:22:29","modified_gmt":"2016-11-10T12:22:29","slug":"hemose-reforca-a-importancia-da-ingestao-de-liquidos-por-doadores","status":"publish","type":"post","link":"https:\/\/senoticias.com.br\/se\/hemose-reforca-a-importancia-da-ingestao-de-liquidos-por-doadores\/","title":{"rendered":"Hemose refor\u00e7a a import\u00e2ncia da ingest\u00e3o de l\u00edquidos por doadores"},"content":{"rendered":"<p style=\"text-align: justify\">A altera\u00e7\u00e3o da press\u00e3o arterial, da frequ\u00eancia card\u00edaca e da espessura do sangue s\u00e3o alguns dos desconfortos provocados \u00e0 sa\u00fade, em decorr\u00eancia da eleva\u00e7\u00e3o da temperatura associada \u00e0 forte sensa\u00e7\u00e3o de calor. O m\u00e9dico Alexandre Mans\u00e3o, do Centro de Hemoterapia de Sergipe (Hemose), alerta aos doadores de sangue para necessidade de aumentar o consumo de l\u00edquidos, em especial, \u00e1gua e sucos naturais, antes e ap\u00f3s a doa\u00e7\u00e3o.<\/p>\n<div id=\"attachment_97835\" style=\"width: 608px\" class=\"wp-caption aligncenter\"><a href=\"http:\/\/senoticias.com.br\/se\/wp-content\/uploads\/2016\/11\/Hemose-doa\u00e7\u00e3o-de-Sangue-SE-Noticias-e1478780486560.jpg\"><img loading=\"lazy\" decoding=\"async\" aria-describedby=\"caption-attachment-97835\" class=\"size-full wp-image-97835\" src=\"http:\/\/senoticias.com.br\/se\/wp-content\/uploads\/2016\/11\/Hemose-doa\u00e7\u00e3o-de-Sangue-SE-Noticias-e1478780486560.jpg\" alt=\"Hemose refor\u00e7a a import\u00e2ncia da ingest\u00e3o de l\u00edquidos por doadores\/ Fotos: Ascom\/SES\" width=\"598\" height=\"398\" \/><\/a><p id=\"caption-attachment-97835\" class=\"wp-caption-text\">Hemose refor\u00e7a a import\u00e2ncia da ingest\u00e3o de l\u00edquidos por doadores\/ Fotos: Ascom\/SES<\/p><\/div>\n<p style=\"text-align: justify\">Como um dos crit\u00e9rios para realizar a doa\u00e7\u00e3o \u00e9 estar bem de sa\u00fade, o m\u00e9dico explica que o volunt\u00e1rio deve ficar atento para o estado de hidrata\u00e7\u00e3o. Ele lembra que Sergipe tem calor o ano todo, mesmo nos meses mais frios. \u201cEssa situa\u00e7\u00e3o se agrava ao lembrarmos que as pessoas, em sua maioria, t\u00eam o h\u00e1bito de tomar pouca \u00e1gua e consumir muito refrigerante, que n\u00e3o \u00e9 o liquido correto, quando falamos em hidrata\u00e7\u00e3o do organismo. O triador cl\u00ednico do Hemose \u00e9 treinado para avaliar as condi\u00e7\u00f5es de sa\u00fade do volunt\u00e1rio\u201d, ressalta.<\/p>\n<p style=\"text-align: justify\">O especialista alerta que, devido \u00e0 falta de hidrata\u00e7\u00e3o no organismo, o sangue sofre um aumento da viscosidade, o que torna a veia mais dif\u00edcil de procurar, ocasionando um desconforto no momento da pun\u00e7\u00e3o para coleta da bolsa de sangue.<\/p>\n<p style=\"text-align: justify\">\u201cEm uma situa\u00e7\u00e3o normal, o acesso da veia \u00e9 r\u00e1pido. Nesse caso, a coleta do sangue dura de cinco a oito minutos. Do contr\u00e1rio, a passagem do sangue do doador para bolsa coletora pode levar at\u00e9 quinze minutos\u201d, detalha Alexandre Mans\u00e3o.<\/p>\n<p style=\"text-align: justify\">Conforme o m\u00e9dico, os cuidados de sa\u00fade preconizados pela legisla\u00e7\u00e3o do servi\u00e7o de doa\u00e7\u00e3o s\u00e3o orientados para garantir a seguran\u00e7a do doador e do receptor. \u201cTodas as recomenda\u00e7\u00f5es visam evitar que, ao final do processo, o doador tenha um mal estar como uma tontura ou uma vertigem, resultando em uma queda. As oscila\u00e7\u00f5es de press\u00e3o arterial e da frequ\u00eancia card\u00edaca podem ser evitados se o doador estiver bem hidratado e alimentado\u201d, ressalta.<\/p>\n<p style=\"text-align: justify\"><strong>Hidrata\u00e7\u00e3o ap\u00f3s a doa\u00e7\u00e3o<\/strong><\/p>\n<p style=\"text-align: justify\">De acordo com as normas t\u00e9cnicas do Minist\u00e9rio da Sa\u00fade (MS) e da Ag\u00eancia Nacional de Vigil\u00e2ncia Sanit\u00e1ria (Anvisa), que orientam o servi\u00e7o de coleta, produ\u00e7\u00e3o e dispensa\u00e7\u00e3o de sangue e hemocomponentes, a cada doa\u00e7\u00e3o \u00e9 retirado no m\u00e1ximo 450 ml de sangue. Da\u00ed a necessidade de refor\u00e7ar a hidrata\u00e7\u00e3o ap\u00f3s a coleta do sangue.<\/p>\n<p style=\"text-align: justify\">\u201cDurante a doa\u00e7\u00e3o, o indiv\u00edduo est\u00e1 perdendo essa quantidade do seu l\u00edquido, em um per\u00edodo muito curto de tempo. Por isso, o lanche oferecido ap\u00f3s a doa\u00e7\u00e3o precisa ser ingerido na unidade e, no caso de haver necessidade, o volunt\u00e1rio recebe toda assist\u00eancia pela equipe do hemocentro\u201d, conclui.<\/p>\n<p style=\"text-align: justify\"><strong>Doa\u00e7\u00e3o de sangue<\/strong><\/p>\n<p style=\"text-align: justify\">Est\u00e3o aptos a doar sangue candidatos em bom estado de sa\u00fade, idade entre 16 anos completos e 69 anos, peso acima de 50 Kg. Menor de 18 anos somente com termo de autoriza\u00e7\u00e3o dos pais ou respons\u00e1vel legal.<\/p>\n<p><strong>Acompanhe tamb\u00e9m o SE Not\u00edcias no<\/strong><strong>\u00a0<\/strong><strong><a href=\"https:\/\/twitter.com\/Senoticias\">Twitter<\/a>,<\/strong><strong>\u00a0<\/strong><strong><a href=\"https:\/\/www.facebook.com\/senoticias1\">Facebook<\/a><\/strong><strong>\u00a0<\/strong><strong>e no<\/strong><a href=\"https:\/\/www.instagram.com\/senoticias\/\"><strong>\u00a0<\/strong><strong>Instagram.<\/strong><\/a><\/p>\n<p style=\"text-align: justify\"><a href=\"http:\/\/senoticias.com.br\/se\/wp-content\/uploads\/2016\/11\/Logo-fone-1-2-1.jpg\"><img loading=\"lazy\" decoding=\"async\" class=\"aligncenter size-full wp-image-97770\" src=\"http:\/\/senoticias.com.br\/se\/wp-content\/uploads\/2016\/11\/Logo-fone-1-2-1.jpg\" alt=\"logo-fone-1-2-1\" width=\"599\" height=\"78\" srcset=\"https:\/\/senoticias.com.br\/se\/wp-content\/uploads\/2016\/11\/Logo-fone-1-2-1.jpg 599w, https:\/\/senoticias.com.br\/se\/wp-content\/uploads\/2016\/11\/Logo-fone-1-2-1-300x39.jpg 300w\" sizes=\"(max-width: 599px) 100vw, 599px\" \/><\/a><\/p>\n<p style=\"text-align: justify\">Informa\u00e7\u00f5es da Ag\u00eancia Sergipe de Noticias<\/p>\n","protected":false},"excerpt":{"rendered":"<p>A altera\u00e7\u00e3o da press\u00e3o arterial, da frequ\u00eancia card\u00edaca e da espessura do sangue s\u00e3o alguns dos desconfortos provocados \u00e0 sa\u00fade, em decorr\u00eancia da eleva\u00e7\u00e3o da temperatura associada \u00e0 forte sensa\u00e7\u00e3o de calor. O m\u00e9dico Alexandre Mans\u00e3o, do Centro de Hemoterapia de Sergipe (Hemose), alerta aos doadores de sangue para necessidade de aumentar o consumo de [&hellip;]<\/p>\n","protected":false},"author":5618,"featured_media":97835,"comment_status":"closed","ping_status":"closed","sticky":false,"template":"","format":"standard","meta":{"footnotes":""},"categories":[20,8],"tags":[1586],"class_list":{"0":"post-97834","1":"post","2":"type-post","3":"status-publish","4":"format-standard","5":"has-post-thumbnail","7":"category-saude","8":"category-esporte-e-cultura","9":"tag-hemose-reforca-a-importancia-da-ingestao-de-liquidos-por-doadores"},"_links":{"self":[{"href":"https:\/\/senoticias.com.br\/se\/wp-json\/wp\/v2\/posts\/97834"}],"collection":[{"href":"https:\/\/senoticias.com.br\/se\/wp-json\/wp\/v2\/posts"}],"about":[{"href":"https:\/\/senoticias.com.br\/se\/wp-json\/wp\/v2\/types\/post"}],"author":[{"embeddable":true,"href":"https:\/\/senoticias.com.br\/se\/wp-json\/wp\/v2\/users\/5618"}],"replies":[{"embeddable":true,"href":"https:\/\/senoticias.com.br\/se\/wp-json\/wp\/v2\/comments?post=97834"}],"version-history":[{"count":0,"href":"https:\/\/senoticias.com.br\/se\/wp-json\/wp\/v2\/posts\/97834\/revisions"}],"wp:featuredmedia":[{"embeddable":true,"href":"https:\/\/senoticias.com.br\/se\/wp-json\/wp\/v2\/media\/97835"}],"wp:attachment":[{"href":"https:\/\/senoticias.com.br\/se\/wp-json\/wp\/v2\/media?parent=97834"}],"wp:term":[{"taxonomy":"category","embeddable":true,"href":"https:\/\/senoticias.com.br\/se\/wp-json\/wp\/v2\/categories?post=97834"},{"taxonomy":"post_tag","embeddable":true,"href":"https:\/\/senoticias.com.br\/se\/wp-json\/wp\/v2\/tags?post=97834"}],"curies":[{"name":"wp","href":"https:\/\/api.w.org\/{rel}","templated":true}]}}