{"id":97832,"date":"2016-11-10T06:59:05","date_gmt":"2016-11-10T09:59:05","guid":{"rendered":"http:\/\/senoticias.com.br\/se\/?p=97832"},"modified":"2016-11-10T07:10:17","modified_gmt":"2016-11-10T10:10:17","slug":"sergipe-e-mais-dezessete-estados-aderem-ao-programa-de-saneamento-do-bndes","status":"publish","type":"post","link":"https:\/\/senoticias.com.br\/se\/sergipe-e-mais-dezessete-estados-aderem-ao-programa-de-saneamento-do-bndes\/","title":{"rendered":"Sergipe e mais dezessete estados aderem ao programa de saneamento do BNDES"},"content":{"rendered":"<p style=\"text-align: justify;\">O BNDES deu o primeiro passo para o programa de financiamento de projetos de saneamento nos Estados do pa\u00eds. Um edital foi lan\u00e7ado nesta quarta-feira (9) para que se fa\u00e7am estudos sobre modelos poss\u00edveis a serem adotados em substitui\u00e7\u00e3o a atua\u00e7\u00e3o das empresas estatais na presta\u00e7\u00e3o de servi\u00e7o de saneamento, al\u00e9m da amplia\u00e7\u00e3o das redes.<\/p>\n<div id=\"attachment_97002\" style=\"width: 570px\" class=\"wp-caption aligncenter\"><img loading=\"lazy\" decoding=\"async\" aria-describedby=\"caption-attachment-97002\" class=\"size-full wp-image-97002\" src=\"http:\/\/senoticias.com.br\/se\/wp-content\/uploads\/2016\/10\/Deso-SE-Noticias.jpg\" alt=\"Governo pode privatizar servi\u00e7o, por meio de empresas estatais, concess\u00e3o do servi\u00e7o ou PPP (Parceria P\u00fablico Privada). (Foto: arquivo\/ASN)\" width=\"560\" height=\"420\" srcset=\"https:\/\/senoticias.com.br\/se\/wp-content\/uploads\/2016\/10\/Deso-SE-Noticias.jpg 560w, https:\/\/senoticias.com.br\/se\/wp-content\/uploads\/2016\/10\/Deso-SE-Noticias-300x225.jpg 300w, https:\/\/senoticias.com.br\/se\/wp-content\/uploads\/2016\/10\/Deso-SE-Noticias-45x35.jpg 45w\" sizes=\"(max-width: 560px) 100vw, 560px\" \/><p id=\"caption-attachment-97002\" class=\"wp-caption-text\">Governo pode privatizar servi\u00e7o, por meio de empresas estatais, concess\u00e3o do servi\u00e7o ou PPP (Parceria P\u00fablico Privada). (Foto: arquivo\/ASN)<\/p><\/div>\n<p style=\"text-align: justify;\">A ideia \u00e9 que a iniciativa privada explore o servi\u00e7o, por meio da privatiza\u00e7\u00e3o de empresas estatais, concess\u00e3o do servi\u00e7o ou PPP (Parceria P\u00fablico Privada).<\/p>\n<p style=\"text-align: justify;\">Segundo o BNDES, 18 Estados j\u00e1 manifestaram ter interesse no programa de desestatiza\u00e7\u00e3o do servi\u00e7o de saneamento. O passo agora \u00e9 elaborar estudos para ver qual modelo se encaixa em cada local.<\/p>\n<p style=\"text-align: justify;\">Os interessados s\u00e3o Acre, Alagoas, Amap\u00e1, Amazonas, Bahia, Cear\u00e1, Maranh\u00e3o, Par\u00e1, Para\u00edba, Paran\u00e1, Pernambuco, Piau\u00ed, Rio de Janeiro, Rio Grande do Norte, Rond\u00f4nia, Santa Catarina, Sergipe e Tocantins. De acordo com o banco de fomento, outros Estados poder\u00e3o aderir ao programa no futuro.<\/p>\n<p style=\"text-align: justify;\">Segundo o superintendente da \u00e1rea de Desestatiza\u00e7\u00e3o do BNDES, Rodolfo Torres, a partir do edital lan\u00e7ado nesta quarta, h\u00e1 a expectativa de que as empresas estejam habilitadas a fazer os estudos a partir do primeiro trimestre do ano que vem. A conclus\u00e3o desses estudos deve ocorrer entre o terceiro e quarto trimestre de 2017.<\/p>\n<p><strong>FINANCIAMENTO<\/strong><\/p>\n<p style=\"text-align: justify;\">J\u00e1 o lan\u00e7amento de edital de licita\u00e7\u00e3o com o modelo definido de cada Estado s\u00f3 deve ocorrer no primeiro trimestre de 2018. Ou seja, somente daqui pouco mais de um ano que a assinatura dos contratos de privatiza\u00e7\u00e3o do servi\u00e7o de saneamento no pa\u00eds sejam assinados.<\/p>\n<p style=\"text-align: justify;\">A ideia \u00e9 que o BNDES financie at\u00e9 80% do investimento na amplia\u00e7\u00e3o das redes de \u00e1gua e esgoto nos Estados. Segundo Albuquerque, o banco conceder\u00e1 empr\u00e9stimos &#8220;com as melhores condi\u00e7\u00f5es poss\u00edveis&#8221;. Incidir\u00e1 sobre os cr\u00e9ditos do banco a TJLP (Taxa de Juro de Longo Prazo), atualmente em 7,5%, com prazo de pagamento de 20 anos.<\/p>\n<p style=\"text-align: justify;\"><img loading=\"lazy\" decoding=\"async\" class=\"aligncenter size-full wp-image-97770\" src=\"http:\/\/senoticias.com.br\/se\/wp-content\/uploads\/2016\/11\/Logo-fone-1-2-1.jpg\" alt=\"logo-fone-1-2-1\" width=\"599\" height=\"78\" srcset=\"https:\/\/senoticias.com.br\/se\/wp-content\/uploads\/2016\/11\/Logo-fone-1-2-1.jpg 599w, https:\/\/senoticias.com.br\/se\/wp-content\/uploads\/2016\/11\/Logo-fone-1-2-1-300x39.jpg 300w\" sizes=\"(max-width: 599px) 100vw, 599px\" \/><\/p>\n<p style=\"text-align: justify;\"><em><strong>Acompanhe tamb\u00e9m o SE Not\u00edcias no<\/strong><strong>\u00a0<\/strong><strong><a href=\"https:\/\/twitter.com\/Senoticias\">Twitter<\/a>,<\/strong><strong>\u00a0<\/strong><strong><a href=\"https:\/\/www.facebook.com\/senoticias1\">Facebook<\/a><\/strong><strong>\u00a0<\/strong><strong>e no<\/strong><a href=\"https:\/\/www.instagram.com\/senoticias\/\"><strong>\u00a0<\/strong><strong>Instagram<\/strong><\/a><\/em><\/p>\n<p><strong>Clique <a href=\"http:\/\/www1.folha.uol.com.br\/mercado\/2016\/11\/1830817-bndes-lanca-edital-para-definir-como-sera-privatizacao-do-saneamento.shtml\">AQUI<\/a> e leia mat\u00e9ria\u00a0na \u00edntegra na Folha de S\u00e3o Paulo\u00a0<\/strong><\/p>\n","protected":false},"excerpt":{"rendered":"<p>O BNDES deu o primeiro passo para o programa de financiamento de projetos de saneamento nos Estados do pa\u00eds. Um edital foi lan\u00e7ado nesta quarta-feira (9) para que se fa\u00e7am estudos sobre modelos poss\u00edveis a serem adotados em substitui\u00e7\u00e3o a atua\u00e7\u00e3o das empresas estatais na presta\u00e7\u00e3o de servi\u00e7o de saneamento, al\u00e9m da amplia\u00e7\u00e3o das redes. [&hellip;]<\/p>\n","protected":false},"author":2,"featured_media":97002,"comment_status":"closed","ping_status":"closed","sticky":false,"template":"","format":"standard","meta":{"footnotes":""},"categories":[15],"tags":[],"class_list":{"0":"post-97832","1":"post","2":"type-post","3":"status-publish","4":"format-standard","5":"has-post-thumbnail","7":"category-destaques"},"_links":{"self":[{"href":"https:\/\/senoticias.com.br\/se\/wp-json\/wp\/v2\/posts\/97832"}],"collection":[{"href":"https:\/\/senoticias.com.br\/se\/wp-json\/wp\/v2\/posts"}],"about":[{"href":"https:\/\/senoticias.com.br\/se\/wp-json\/wp\/v2\/types\/post"}],"author":[{"embeddable":true,"href":"https:\/\/senoticias.com.br\/se\/wp-json\/wp\/v2\/users\/2"}],"replies":[{"embeddable":true,"href":"https:\/\/senoticias.com.br\/se\/wp-json\/wp\/v2\/comments?post=97832"}],"version-history":[{"count":0,"href":"https:\/\/senoticias.com.br\/se\/wp-json\/wp\/v2\/posts\/97832\/revisions"}],"wp:featuredmedia":[{"embeddable":true,"href":"https:\/\/senoticias.com.br\/se\/wp-json\/wp\/v2\/media\/97002"}],"wp:attachment":[{"href":"https:\/\/senoticias.com.br\/se\/wp-json\/wp\/v2\/media?parent=97832"}],"wp:term":[{"taxonomy":"category","embeddable":true,"href":"https:\/\/senoticias.com.br\/se\/wp-json\/wp\/v2\/categories?post=97832"},{"taxonomy":"post_tag","embeddable":true,"href":"https:\/\/senoticias.com.br\/se\/wp-json\/wp\/v2\/tags?post=97832"}],"curies":[{"name":"wp","href":"https:\/\/api.w.org\/{rel}","templated":true}]}}