{"id":97829,"date":"2016-11-10T06:09:57","date_gmt":"2016-11-10T09:09:57","guid":{"rendered":"http:\/\/senoticias.com.br\/se\/?p=97829"},"modified":"2016-11-10T06:14:09","modified_gmt":"2016-11-10T09:14:09","slug":"97829-2","status":"publish","type":"post","link":"https:\/\/senoticias.com.br\/se\/97829-2\/","title":{"rendered":"Pol\u00edcia Federal cumpre 18 mandados da Lava Jato em SP, PR e Cear\u00e1"},"content":{"rendered":"<div id=\"attachment_97830\" style=\"width: 310px\" class=\"wp-caption alignleft\"><img loading=\"lazy\" decoding=\"async\" aria-describedby=\"caption-attachment-97830\" class=\"size-full wp-image-97830\" src=\"http:\/\/senoticias.com.br\/se\/wp-content\/uploads\/2016\/11\/operacao_saqueador-policia_federal-prisao_fabio_motta_estadao_conteudo_WX530GG.jpg\" alt=\"O empres\u00e1rio Adir Assad j\u00e1 estava preso e teve um novo mandado expedido (Foto: F\u00e1bio Motta\/Estad\u00e3o Conte\u00fado)\" width=\"300\" height=\"225\" srcset=\"https:\/\/senoticias.com.br\/se\/wp-content\/uploads\/2016\/11\/operacao_saqueador-policia_federal-prisao_fabio_motta_estadao_conteudo_WX530GG.jpg 300w, https:\/\/senoticias.com.br\/se\/wp-content\/uploads\/2016\/11\/operacao_saqueador-policia_federal-prisao_fabio_motta_estadao_conteudo_WX530GG-45x35.jpg 45w\" sizes=\"(max-width: 300px) 100vw, 300px\" \/><p id=\"caption-attachment-97830\" class=\"wp-caption-text\">O empres\u00e1rio Adir Assad j\u00e1 estava preso e teve<br \/>um novo mandado expedido<br \/>(Foto: F\u00e1bio Motta\/Estad\u00e3o Conte\u00fado)<\/p><\/div>\n<p style=\"text-align: justify;\">Policiais federais est\u00e3o nas ruas desde as primeiras horas desta quinta-feira (10) para cumprir mandados da Opera\u00e7\u00e3o Lava Jato em cidades do Paran\u00e1, S\u00e3o Paulo e Cear\u00e1. A a\u00e7\u00e3o foi batizada de Opera\u00e7\u00e3o Drag\u00e3o e cumpre 18 mandados judiciais, sendo 16\u00a0 de busca e apreens\u00e3o e dois de de pris\u00e3o preventiva.<\/p>\n<p style=\"text-align: justify;\">O empres\u00e1rio e lobista Adir Assad, que j\u00e1 est\u00e1 preso na carceragem da PF, em Curitiba, teve um novo mandado de pris\u00e3o expedido.<\/p>\n<p style=\"text-align: justify;\">Os mandados de busca est\u00e3o sendo cumpridos em Jaguaruana, no Cear\u00e1; Barueri, Santana de Parna\u00edba e capital de S\u00e3o Paulo; e em Curitiba e em Londrina, no Paran\u00e1.<\/p>\n<p style=\"text-align: justify;\">Segundo a PF, um dos mandados de busca est\u00e1 sendo cumprido na Concession\u00e1ria Econorte, em Londrina; e outro, em Curitiba, na Construtora Triunfo.<\/p>\n<p style=\"text-align: justify;\">Segundo a PF, a atual fase investiga dois operadores financeiros respons\u00e1veis pela movimenta\u00e7\u00e3o de recursos de origem ilegal, principalmente oriundos de rela\u00e7\u00f5es criminosas entre empreiteiras e empresas sediadas no Brasil com executivos e funcion\u00e1rios da Petrobras.<\/p>\n<p style=\"text-align: justify;\">Entre os crimes investigados est\u00e3o corrup\u00e7\u00e3o, manuten\u00e7\u00e3o n\u00e3o declarada de valores no exterior e lavagem de dinheiro.<\/p>\n<p style=\"text-align: justify;\">O nome dado \u00e0 opera\u00e7\u00e3o &#8220;\u00e9 uma refer\u00eancia aos registros na contabilidade de um dos investigados que chamava de \u201copera\u00e7\u00e3o drag\u00e3o\u201d os neg\u00f3cios fechados com parte do grupo criminoso para disponibilizar recursos ilegais no Brasil a partir de pagamentos realizados no exterior&#8221;, disse a PF.<\/p>\n<p style=\"text-align: justify;\"><strong>35\u00aa fase<br \/>\n<\/strong><br \/>\nO ex-ministro Ant\u00f4nio Palloci foi preso na pen\u00faltima fase da opera\u00e7\u00e3o, batizada de Omert\u00e0. Tamb\u00e9m foram presos o ex-secret\u00e1rio da Casa Civil Juscelino Ant\u00f4nio Dourado e Branislav Kontic, que atuou como assessor do ex-ministro em 2006. Palocci e Branislav tiveram a pris\u00e3o tempor\u00e1ria convertida em preventiva pelo juiz S\u00e9rgio Moro e permanecem presos. J\u00e1 Juscelino Dourado, foi liberado ap\u00f3s o t\u00e9rmino do prazo da pris\u00e3o tempor\u00e1ria.<\/p>\n<p>A Omert\u00e0 apura a rela\u00e7\u00e3o entre o Grupo Odebrechet e o ex-ministro Palocci. Segundo o Minist\u00e9rio P\u00fablico Federal (MPF), h\u00e1 evid\u00eancias de que Palocci e Branislav receberam propina para atuar em favor da empreiteira, entre 2006 e o final de 2013, interferindo em decis\u00f5es tomadas pelo governo federal.<\/p>\n<p><img loading=\"lazy\" decoding=\"async\" class=\"aligncenter size-full wp-image-97770\" src=\"http:\/\/senoticias.com.br\/se\/wp-content\/uploads\/2016\/11\/Logo-fone-1-2-1.jpg\" alt=\"logo-fone-1-2-1\" width=\"599\" height=\"78\" srcset=\"https:\/\/senoticias.com.br\/se\/wp-content\/uploads\/2016\/11\/Logo-fone-1-2-1.jpg 599w, https:\/\/senoticias.com.br\/se\/wp-content\/uploads\/2016\/11\/Logo-fone-1-2-1-300x39.jpg 300w\" sizes=\"(max-width: 599px) 100vw, 599px\" \/><\/p>\n<p><em><strong>Acompanhe tamb\u00e9m o SE Not\u00edcias no<\/strong><strong>\u00a0<\/strong><strong><a href=\"https:\/\/twitter.com\/Senoticias\">Twitter<\/a>,<\/strong><strong>\u00a0<\/strong><strong><a href=\"https:\/\/www.facebook.com\/senoticias1\">Facebook<\/a><\/strong><strong>\u00a0<\/strong><strong>e no<\/strong><a href=\"https:\/\/www.instagram.com\/senoticias\/\"><strong>\u00a0<\/strong><strong>Instagram<\/strong><\/a><\/em><\/p>\n<p><em>Adriana Justi, d<span class=\"adr\"><span class=\"locality\">o <a href=\"http:\/\/g1.globo.com\/pr\/parana\/noticia\/2016\/11\/policia-federal-cumpre-novos-mandados-da-lava-jato.html\">G1 PR<\/a><\/span><\/span><\/em><\/p>\n","protected":false},"excerpt":{"rendered":"<p>Policiais federais est\u00e3o nas ruas desde as primeiras horas desta quinta-feira (10) para cumprir mandados da Opera\u00e7\u00e3o Lava Jato em cidades do Paran\u00e1, S\u00e3o Paulo e Cear\u00e1. A a\u00e7\u00e3o foi batizada de Opera\u00e7\u00e3o Drag\u00e3o e cumpre 18 mandados judiciais, sendo 16\u00a0 de busca e apreens\u00e3o e dois de de pris\u00e3o preventiva. O empres\u00e1rio e lobista [&hellip;]<\/p>\n","protected":false},"author":2,"featured_media":97830,"comment_status":"closed","ping_status":"closed","sticky":false,"template":"","format":"standard","meta":{"footnotes":""},"categories":[15],"tags":[],"class_list":{"0":"post-97829","1":"post","2":"type-post","3":"status-publish","4":"format-standard","5":"has-post-thumbnail","7":"category-destaques"},"_links":{"self":[{"href":"https:\/\/senoticias.com.br\/se\/wp-json\/wp\/v2\/posts\/97829"}],"collection":[{"href":"https:\/\/senoticias.com.br\/se\/wp-json\/wp\/v2\/posts"}],"about":[{"href":"https:\/\/senoticias.com.br\/se\/wp-json\/wp\/v2\/types\/post"}],"author":[{"embeddable":true,"href":"https:\/\/senoticias.com.br\/se\/wp-json\/wp\/v2\/users\/2"}],"replies":[{"embeddable":true,"href":"https:\/\/senoticias.com.br\/se\/wp-json\/wp\/v2\/comments?post=97829"}],"version-history":[{"count":0,"href":"https:\/\/senoticias.com.br\/se\/wp-json\/wp\/v2\/posts\/97829\/revisions"}],"wp:featuredmedia":[{"embeddable":true,"href":"https:\/\/senoticias.com.br\/se\/wp-json\/wp\/v2\/media\/97830"}],"wp:attachment":[{"href":"https:\/\/senoticias.com.br\/se\/wp-json\/wp\/v2\/media?parent=97829"}],"wp:term":[{"taxonomy":"category","embeddable":true,"href":"https:\/\/senoticias.com.br\/se\/wp-json\/wp\/v2\/categories?post=97829"},{"taxonomy":"post_tag","embeddable":true,"href":"https:\/\/senoticias.com.br\/se\/wp-json\/wp\/v2\/tags?post=97829"}],"curies":[{"name":"wp","href":"https:\/\/api.w.org\/{rel}","templated":true}]}}