{"id":97820,"date":"2016-11-09T20:09:55","date_gmt":"2016-11-09T23:09:55","guid":{"rendered":"http:\/\/senoticias.com.br\/se\/?p=97820"},"modified":"2016-11-09T20:16:33","modified_gmt":"2016-11-09T23:16:33","slug":"confira-a-lista-dos-convocados-do-concurso-publico-da-policia-militar-de-sergipe","status":"publish","type":"post","link":"https:\/\/senoticias.com.br\/se\/confira-a-lista-dos-convocados-do-concurso-publico-da-policia-militar-de-sergipe\/","title":{"rendered":"Confira a lista dos convocados do concurso p\u00fablico da Pol\u00edcia Militar de Sergipe"},"content":{"rendered":"<p style=\"text-align: justify;\">O Comandante Geral da Pol\u00edcia Militar do Estado de Sergipe, no uso das atribui\u00e7\u00f5es legais e regulamentares que lhe s\u00e3o conferidas e considerando a autoriza\u00e7\u00e3o governamental contida em Decreto de 30 de setembro de 2016, CONVOCA os candidatos habilitados no Concurso P\u00fablico n\u00ba 03\/2013 para provimento de vagas de Soldado PM \u2013 3\u00aa Classe (Combatente), de acordo com cronograma constante no Anexo I desta Convoca\u00e7\u00e3o, munidos dos exames e documentos abaixo listados, para fins de submiss\u00e3o a Exame M\u00e9dico Admissional \u2013 Inspe\u00e7\u00e3o de Sa\u00fade \u2013 e entrega de documentos da Pr\u00e9-Matr\u00edcula.<\/p>\n<div id=\"attachment_97822\" style=\"width: 609px\" class=\"wp-caption aligncenter\"><img loading=\"lazy\" decoding=\"async\" aria-describedby=\"caption-attachment-97822\" class=\"size-full wp-image-97822\" src=\"http:\/\/senoticias.com.br\/se\/wp-content\/uploads\/2016\/11\/Convocados-da-PM-SENoticias-e1478733302461.jpg\" alt=\"O Exame M\u00e9dico Admissional \u2013 Inspe\u00e7\u00e3o de Sa\u00fade - ser\u00e1 realizado conforme as disposi\u00e7\u00f5es contidas no Item 14 do Edital n\u00ba.: 03\/2013, de 23 de dezembro de 2013\" width=\"599\" height=\"399\" \/><p id=\"caption-attachment-97822\" class=\"wp-caption-text\">O Exame M\u00e9dico Admissional \u2013 Inspe\u00e7\u00e3o de Sa\u00fade &#8211; ser\u00e1 realizado conforme as disposi\u00e7\u00f5es contidas no Item 14 do Edital n\u00ba.: 03\/2013, de 23 de dezembro de 2013<\/p><\/div>\n<p style=\"text-align: justify;\">O Exame M\u00e9dico Admissional \u2013 Inspe\u00e7\u00e3o de Sa\u00fade &#8211; ser\u00e1 realizado conforme as disposi\u00e7\u00f5es contidas no Item 14 do Edital n\u00ba.: 03\/2013, de 23 de dezembro de 2013. Tal inspe\u00e7\u00e3o ser\u00e1 realizada no Hospital da Pol\u00edcia Militar \u2013 HPM, localizado na Avenida Minas Gerais, s\/n\u00ba., Bairro 18 do Forte, Aracaju\/SE.<\/p>\n<p>Confira a rela\u00e7\u00e3o dos convocados e exames a serem entregues no documento que segue no anexo desta mensagem.<\/p>\n<div class=\"ead-preview\"><div class=\"ead-document\" style=\"position: relative;padding-top: 90%;\"><div class=\"ead-iframe-wrapper\"><iframe src=\"\/\/docs.google.com\/viewer?url=http%3A%2F%2Fsenoticias.com.br%2Fse%2Fwp-content%2Fuploads%2F2016%2F11%2FNOTA-6%C2%AA-CONVOCA%C3%87%C3%83O-NOTA-FINAL-09112016-1.pdf&amp;embedded=true&amp;hl=en\" title=\"Embedded Document\" class=\"ead-iframe\" style=\"width: 100%;height: 100%;border: none;position: absolute;left: 0;top: 0;visibility: hidden;\"><\/iframe><\/div>\t\t\t<div class=\"ead-document-loading\" style=\"width:100%;height:100%;position:absolute;left:0;top:0;z-index:10;\">\n\t\t\t\t<div class=\"ead-loading-wrap\">\n\t\t\t\t\t<div class=\"ead-loading-main\">\n\t\t\t\t\t\t<div class=\"ead-loading\">\n\t\t\t\t\t\t\t<img loading=\"lazy\" decoding=\"async\" src=\"https:\/\/senoticias.com.br\/se\/wp-content\/plugins\/embed-any-document\/images\/loading.svg\" width=\"55\" height=\"55\" alt=\"Loader\">\n\t\t\t\t\t\t\t<span>Loading...<\/span>\n\t\t\t\t\t\t<\/div>\n\t\t\t\t\t<\/div>\n\t\t\t\t\t<div class=\"ead-loading-foot\">\n\t\t\t\t\t\t<div class=\"ead-loading-foot-title\">\n\t\t\t\t\t\t\t<img loading=\"lazy\" decoding=\"async\" src=\"https:\/\/senoticias.com.br\/se\/wp-content\/plugins\/embed-any-document\/images\/EAD-logo.svg\" alt=\"EAD Logo\" width=\"36\" height=\"23\"\/>\n\t\t\t\t\t\t\t<span>Taking too long?<\/span>\n\t\t\t\t\t\t<\/div>\n\t\t\t\t\t\t<div class=\"ead-document-btn ead-reload-btn\" role=\"button\">\n\t\t\t\t\t\t\t\t<img loading=\"lazy\" decoding=\"async\" src=\"https:\/\/senoticias.com.br\/se\/wp-content\/plugins\/embed-any-document\/images\/reload.svg\" alt=\"Reload\" width=\"12\" height=\"12\"\/> Reload document\t\t\t\t\t\t\t<\/div>\n\t\t\t\t\t\t\t<span>|<\/span>\n\t\t\t\t\t\t\t<a href=\"http:\/\/senoticias.com.br\/se\/wp-content\/uploads\/2016\/11\/NOTA-6\u00aa-CONVOCA\u00c7\u00c3O-NOTA-FINAL-09112016-1.pdf\" class=\"ead-document-btn\" target=\"_blank\">\n\t\t\t\t\t\t\t\t<img loading=\"lazy\" decoding=\"async\" src=\"https:\/\/senoticias.com.br\/se\/wp-content\/plugins\/embed-any-document\/images\/open.svg\" alt=\"Open\" width=\"12\" height=\"12\"\/> Open in new tab\t\t\t\t\t\t\t<\/a>\n\t\t\t\t\t<\/div>\n\t\t\t\t<\/div>\n\t\t\t<\/div>\n\t\t<\/div><p class=\"embed_download\"><a href=\"http:\/\/senoticias.com.br\/se\/wp-content\/uploads\/2016\/11\/NOTA-6\u00aa-CONVOCA\u00c7\u00c3O-NOTA-FINAL-09112016-1.pdf\" download>Download [162.00 B] <\/a><\/p><\/div>\n<p><em><strong>Acompanhe tamb\u00e9m o SE Not\u00edcias no<\/strong><strong>\u00a0<\/strong><strong><a href=\"https:\/\/twitter.com\/Senoticias\">Twitter<\/a>,<\/strong><strong>\u00a0<\/strong><strong><a href=\"https:\/\/www.facebook.com\/senoticias1\">Facebook<\/a><\/strong><strong>\u00a0<\/strong><strong>e no<\/strong><a href=\"https:\/\/www.instagram.com\/senoticias\/\"><strong>\u00a0<\/strong><strong>Instagram<\/strong><\/a><\/em><\/p>\n<p><img loading=\"lazy\" decoding=\"async\" class=\"aligncenter size-full wp-image-97770\" src=\"http:\/\/senoticias.com.br\/se\/wp-content\/uploads\/2016\/11\/Logo-fone-1-2-1.jpg\" alt=\"logo-fone-1-2-1\" width=\"599\" height=\"78\" srcset=\"https:\/\/senoticias.com.br\/se\/wp-content\/uploads\/2016\/11\/Logo-fone-1-2-1.jpg 599w, https:\/\/senoticias.com.br\/se\/wp-content\/uploads\/2016\/11\/Logo-fone-1-2-1-300x39.jpg 300w\" sizes=\"(max-width: 599px) 100vw, 599px\" \/><\/p>\n<p><em>Informa\u00e7\u00f5es da PM\/SE<\/em><\/p>\n","protected":false},"excerpt":{"rendered":"<p>O Comandante Geral da Pol\u00edcia Militar do Estado de Sergipe, no uso das atribui\u00e7\u00f5es legais e regulamentares que lhe s\u00e3o conferidas e considerando a autoriza\u00e7\u00e3o governamental contida em Decreto de 30 de setembro de 2016, CONVOCA os candidatos habilitados no Concurso P\u00fablico n\u00ba 03\/2013 para provimento de vagas de Soldado PM \u2013 3\u00aa Classe (Combatente), [&hellip;]<\/p>\n","protected":false},"author":2,"featured_media":97822,"comment_status":"closed","ping_status":"closed","sticky":false,"template":"","format":"standard","meta":{"footnotes":""},"categories":[9,15,7],"tags":[],"class_list":{"0":"post-97820","1":"post","2":"type-post","3":"status-publish","4":"format-standard","5":"has-post-thumbnail","7":"category-concursos","8":"category-destaques","9":"category-policia"},"_links":{"self":[{"href":"https:\/\/senoticias.com.br\/se\/wp-json\/wp\/v2\/posts\/97820"}],"collection":[{"href":"https:\/\/senoticias.com.br\/se\/wp-json\/wp\/v2\/posts"}],"about":[{"href":"https:\/\/senoticias.com.br\/se\/wp-json\/wp\/v2\/types\/post"}],"author":[{"embeddable":true,"href":"https:\/\/senoticias.com.br\/se\/wp-json\/wp\/v2\/users\/2"}],"replies":[{"embeddable":true,"href":"https:\/\/senoticias.com.br\/se\/wp-json\/wp\/v2\/comments?post=97820"}],"version-history":[{"count":0,"href":"https:\/\/senoticias.com.br\/se\/wp-json\/wp\/v2\/posts\/97820\/revisions"}],"wp:featuredmedia":[{"embeddable":true,"href":"https:\/\/senoticias.com.br\/se\/wp-json\/wp\/v2\/media\/97822"}],"wp:attachment":[{"href":"https:\/\/senoticias.com.br\/se\/wp-json\/wp\/v2\/media?parent=97820"}],"wp:term":[{"taxonomy":"category","embeddable":true,"href":"https:\/\/senoticias.com.br\/se\/wp-json\/wp\/v2\/categories?post=97820"},{"taxonomy":"post_tag","embeddable":true,"href":"https:\/\/senoticias.com.br\/se\/wp-json\/wp\/v2\/tags?post=97820"}],"curies":[{"name":"wp","href":"https:\/\/api.w.org\/{rel}","templated":true}]}}