{"id":97817,"date":"2016-11-09T18:42:28","date_gmt":"2016-11-09T21:42:28","guid":{"rendered":"http:\/\/senoticias.com.br\/se\/?p=97817"},"modified":"2016-11-09T18:51:34","modified_gmt":"2016-11-09T21:51:34","slug":"ao-lado-do-presidente-temer-governador-acompanha-lancamento-do-programa-cartao-reforma","status":"publish","type":"post","link":"https:\/\/senoticias.com.br\/se\/ao-lado-do-presidente-temer-governador-acompanha-lancamento-do-programa-cartao-reforma\/","title":{"rendered":"Ao lado do presidente Temer, Jackson acompanha lan\u00e7amento do programa Cart\u00e3o Reforma"},"content":{"rendered":"<p style=\"text-align: justify;\">O governador Jackson Barreto, atendendo um convite do presidente Michel Temer, participou do lan\u00e7amento do Programa Cart\u00e3o Reforma, na tarde desta quarta-feira, 09, em Bras\u00edlia. O Programa conceder\u00e1 subs\u00eddios p\u00fablicos para a popula\u00e7\u00e3o de baixa renda comprar materiais de constru\u00e7\u00e3o e reformar suas moradias, fomentando, assim, os setores de ind\u00fastria e com\u00e9rcio ligados \u00e0 constru\u00e7\u00e3o civil.<\/p>\n<div id=\"attachment_97818\" style=\"width: 609px\" class=\"wp-caption aligncenter\"><img loading=\"lazy\" decoding=\"async\" aria-describedby=\"caption-attachment-97818\" class=\"size-full wp-image-97818\" src=\"http:\/\/senoticias.com.br\/se\/wp-content\/uploads\/2016\/11\/Cartao-reforma-SE-Noticias-e1478728124796.jpg\" alt=\"Jackson Barreto elogiou a iniciativa e ressaltou que o programa melhora autoestima das fam\u00edlias beneficiadas e movimentar\u00e1 a cadeia econ\u00f4mica da constru\u00e7\u00e3o civil, um dos setores que mais gera emprego. (Foto: Roque S\u00e1)\" width=\"599\" height=\"400\" \/><p id=\"caption-attachment-97818\" class=\"wp-caption-text\">Jackson Barreto elogiou a iniciativa e ressaltou que o programa melhora autoestima das fam\u00edlias beneficiadas e movimentar\u00e1 a cadeia econ\u00f4mica da constru\u00e7\u00e3o civil, um dos setores que mais gera emprego. (Foto: Roque S\u00e1)<\/p><\/div>\n<p style=\"text-align: justify;\">Em seu discurso, Michel Temer destacou o papel social do programa. \u201cO cart\u00e3o reforma objetiva que as pessoas tenham condi\u00e7\u00f5es dignas de vida, por meio da reforma de suas casas. O que estamos fazendo \u00e9 atender um pressuposto constitucional, dando condi\u00e7\u00f5es dignas de vida \u00e0 popula\u00e7\u00e3o mais carente\u201d.<\/p>\n<p style=\"text-align: justify;\">Com o Cart\u00e3o Reforma, fam\u00edlias com renda de at\u00e9 tr\u00eas sal\u00e1rios m\u00ednimos e que habitam moradias com riscos estruturais poder\u00e3o receber um subs\u00eddio de at\u00e9 R$ 5 mil para reformar suas casas. Vinculado ao Minist\u00e9rio das Cidades, o programa ter\u00e1 in\u00edcio em 2017 e or\u00e7amento de R$ 500 milh\u00f5es. Desse montante, 15% ser\u00e3o direcionados \u00e0 contrata\u00e7\u00e3o de engenheiros e arquitetos para dar suporte t\u00e9cnico aos projetos de reforma.<\/p>\n<p style=\"text-align: justify;\">A execu\u00e7\u00e3o do Programa ser\u00e1 por meio de conv\u00eanios com Estados e Munic\u00edpios, cabendo \u00e0s gest\u00f5es estaduais e municipais selecionar os bairros mais adensados e as habita\u00e7\u00f5es que necessitam do atendimento. As casas escolhidas ser\u00e3o visitadas pelas equipes de assist\u00eancia t\u00e9cnica, e os propriet\u00e1rios das casas ter\u00e3o prioridade para definir quais servi\u00e7os ser\u00e3o demandados. O repasse do benef\u00edcio ser\u00e1 feito pela Caixa Econ\u00f4mica Federal, que disponibilizar\u00e1 o cart\u00e3o para fam\u00edlias selecionadas.<\/p>\n<p style=\"text-align: justify;\">O governador Jackson Barreto elogiou a iniciativa e ressaltou que o programa melhora autoestima das fam\u00edlias beneficiadas e movimentar\u00e1 a cadeia econ\u00f4mica da constru\u00e7\u00e3o civil, um dos setores que mais gera emprego.<\/p>\n<p style=\"text-align: justify;\">\u201cEsse programa \u00e9 extremamente importante, principalmente para as fam\u00edlias de baixa renda, porque vai dar oportunidade para que as pessoas carentes tenham resid\u00eancias mais dignas e confort\u00e1veis. Al\u00e9m disso, \u00e9 uma a\u00e7\u00e3o que vai incrementar a circula\u00e7\u00e3o de \u00a0recursos na ind\u00fastria da constru\u00e7\u00e3o civil, ajudando na retomada da gera\u00e7\u00e3o de empregos e de nossa economia. Nosso governo est\u00e1 \u00e0 disposi\u00e7\u00e3o para contribuir com a execu\u00e7\u00e3o do programa. Colocaremos nossos t\u00e9cnicos para atuar na sele\u00e7\u00e3o das resid\u00eancias e fam\u00edlias, vamos nos somar ao governo Federal para levar o benef\u00edcio \u00e0 popula\u00e7\u00e3o sergipana \u201d, declarou.<\/p>\n<p style=\"text-align: justify;\">De acordo com a Pesquisa Nacional por Amostra de Domic\u00edlios (PNAD), de 2010, do IBGE, 7,6 milh\u00f5es de moradias do Pa\u00eds precisam ser reformadas &#8211; sendo que 3,6 milh\u00f5es dessas casas pertencem a fam\u00edlias na faixa de renda atendida pelo programa.<\/p>\n<p style=\"text-align: justify;\">Durante a solenidade de lan\u00e7amento do Programa, Temer homenageou o governador de Goi\u00e1s, Marconi Perillo, criador do programa Cheque Moradia, que serviu de modelo para o Programa Cart\u00e3o Reforma.<\/p>\n<p style=\"text-align: justify;\"><em><strong>Acompanhe tamb\u00e9m o SE Not\u00edcias no<\/strong><strong>\u00a0<\/strong><strong><a href=\"https:\/\/twitter.com\/Senoticias\">Twitter<\/a>,<\/strong><strong>\u00a0<\/strong><strong><a href=\"https:\/\/www.facebook.com\/senoticias1\">Facebook<\/a><\/strong><strong>\u00a0<\/strong><strong>e no<\/strong><a href=\"https:\/\/www.instagram.com\/senoticias\/\"><strong>\u00a0<\/strong><strong>Instagram<\/strong><\/a><\/em><\/p>\n<p style=\"text-align: justify;\"><img loading=\"lazy\" decoding=\"async\" class=\"aligncenter size-full wp-image-97770\" src=\"http:\/\/senoticias.com.br\/se\/wp-content\/uploads\/2016\/11\/Logo-fone-1-2-1.jpg\" alt=\"logo-fone-1-2-1\" width=\"599\" height=\"78\" srcset=\"https:\/\/senoticias.com.br\/se\/wp-content\/uploads\/2016\/11\/Logo-fone-1-2-1.jpg 599w, https:\/\/senoticias.com.br\/se\/wp-content\/uploads\/2016\/11\/Logo-fone-1-2-1-300x39.jpg 300w\" sizes=\"(max-width: 599px) 100vw, 599px\" \/><\/p>\n<p style=\"text-align: justify;\"><em>Ag\u00eancia Sergipe de Not\u00edcias<\/em><\/p>\n","protected":false},"excerpt":{"rendered":"<p>O governador Jackson Barreto, atendendo um convite do presidente Michel Temer, participou do lan\u00e7amento do Programa Cart\u00e3o Reforma, na tarde desta quarta-feira, 09, em Bras\u00edlia. O Programa conceder\u00e1 subs\u00eddios p\u00fablicos para a popula\u00e7\u00e3o de baixa renda comprar materiais de constru\u00e7\u00e3o e reformar suas moradias, fomentando, assim, os setores de ind\u00fastria e com\u00e9rcio ligados \u00e0 constru\u00e7\u00e3o [&hellip;]<\/p>\n","protected":false},"author":2,"featured_media":97818,"comment_status":"closed","ping_status":"closed","sticky":false,"template":"","format":"standard","meta":{"footnotes":""},"categories":[15],"tags":[],"class_list":{"0":"post-97817","1":"post","2":"type-post","3":"status-publish","4":"format-standard","5":"has-post-thumbnail","7":"category-destaques"},"_links":{"self":[{"href":"https:\/\/senoticias.com.br\/se\/wp-json\/wp\/v2\/posts\/97817"}],"collection":[{"href":"https:\/\/senoticias.com.br\/se\/wp-json\/wp\/v2\/posts"}],"about":[{"href":"https:\/\/senoticias.com.br\/se\/wp-json\/wp\/v2\/types\/post"}],"author":[{"embeddable":true,"href":"https:\/\/senoticias.com.br\/se\/wp-json\/wp\/v2\/users\/2"}],"replies":[{"embeddable":true,"href":"https:\/\/senoticias.com.br\/se\/wp-json\/wp\/v2\/comments?post=97817"}],"version-history":[{"count":0,"href":"https:\/\/senoticias.com.br\/se\/wp-json\/wp\/v2\/posts\/97817\/revisions"}],"wp:featuredmedia":[{"embeddable":true,"href":"https:\/\/senoticias.com.br\/se\/wp-json\/wp\/v2\/media\/97818"}],"wp:attachment":[{"href":"https:\/\/senoticias.com.br\/se\/wp-json\/wp\/v2\/media?parent=97817"}],"wp:term":[{"taxonomy":"category","embeddable":true,"href":"https:\/\/senoticias.com.br\/se\/wp-json\/wp\/v2\/categories?post=97817"},{"taxonomy":"post_tag","embeddable":true,"href":"https:\/\/senoticias.com.br\/se\/wp-json\/wp\/v2\/tags?post=97817"}],"curies":[{"name":"wp","href":"https:\/\/api.w.org\/{rel}","templated":true}]}}