{"id":97814,"date":"2016-11-09T18:33:40","date_gmt":"2016-11-09T21:33:40","guid":{"rendered":"http:\/\/senoticias.com.br\/se\/?p=97814"},"modified":"2016-11-09T18:38:21","modified_gmt":"2016-11-09T21:38:21","slug":"edvaldo-e-eliane-realizam-visita-ao-tce-e-discutem-transicao","status":"publish","type":"post","link":"https:\/\/senoticias.com.br\/se\/edvaldo-e-eliane-realizam-visita-ao-tce-e-discutem-transicao\/","title":{"rendered":"Edvaldo e Eliane realizam visita ao TCE e discutem transi\u00e7\u00e3o"},"content":{"rendered":"<p style=\"text-align: justify;\">O prefeito eleito de Aracaju, Edvaldo Nogueira (PCdoB), e sua vice-prefeita, Eliane Aquino (PT), realizaram nesta quarta-feira (9) uma visita ao Tribunal de Contas do Estado. Eles foram recepcionados pelo presidente Cl\u00f3vis Barbosa e por todos os demais conselheiros do tribunal. O encontro foi uma oportunidade para discutir quest\u00f5es da transi\u00e7\u00e3o na gest\u00e3o da capital, bem como a futura rela\u00e7\u00e3o da administra\u00e7\u00e3o municipal com o \u00f3rg\u00e3o de controle.<\/p>\n<div id=\"attachment_97815\" style=\"width: 609px\" class=\"wp-caption aligncenter\"><img loading=\"lazy\" decoding=\"async\" aria-describedby=\"caption-attachment-97815\" class=\"size-full wp-image-97815\" src=\"http:\/\/senoticias.com.br\/se\/wp-content\/uploads\/2016\/11\/Edvaldo-vista-TCE-SE-Noticias-e1478727324786.jpg\" alt=\"Edvaldo e Eliane realizam visita ao TCE. (Foto: Cleverton Ribeiro)\" width=\"599\" height=\"400\" \/><p id=\"caption-attachment-97815\" class=\"wp-caption-text\">Edvaldo e Eliane realizam visita ao TCE. (Foto: Cleverton Ribeiro)<\/p><\/div>\n<p style=\"text-align: justify;\">Edvaldo assegurou que cumprir\u00e1, dentro do prazo estabelecido, as diretrizes da Resolu\u00e7\u00e3o TCE N\u00ba 301, que disp\u00f5e sobre as transi\u00e7\u00f5es de governo. &#8220;Faremos nossa comiss\u00e3o de transi\u00e7\u00e3o para que possamos dialogar com a atual gest\u00e3o e ver como as coisas est\u00e3o acontecendo em Aracaju. Estamos vendo as dificuldades que a prefeitura est\u00e1 enfrentando, a falta de pagamento dos servidores e fornecedores, as quest\u00f5es relativas ao lixo e \u00e0 sa\u00fade. Minha inten\u00e7\u00e3o \u00e9 tomar p\u00e9 e o mais r\u00e1pido poss\u00edvel buscar resolver estes problemas&#8221;, afirmou.<\/p>\n<p>A visita aos conselheiros tamb\u00e9m serviu para que Edvaldo e Eliane abrissem o di\u00e1logo com o TCE. &#8220;Nos colocamos \u00e0 disposi\u00e7\u00e3o do Tribunal de Contas do Estado. Foi importante para que pud\u00e9ssemos dialogar com os conselheiros, falar do nosso trabalho e discutir a transi\u00e7\u00e3o&#8221;, ressaltou Edvaldo.<\/p>\n<p style=\"text-align: justify;\">Eliane Aquino destacou a oportunidade de estabelecer uma rela\u00e7\u00e3o de proximidade com o tribunal. &#8220;Essa parceria do poder p\u00fablico com os \u00f3rg\u00e3os de controle \u00e9 fundamental, principalmente quando a gente quer fazer uma gest\u00e3o com muita transpar\u00eancia e que a participa\u00e7\u00e3o de todos seja um grande marco no munic\u00edpio de Aracaju&#8221;, afirmou.<\/p>\n<p style=\"text-align: justify;\">O presidente do TCE agradeceu a visita. &#8220;Para n\u00f3s \u00e9 uma satisfa\u00e7\u00e3o receber o pr\u00f3ximo prefeito de Aracaju, j\u00e1 que estamos nessa fase recebendo todos os gestores eleitos. O Tribunal tamb\u00e9m \u00e9 a casa dos prefeitos e estamos nos colocando \u00e0 disposi\u00e7\u00e3o para esclarecer toda e qualquer d\u00favida que tenham&#8221;, disse.<\/p>\n<p style=\"text-align: justify;\">O encontro contou com as presen\u00e7as dos conselheiros Carlos Alberto Sobral, Carlos Pinna, Ulices Andrade, Luiz Augusto Ribeiro, Susana Azevedo e Ang\u00e9lica Guimar\u00e3es, al\u00e9m do procurador-geral do Minist\u00e9rio P\u00fablico de Contas, Jo\u00e3o Augusto dos Anjos Bandeira de Mello, o diretor de Comunica\u00e7\u00e3o do Tribunal, Marcos Cardoso, e o coordenador Jur\u00eddico, Luiz Carlos Oliveira.<\/p>\n<p style=\"text-align: justify;\"><img loading=\"lazy\" decoding=\"async\" class=\"aligncenter size-full wp-image-97770\" src=\"http:\/\/senoticias.com.br\/se\/wp-content\/uploads\/2016\/11\/Logo-fone-1-2-1.jpg\" alt=\"logo-fone-1-2-1\" width=\"599\" height=\"78\" srcset=\"https:\/\/senoticias.com.br\/se\/wp-content\/uploads\/2016\/11\/Logo-fone-1-2-1.jpg 599w, https:\/\/senoticias.com.br\/se\/wp-content\/uploads\/2016\/11\/Logo-fone-1-2-1-300x39.jpg 300w\" sizes=\"(max-width: 599px) 100vw, 599px\" \/><\/p>\n<p style=\"text-align: justify;\"><em><strong>Acompanhe tamb\u00e9m o SE Not\u00edcias no<\/strong><strong>\u00a0<\/strong><strong><a href=\"https:\/\/twitter.com\/Senoticias\">Twitter<\/a>,<\/strong><strong>\u00a0<\/strong><strong><a href=\"https:\/\/www.facebook.com\/senoticias1\">Facebook<\/a><\/strong><strong>\u00a0<\/strong><strong>e no<\/strong><a href=\"https:\/\/www.instagram.com\/senoticias\/\"><strong>\u00a0<\/strong><strong>Instagram<\/strong><\/a><\/em><\/p>\n<p style=\"text-align: justify;\"><em>Ascom\/TCE<\/em><\/p>\n","protected":false},"excerpt":{"rendered":"<p>O prefeito eleito de Aracaju, Edvaldo Nogueira (PCdoB), e sua vice-prefeita, Eliane Aquino (PT), realizaram nesta quarta-feira (9) uma visita ao Tribunal de Contas do Estado. Eles foram recepcionados pelo presidente Cl\u00f3vis Barbosa e por todos os demais conselheiros do tribunal. O encontro foi uma oportunidade para discutir quest\u00f5es da transi\u00e7\u00e3o na gest\u00e3o da capital, [&hellip;]<\/p>\n","protected":false},"author":2,"featured_media":97815,"comment_status":"closed","ping_status":"closed","sticky":false,"template":"","format":"standard","meta":{"footnotes":""},"categories":[1461,1],"tags":[],"class_list":{"0":"post-97814","1":"post","2":"type-post","3":"status-publish","4":"format-standard","5":"has-post-thumbnail","7":"category-eleicoes-2016","8":"category-sem-categoria"},"_links":{"self":[{"href":"https:\/\/senoticias.com.br\/se\/wp-json\/wp\/v2\/posts\/97814"}],"collection":[{"href":"https:\/\/senoticias.com.br\/se\/wp-json\/wp\/v2\/posts"}],"about":[{"href":"https:\/\/senoticias.com.br\/se\/wp-json\/wp\/v2\/types\/post"}],"author":[{"embeddable":true,"href":"https:\/\/senoticias.com.br\/se\/wp-json\/wp\/v2\/users\/2"}],"replies":[{"embeddable":true,"href":"https:\/\/senoticias.com.br\/se\/wp-json\/wp\/v2\/comments?post=97814"}],"version-history":[{"count":0,"href":"https:\/\/senoticias.com.br\/se\/wp-json\/wp\/v2\/posts\/97814\/revisions"}],"wp:featuredmedia":[{"embeddable":true,"href":"https:\/\/senoticias.com.br\/se\/wp-json\/wp\/v2\/media\/97815"}],"wp:attachment":[{"href":"https:\/\/senoticias.com.br\/se\/wp-json\/wp\/v2\/media?parent=97814"}],"wp:term":[{"taxonomy":"category","embeddable":true,"href":"https:\/\/senoticias.com.br\/se\/wp-json\/wp\/v2\/categories?post=97814"},{"taxonomy":"post_tag","embeddable":true,"href":"https:\/\/senoticias.com.br\/se\/wp-json\/wp\/v2\/tags?post=97814"}],"curies":[{"name":"wp","href":"https:\/\/api.w.org\/{rel}","templated":true}]}}