{"id":97812,"date":"2016-11-09T15:29:16","date_gmt":"2016-11-09T18:29:16","guid":{"rendered":"http:\/\/senoticias.com.br\/se\/?p=97812"},"modified":"2016-11-09T15:29:49","modified_gmt":"2016-11-09T18:29:49","slug":"servidores-da-saude-de-sao-cristovao-poderao-entrar-em-greve-dia-14","status":"publish","type":"post","link":"https:\/\/senoticias.com.br\/se\/servidores-da-saude-de-sao-cristovao-poderao-entrar-em-greve-dia-14\/","title":{"rendered":"Servidores da Sa\u00fade de S\u00e3o Crist\u00f3v\u00e3o poder\u00e3o entrar em greve dia 14"},"content":{"rendered":"<p style=\"text-align: justify;\">A diretoria do Sindicato dos Trabalhadores na \u00c1rea da Sa\u00fade do Estado de Sergipe (Sintasa) protocolou na Prefeitura Municipal de S\u00e3o Crist\u00f3v\u00e3o o of\u00edcio comunicando a delibera\u00e7\u00e3o da assembleia dos servidores de sa\u00fade do n\u00edvel m\u00e9dio do munic\u00edpio, realizada no dia 17 de outubro, que n\u00e3o havendo o pagamento do sal\u00e1rio de outubro at\u00e9 o dia 11 de novembro a categoria entrar\u00e1 em estado de greve no dia 14 de novembro.<\/p>\n<div id=\"attachment_97813\" style=\"width: 609px\" class=\"wp-caption aligncenter\"><img loading=\"lazy\" decoding=\"async\" aria-describedby=\"caption-attachment-97813\" class=\"size-full wp-image-97813\" src=\"http:\/\/senoticias.com.br\/se\/wp-content\/uploads\/2016\/11\/Servidoresde-S\u00e3o-Cristovao-em-greve-SENoticias-e1478716009782.jpg\" alt=\"Servidores da Sa\u00fade de S\u00e3o Crist\u00f3v\u00e3o poder\u00e3o entrar em greve dia 14. (Foto: ascom\/Sintasa)\" width=\"599\" height=\"370\" \/><p id=\"caption-attachment-97813\" class=\"wp-caption-text\">Servidores da Sa\u00fade de S\u00e3o Crist\u00f3v\u00e3o poder\u00e3o entrar em greve dia 14. (Foto: ascom\/Sintasa)<\/p><\/div>\n<p style=\"text-align: justify;\">Foi informado ainda que nos pr\u00f3ximos meses n\u00e3o havendo pagamento at\u00e9 o quinto dia \u00fatil do m\u00eas subsequentes, no sexto dia \u00fatil os servidores entrar\u00e3o em greve automaticamente, com base na\u00a0 Consolida\u00e7\u00e3o das Leis do Trabalho (CLT).\u00a0<img loading=\"lazy\" decoding=\"async\" class=\"aligncenter size-full wp-image-97770\" src=\"http:\/\/senoticias.com.br\/se\/wp-content\/uploads\/2016\/11\/Logo-fone-1-2-1.jpg\" alt=\"logo-fone-1-2-1\" width=\"599\" height=\"78\" srcset=\"https:\/\/senoticias.com.br\/se\/wp-content\/uploads\/2016\/11\/Logo-fone-1-2-1.jpg 599w, https:\/\/senoticias.com.br\/se\/wp-content\/uploads\/2016\/11\/Logo-fone-1-2-1-300x39.jpg 300w\" sizes=\"(max-width: 599px) 100vw, 599px\" \/><\/p>\n<p style=\"text-align: justify;\"><em><strong>Companhe tamb\u00e9m o SE Not\u00edcias no<\/strong><strong>\u00a0<\/strong><strong><a href=\"https:\/\/twitter.com\/Senoticias\">Twitter<\/a>,<\/strong><strong>\u00a0<\/strong><strong><a href=\"https:\/\/www.facebook.com\/senoticias1\">Facebook<\/a><\/strong><strong>\u00a0<\/strong><strong>e no<\/strong><a href=\"https:\/\/www.instagram.com\/senoticias\/\"><strong>\u00a0<\/strong><strong>Instagram<\/strong><\/a><\/em><\/p>\n<p style=\"text-align: justify;\"><em>Ascom\/Sintasa<\/em><\/p>\n","protected":false},"excerpt":{"rendered":"<p>A diretoria do Sindicato dos Trabalhadores na \u00c1rea da Sa\u00fade do Estado de Sergipe (Sintasa) protocolou na Prefeitura Municipal de S\u00e3o Crist\u00f3v\u00e3o o of\u00edcio comunicando a delibera\u00e7\u00e3o da assembleia dos servidores de sa\u00fade do n\u00edvel m\u00e9dio do munic\u00edpio, realizada no dia 17 de outubro, que n\u00e3o havendo o pagamento do sal\u00e1rio de outubro at\u00e9 o [&hellip;]<\/p>\n","protected":false},"author":2,"featured_media":97813,"comment_status":"closed","ping_status":"closed","sticky":false,"template":"","format":"standard","meta":{"footnotes":""},"categories":[38],"tags":[],"class_list":{"0":"post-97812","1":"post","2":"type-post","3":"status-publish","4":"format-standard","5":"has-post-thumbnail","7":"category-municipios"},"_links":{"self":[{"href":"https:\/\/senoticias.com.br\/se\/wp-json\/wp\/v2\/posts\/97812"}],"collection":[{"href":"https:\/\/senoticias.com.br\/se\/wp-json\/wp\/v2\/posts"}],"about":[{"href":"https:\/\/senoticias.com.br\/se\/wp-json\/wp\/v2\/types\/post"}],"author":[{"embeddable":true,"href":"https:\/\/senoticias.com.br\/se\/wp-json\/wp\/v2\/users\/2"}],"replies":[{"embeddable":true,"href":"https:\/\/senoticias.com.br\/se\/wp-json\/wp\/v2\/comments?post=97812"}],"version-history":[{"count":0,"href":"https:\/\/senoticias.com.br\/se\/wp-json\/wp\/v2\/posts\/97812\/revisions"}],"wp:featuredmedia":[{"embeddable":true,"href":"https:\/\/senoticias.com.br\/se\/wp-json\/wp\/v2\/media\/97813"}],"wp:attachment":[{"href":"https:\/\/senoticias.com.br\/se\/wp-json\/wp\/v2\/media?parent=97812"}],"wp:term":[{"taxonomy":"category","embeddable":true,"href":"https:\/\/senoticias.com.br\/se\/wp-json\/wp\/v2\/categories?post=97812"},{"taxonomy":"post_tag","embeddable":true,"href":"https:\/\/senoticias.com.br\/se\/wp-json\/wp\/v2\/tags?post=97812"}],"curies":[{"name":"wp","href":"https:\/\/api.w.org\/{rel}","templated":true}]}}