{"id":97809,"date":"2016-11-09T11:24:40","date_gmt":"2016-11-09T14:24:40","guid":{"rendered":"http:\/\/senoticias.com.br\/se\/?p=97809"},"modified":"2016-11-09T11:32:06","modified_gmt":"2016-11-09T14:32:06","slug":"garis-suspendem-a-coleta-do-lixo-em-aracaju","status":"publish","type":"post","link":"https:\/\/senoticias.com.br\/se\/garis-suspendem-a-coleta-do-lixo-em-aracaju\/","title":{"rendered":"Garis suspendem a coleta do lixo em Aracaju"},"content":{"rendered":"<div style=\"text-align: justify;\">\n<p>Os profissionais da limpeza urbana de Aracaju [garis e margaridas] est\u00e3o de bra\u00e7os cruzados desde a manh\u00e3 desta quarta-feira, 9, em rep\u00fadio aos atrasos do sal\u00e1rio e ticket alimenta\u00e7\u00e3o referentes ao m\u00eas de outubro,e pelas mais de 70 demiss\u00f5es ocorridas desde setembro. Uma assembleia ocorreu por volta das 6h da manh\u00e3 em frente \u00e0 empresa Cavo, e os trabalhadores optaram por paralisar as atividades at\u00e9 que o sal\u00e1rio seja quitado.<\/p>\n<div id=\"attachment_89620\" style=\"width: 608px\" class=\"wp-caption aligncenter\"><img loading=\"lazy\" decoding=\"async\" aria-describedby=\"caption-attachment-89620\" class=\"size-full wp-image-89620\" src=\"http:\/\/senoticias.com.br\/se\/wp-content\/uploads\/2016\/03\/Lixoparqueeditada1-e1457950226800.jpg\" alt=\"Profissionais da limpeza urbana de Aracaju paralisam atividades\" width=\"598\" height=\"336\" \/><p id=\"caption-attachment-89620\" class=\"wp-caption-text\">Profissionais da limpeza urbana de Aracaju paralisam atividades. (Foto: arquivo\/SE Noticias)<\/p><\/div>\n<\/div>\n<div style=\"text-align: justify;\"><\/div>\n<div style=\"text-align: justify;\">O Sindicato dos Trabalhadores da Limpeza P\u00fablica e Comercial de Sergipe (SIndelimp) espera que a Cavo e Prefeitura se entendam financeiramente, e os funcion\u00e1rios da limpeza urbana recebam seus sal\u00e1rios que n\u00e3o s\u00e3o mais do que seus direitos.<\/div>\n<div style=\"text-align: justify;\"><\/div>\n<div style=\"text-align: justify;\">A paralisa\u00e7\u00e3o durar\u00e1 at\u00e9 que a empresa respons\u00e1vel pelos trabalhadores quite os d\u00e9bitos com a classe para que ent\u00e3o, a coleta, varri\u00e7\u00e3o e outros servi\u00e7os de limpeza urbana possam ter sua continuidade normal.<img loading=\"lazy\" decoding=\"async\" class=\"aligncenter size-full wp-image-97770\" src=\"http:\/\/senoticias.com.br\/se\/wp-content\/uploads\/2016\/11\/Logo-fone-1-2-1.jpg\" alt=\"logo-fone-1-2-1\" width=\"599\" height=\"78\" srcset=\"https:\/\/senoticias.com.br\/se\/wp-content\/uploads\/2016\/11\/Logo-fone-1-2-1.jpg 599w, https:\/\/senoticias.com.br\/se\/wp-content\/uploads\/2016\/11\/Logo-fone-1-2-1-300x39.jpg 300w\" sizes=\"(max-width: 599px) 100vw, 599px\" \/><\/div>\n<div style=\"text-align: justify;\"><em>A<\/em><\/div>\n<div style=\"text-align: justify;\"><em>c<strong>ompanhe tamb\u00e9m o SE Not\u00edcias no<\/strong><strong>\u00a0<\/strong><strong><a href=\"https:\/\/twitter.com\/Senoticias\">Twitter<\/a>,<\/strong><strong>\u00a0<\/strong><strong><a href=\"https:\/\/www.facebook.com\/senoticias1\">Facebook<\/a><\/strong><strong>\u00a0<\/strong><strong>e no<\/strong><a href=\"https:\/\/www.instagram.com\/senoticias\/\"><strong>\u00a0<\/strong><strong>Instagram<\/strong><\/a><\/em><\/div>\n<div style=\"text-align: justify;\"><\/div>\n<div><em>Ascom\/Sindelimp|SE<\/em><\/div>\n","protected":false},"excerpt":{"rendered":"<p>Os profissionais da limpeza urbana de Aracaju [garis e margaridas] est\u00e3o de bra\u00e7os cruzados desde a manh\u00e3 desta quarta-feira, 9, em rep\u00fadio aos atrasos do sal\u00e1rio e ticket alimenta\u00e7\u00e3o referentes ao m\u00eas de outubro,e pelas mais de 70 demiss\u00f5es ocorridas desde setembro. Uma assembleia ocorreu por volta das 6h da manh\u00e3 em frente \u00e0 empresa [&hellip;]<\/p>\n","protected":false},"author":2,"featured_media":89620,"comment_status":"closed","ping_status":"closed","sticky":false,"template":"","format":"standard","meta":{"footnotes":""},"categories":[15],"tags":[],"class_list":{"0":"post-97809","1":"post","2":"type-post","3":"status-publish","4":"format-standard","5":"has-post-thumbnail","7":"category-destaques"},"_links":{"self":[{"href":"https:\/\/senoticias.com.br\/se\/wp-json\/wp\/v2\/posts\/97809"}],"collection":[{"href":"https:\/\/senoticias.com.br\/se\/wp-json\/wp\/v2\/posts"}],"about":[{"href":"https:\/\/senoticias.com.br\/se\/wp-json\/wp\/v2\/types\/post"}],"author":[{"embeddable":true,"href":"https:\/\/senoticias.com.br\/se\/wp-json\/wp\/v2\/users\/2"}],"replies":[{"embeddable":true,"href":"https:\/\/senoticias.com.br\/se\/wp-json\/wp\/v2\/comments?post=97809"}],"version-history":[{"count":0,"href":"https:\/\/senoticias.com.br\/se\/wp-json\/wp\/v2\/posts\/97809\/revisions"}],"wp:featuredmedia":[{"embeddable":true,"href":"https:\/\/senoticias.com.br\/se\/wp-json\/wp\/v2\/media\/89620"}],"wp:attachment":[{"href":"https:\/\/senoticias.com.br\/se\/wp-json\/wp\/v2\/media?parent=97809"}],"wp:term":[{"taxonomy":"category","embeddable":true,"href":"https:\/\/senoticias.com.br\/se\/wp-json\/wp\/v2\/categories?post=97809"},{"taxonomy":"post_tag","embeddable":true,"href":"https:\/\/senoticias.com.br\/se\/wp-json\/wp\/v2\/tags?post=97809"}],"curies":[{"name":"wp","href":"https:\/\/api.w.org\/{rel}","templated":true}]}}