{"id":97727,"date":"2016-11-07T09:09:13","date_gmt":"2016-11-07T12:09:13","guid":{"rendered":"http:\/\/senoticias.com.br\/se\/?p=97727"},"modified":"2016-11-07T22:38:31","modified_gmt":"2016-11-08T01:38:31","slug":"sergipe-contabiliza-18-homicidios-no-fim-de-semana","status":"publish","type":"post","link":"https:\/\/senoticias.com.br\/se\/sergipe-contabiliza-18-homicidios-no-fim-de-semana\/","title":{"rendered":"Sergipe contabiliza 18 homic\u00eddios no fim de semana"},"content":{"rendered":"<p style=\"text-align: justify;\">O Instituto M\u00e9dico Legal (IML) registrou 18 homic\u00eddios neste \u00faltimo final de semana em Sergipe. Os n\u00fameros representam 72% das mortes violentas, cujos corpos foram removidos pelo IML. Al\u00e9m dos 18 homic\u00eddios, o IML tamb\u00e9m registrou quatro acidentes de tr\u00e2nsito, e um soterramento, al\u00e9m de uma morte com causa ainda n\u00e3o identificada.<\/p>\n<div id=\"attachment_83858\" style=\"width: 608px\" class=\"wp-caption aligncenter\"><img loading=\"lazy\" decoding=\"async\" aria-describedby=\"caption-attachment-83858\" class=\"size-full wp-image-83858\" src=\"http:\/\/senoticias.com.br\/se\/wp-content\/uploads\/2015\/09\/capture-20150911-135550-e1443446878871.png\" alt=\"18 assassinatos foram registrados no fim de semana . (Foto: arquivo\/Denise Gomes \/ TV Sergipe) \" width=\"598\" height=\"447\" \/><p id=\"caption-attachment-83858\" class=\"wp-caption-text\">18 assassinatos foram registrados no fim de semana . (Foto: arquivo\/Denise Gomes \/ TV Sergipe)<\/p><\/div>\n<p style=\"text-align: justify;\">Os corpos foram removidos entre a sexta-feira, 4, e a madrugada desta segunda-feira, 7. Os homic\u00eddios aconteceram em Indiaroba, Aracaju, Po\u00e7o Verde, Malhada dos Bois, S\u00e3o Crist\u00f3v\u00e3o, Nossa Senhora da Gl\u00f3ria, Malhador, Nossa Senhora do Socorro, Santo Amaro, Laranjeiras, Japaratuba, Carm\u00f3polis e Propri\u00e1.<\/p>\n<p>Os acidentes foram registrados em Sim\u00e3o Dias, Riach\u00e3o do Dantas, Nossa Senhora da Gl\u00f3ria e Aracaju. O IML tamb\u00e9m removeu o corpo de uma v\u00edtima de um soterramento ocorrido em Campo do Brito.<\/p>\n<p>A Secretaria de Estado da Seguran\u00e7a P\u00fablica (SSP) investigar\u00e1 as circunst\u00e2ncias das mortes.<\/p>\n<p style=\"text-align: justify;\"><img loading=\"lazy\" decoding=\"async\" class=\"aligncenter size-full wp-image-97496\" src=\"http:\/\/senoticias.com.br\/se\/wp-content\/uploads\/2016\/10\/Logo-fone-1-2-1.jpg\" alt=\"logo-fone-1-2\" width=\"599\" height=\"78\" srcset=\"https:\/\/senoticias.com.br\/se\/wp-content\/uploads\/2016\/10\/Logo-fone-1-2-1.jpg 599w, https:\/\/senoticias.com.br\/se\/wp-content\/uploads\/2016\/10\/Logo-fone-1-2-1-300x39.jpg 300w\" sizes=\"(max-width: 599px) 100vw, 599px\" \/><\/p>\n<p style=\"text-align: justify;\"><em><strong>Acompanhe tamb\u00e9m o SE Not\u00edcias no<\/strong><strong>\u00a0<\/strong><strong><a href=\"https:\/\/twitter.com\/Senoticias\">Twitter<\/a>,<\/strong><strong>\u00a0<\/strong><strong><a href=\"https:\/\/www.facebook.com\/senoticias1\">Facebook<\/a><\/strong><strong>\u00a0<\/strong><strong>e no<\/strong><a href=\"https:\/\/www.instagram.com\/senoticias\/\"><strong>\u00a0<\/strong><strong>Instagram<\/strong><\/a><\/em><\/p>\n<p style=\"text-align: justify;\"><em>Informa\u00e7\u00f5es da <a href=\"http:\/\/www.infonet.com.br\/noticias\/cidade\/ler.asp?id=193148\">Infonet<\/a> e IML<\/em><\/p>\n","protected":false},"excerpt":{"rendered":"<p>O Instituto M\u00e9dico Legal (IML) registrou 18 homic\u00eddios neste \u00faltimo final de semana em Sergipe. Os n\u00fameros representam 72% das mortes violentas, cujos corpos foram removidos pelo IML. Al\u00e9m dos 18 homic\u00eddios, o IML tamb\u00e9m registrou quatro acidentes de tr\u00e2nsito, e um soterramento, al\u00e9m de uma morte com causa ainda n\u00e3o identificada. Os corpos foram [&hellip;]<\/p>\n","protected":false},"author":2,"featured_media":83858,"comment_status":"closed","ping_status":"closed","sticky":false,"template":"","format":"standard","meta":{"footnotes":""},"categories":[15,7],"tags":[],"class_list":{"0":"post-97727","1":"post","2":"type-post","3":"status-publish","4":"format-standard","5":"has-post-thumbnail","7":"category-destaques","8":"category-policia"},"_links":{"self":[{"href":"https:\/\/senoticias.com.br\/se\/wp-json\/wp\/v2\/posts\/97727"}],"collection":[{"href":"https:\/\/senoticias.com.br\/se\/wp-json\/wp\/v2\/posts"}],"about":[{"href":"https:\/\/senoticias.com.br\/se\/wp-json\/wp\/v2\/types\/post"}],"author":[{"embeddable":true,"href":"https:\/\/senoticias.com.br\/se\/wp-json\/wp\/v2\/users\/2"}],"replies":[{"embeddable":true,"href":"https:\/\/senoticias.com.br\/se\/wp-json\/wp\/v2\/comments?post=97727"}],"version-history":[{"count":0,"href":"https:\/\/senoticias.com.br\/se\/wp-json\/wp\/v2\/posts\/97727\/revisions"}],"wp:featuredmedia":[{"embeddable":true,"href":"https:\/\/senoticias.com.br\/se\/wp-json\/wp\/v2\/media\/83858"}],"wp:attachment":[{"href":"https:\/\/senoticias.com.br\/se\/wp-json\/wp\/v2\/media?parent=97727"}],"wp:term":[{"taxonomy":"category","embeddable":true,"href":"https:\/\/senoticias.com.br\/se\/wp-json\/wp\/v2\/categories?post=97727"},{"taxonomy":"post_tag","embeddable":true,"href":"https:\/\/senoticias.com.br\/se\/wp-json\/wp\/v2\/tags?post=97727"}],"curies":[{"name":"wp","href":"https:\/\/api.w.org\/{rel}","templated":true}]}}