{"id":97720,"date":"2016-11-06T22:45:20","date_gmt":"2016-11-07T01:45:20","guid":{"rendered":"http:\/\/senoticias.com.br\/se\/?p=97720"},"modified":"2016-11-06T22:52:47","modified_gmt":"2016-11-07T01:52:47","slug":"pm-que-dirigia-uber-em-sp-mata-3-que-tentaram-assalta-lo-veja-video","status":"publish","type":"post","link":"https:\/\/senoticias.com.br\/se\/pm-que-dirigia-uber-em-sp-mata-3-que-tentaram-assalta-lo-veja-video\/","title":{"rendered":"PM que dirigia Uber em SP mata 3 que tentaram assalt\u00e1-lo; veja v\u00eddeo"},"content":{"rendered":"<p style=\"text-align: justify;\"><em>Do <a href=\"http:\/\/g1.globo.com\/sao-paulo\/noticia\/2016\/11\/pm-que-dirigia-uber-mata-tres-que-tentaram-assalta-lo-em-sao-paulo.html\">G1<\/a> S\u00e3o Paulo<\/em><\/p>\n<p style=\"text-align: justify;\">Um policial militar que dirigia um carro do Uber matou dois homens e um adolescente que tentaram assalt\u00e1-lo durante corrida na tarde deste s\u00e1bado (5) na Cidade L\u00edder, Zona Leste de S\u00e3o Paulo, de acordo com a Secretaria da Seguran\u00e7a P\u00fablica (SSP). Um dos homens ainda n\u00e3o foi identificado pela pol\u00edcia. O outro tinha 19 anos, e o adolescente, 15.<\/p>\n<p style=\"text-align: justify;\">O caso est\u00e1 sendo investigado pela Divis\u00e3o de Homic\u00eddios do Departamento Estadual de Homic\u00eddios e de Prote\u00e7\u00e3o \u00e0 Pessoa. A secretaria n\u00e3o informou se ser\u00e1 aberto procedimento interno para apurar a conduta do policial militar.<\/p>\n<p style=\"text-align: justify;\">De acordo com a pasta da Seguran\u00e7a, o PM, que tamb\u00e9m \u00e9 motorista do Uber, recebeu uma solicita\u00e7\u00e3o de viagem feita por uma mulher. Ao chegar ao local, havia tr\u00eas homens, que pediram ao motorista para parar na casa de uma amiga no meio do caminho. Quando o carro parou, um dos homens anunciou o assalto e apontou a arma para o policial.<\/p>\n<p style=\"text-align: justify;\">Segundo a SSP, o policial reagiu \u00e0 tentativa de assalto, sacou uma arma e disparou contra os tr\u00eas assaltantes, que n\u00e3o resistiram aos ferimentos.<\/p>\n<p style=\"text-align: justify;\">No v\u00eddeo acima, gravado por c\u00e2meras de seguran\u00e7a, \u00e9 poss\u00edvel ver o momento em que um dos assaltantes aborda o motorista, j\u00e1 do lado de fora do carro. O policial reage, apontando a arma para o assaltante, que corre. O policial vai atr\u00e1s, e os outros dois assaltantes abrem a porta do carro para fugir. O PM volta e atira neles. Um dos assaltantes desaparece da imagem da c\u00e2mera, mas o outro fica ca\u00eddo no ch\u00e3o, com parte do corpo \u00e0 mostra.<\/p>\n<p style=\"text-align: justify;\">O v\u00eddeo mostra, ainda, que o policial voltou para ir atr\u00e1s do primeiro assaltante que o abordou. Em seguida, retorna para o carro e aponta a arma mais uma vez para o assaltante que est\u00e1 ca\u00eddo no ch\u00e3o. O PM aponta a arma para ele novamente, se aproxima do assaltante e chuta a cabe\u00e7a dele antes de se afastar outra vez.<\/p>\n<p style=\"text-align: justify;\">A Pol\u00edcia Civil encaminhou para per\u00edcia duas armas dos assaltantes mortos, uma calibre 32 e outra 38. O local do dos disparos tamb\u00e9m passou por per\u00edcia do Instituto de Criminal\u00edstica. O caso foi registrado como tentativa de roubo de ve\u00edculo, ato infracional e homic\u00eddio decorrente de oposi\u00e7\u00e3o \u00e0 interven\u00e7\u00e3o policial.<\/p>\n<p style=\"text-align: justify;\"><img loading=\"lazy\" decoding=\"async\" class=\"aligncenter size-full wp-image-97496\" src=\"http:\/\/senoticias.com.br\/se\/wp-content\/uploads\/2016\/10\/Logo-fone-1-2-1.jpg\" alt=\"logo-fone-1-2\" width=\"599\" height=\"78\" srcset=\"https:\/\/senoticias.com.br\/se\/wp-content\/uploads\/2016\/10\/Logo-fone-1-2-1.jpg 599w, https:\/\/senoticias.com.br\/se\/wp-content\/uploads\/2016\/10\/Logo-fone-1-2-1-300x39.jpg 300w\" sizes=\"(max-width: 599px) 100vw, 599px\" \/><\/p>\n<p style=\"text-align: justify;\"><em><strong>Acompanhe tamb\u00e9m o SE Not\u00edcias no<\/strong><strong>\u00a0<\/strong><strong><a href=\"https:\/\/twitter.com\/Senoticias\">Twitter<\/a>,<\/strong><strong>\u00a0<\/strong><strong><a href=\"https:\/\/www.facebook.com\/senoticias1\">Facebook<\/a><\/strong><strong>\u00a0<\/strong><strong>e no<\/strong><a href=\"https:\/\/www.instagram.com\/senoticias\/\"><strong>\u00a0<\/strong><strong>Instagram<\/strong><\/a><\/em><\/p>\n<p><iframe loading=\"lazy\" title=\"PM que dirigia UBER mata assaltantes\" width=\"500\" height=\"281\" src=\"https:\/\/www.youtube.com\/embed\/JkaocO9JwrI?feature=oembed\" frameborder=\"0\" allow=\"accelerometer; autoplay; clipboard-write; encrypted-media; gyroscope; picture-in-picture; web-share\" referrerpolicy=\"strict-origin-when-cross-origin\" allowfullscreen><\/iframe><\/p>\n","protected":false},"excerpt":{"rendered":"<p>Do G1 S\u00e3o Paulo Um policial militar que dirigia um carro do Uber matou dois homens e um adolescente que tentaram assalt\u00e1-lo durante corrida na tarde deste s\u00e1bado (5) na Cidade L\u00edder, Zona Leste de S\u00e3o Paulo, de acordo com a Secretaria da Seguran\u00e7a P\u00fablica (SSP). Um dos homens ainda n\u00e3o foi identificado pela pol\u00edcia. [&hellip;]<\/p>\n","protected":false},"author":2,"featured_media":0,"comment_status":"closed","ping_status":"closed","sticky":false,"template":"","format":"standard","meta":{"footnotes":""},"categories":[7],"tags":[],"class_list":{"0":"post-97720","1":"post","2":"type-post","3":"status-publish","4":"format-standard","6":"category-policia"},"_links":{"self":[{"href":"https:\/\/senoticias.com.br\/se\/wp-json\/wp\/v2\/posts\/97720"}],"collection":[{"href":"https:\/\/senoticias.com.br\/se\/wp-json\/wp\/v2\/posts"}],"about":[{"href":"https:\/\/senoticias.com.br\/se\/wp-json\/wp\/v2\/types\/post"}],"author":[{"embeddable":true,"href":"https:\/\/senoticias.com.br\/se\/wp-json\/wp\/v2\/users\/2"}],"replies":[{"embeddable":true,"href":"https:\/\/senoticias.com.br\/se\/wp-json\/wp\/v2\/comments?post=97720"}],"version-history":[{"count":0,"href":"https:\/\/senoticias.com.br\/se\/wp-json\/wp\/v2\/posts\/97720\/revisions"}],"wp:attachment":[{"href":"https:\/\/senoticias.com.br\/se\/wp-json\/wp\/v2\/media?parent=97720"}],"wp:term":[{"taxonomy":"category","embeddable":true,"href":"https:\/\/senoticias.com.br\/se\/wp-json\/wp\/v2\/categories?post=97720"},{"taxonomy":"post_tag","embeddable":true,"href":"https:\/\/senoticias.com.br\/se\/wp-json\/wp\/v2\/tags?post=97720"}],"curies":[{"name":"wp","href":"https:\/\/api.w.org\/{rel}","templated":true}]}}