{"id":97718,"date":"2016-11-06T22:29:49","date_gmt":"2016-11-07T01:29:49","guid":{"rendered":"http:\/\/senoticias.com.br\/se\/?p=97718"},"modified":"2016-11-06T22:29:49","modified_gmt":"2016-11-07T01:29:49","slug":"3o-encontro-arquidiocesano-do-terco-dos-homens-acontece-domingo-em-aracaju","status":"publish","type":"post","link":"https:\/\/senoticias.com.br\/se\/3o-encontro-arquidiocesano-do-terco-dos-homens-acontece-domingo-em-aracaju\/","title":{"rendered":"3\u00ba Encontro Arquidiocesano do Ter\u00e7o dos Homens acontece domingo em Aracaju"},"content":{"rendered":"<div style=\"text-align: justify;\">Presen\u00e7a viva em todas as par\u00f3quias da Arquidiocese de Aracaju, o Movimento do Ter\u00e7o dos Homens realiza em 13 de novembro (domingo) o \u00a0seu terceiro Encontro Arquidiocesano. A programa\u00e7\u00e3o do evento come\u00e7a \u00e0s 8h e se prolonga at\u00e9 \u00e0s 15h, com celebra\u00e7\u00e3o eucar\u00edstica presidida pelo Arcebispo Metropolitano Dom Jos\u00e9 Palmeira Lessa. \u00a0O tema do encontro est\u00e1 em sintonia com o Ano Santo da Miseric\u00f3rdia: \u00a0&#8220;Sede misericordiosos, como tamb\u00e9m vosso Pai \u00e9 misericordioso&#8221; (Lucas 6, 36).<\/p>\n<div id=\"attachment_97719\" style=\"width: 609px\" class=\"wp-caption aligncenter\"><img loading=\"lazy\" decoding=\"async\" aria-describedby=\"caption-attachment-97719\" class=\"size-full wp-image-97719\" src=\"http:\/\/senoticias.com.br\/se\/wp-content\/uploads\/2016\/11\/Encontro-Terco-dos-Homens-SE-Noticias-e1478482092679.jpg\" alt=\"Ter\u00e7o dos Homens promove 3\u00ba Encontro Arquidiocesano, em Aracaju. (Foto: arquivo\/Ter\u00e7o dos Homens)\" width=\"599\" height=\"449\" \/><p id=\"caption-attachment-97719\" class=\"wp-caption-text\">Ter\u00e7o dos Homens promove 3\u00ba Encontro Arquidiocesano, em Aracaju. (Foto: arquivo\/Ter\u00e7o dos Homens)<\/p><\/div>\n<\/div>\n<div style=\"text-align: justify;\"><\/div>\n<div style=\"text-align: justify;\">Al\u00e9m da recita\u00e7\u00e3o do Ter\u00e7o, haver\u00e1 testemunhos, mensagens de sacerdotes, homenagens e Adora\u00e7\u00e3o ao Sant\u00edssimo Sacramento. Esse encontro tamb\u00e9m tem o objetivo de celebrar os 80 anos de funda\u00e7\u00e3o do \u00a0grupo de Itabi\/SE, o primeiro do Brasil. Todos os membros de grupos de ora\u00e7\u00e3o que atuam na Arquidiocese s\u00e3o convidados. Esse movimento de f\u00e9 re\u00fane atualmente mais de 250 grupos na Arquidiocese de Aracaju.<\/div>\n<div style=\"text-align: justify;\"><\/div>\n<div style=\"text-align: justify;\">A Can\u00e7\u00e3o Nova, nas proximidades do Terminal DIA, em Aracaju, ser\u00e1 o local do evento. Os coordenadores de grupos devem informar com anteced\u00eancia o n\u00famero de pessoas que querem reservar quentinhas (9 9819-9572). \u00a0<img loading=\"lazy\" decoding=\"async\" class=\"aligncenter size-full wp-image-97496\" src=\"http:\/\/senoticias.com.br\/se\/wp-content\/uploads\/2016\/10\/Logo-fone-1-2-1.jpg\" alt=\"logo-fone-1-2\" width=\"599\" height=\"78\" srcset=\"https:\/\/senoticias.com.br\/se\/wp-content\/uploads\/2016\/10\/Logo-fone-1-2-1.jpg 599w, https:\/\/senoticias.com.br\/se\/wp-content\/uploads\/2016\/10\/Logo-fone-1-2-1-300x39.jpg 300w\" sizes=\"(max-width: 599px) 100vw, 599px\" \/><\/div>\n<div style=\"text-align: justify;\"><\/div>\n<div style=\"text-align: justify;\"><em><strong>Acompanhe tamb\u00e9m o SE Not\u00edcias no<\/strong><strong>\u00a0<\/strong><strong><a href=\"https:\/\/twitter.com\/Senoticias\">Twitter<\/a>,<\/strong><strong>\u00a0<\/strong><strong><a href=\"https:\/\/www.facebook.com\/senoticias1\">Facebook<\/a><\/strong><strong>\u00a0<\/strong><strong>e no<\/strong><a href=\"https:\/\/www.instagram.com\/senoticias\/\"><strong>\u00a0<\/strong><strong>Instagram<\/strong><\/a><\/em><\/div>\n<div style=\"text-align: justify;\"><\/div>\n<div style=\"text-align: justify;\"><em>Por Carlos Barbosa, Arquidiocese de Aracaju<\/em><\/div>\n","protected":false},"excerpt":{"rendered":"<p>Presen\u00e7a viva em todas as par\u00f3quias da Arquidiocese de Aracaju, o Movimento do Ter\u00e7o dos Homens realiza em 13 de novembro (domingo) o \u00a0seu terceiro Encontro Arquidiocesano. A programa\u00e7\u00e3o do evento come\u00e7a \u00e0s 8h e se prolonga at\u00e9 \u00e0s 15h, com celebra\u00e7\u00e3o eucar\u00edstica presidida pelo Arcebispo Metropolitano Dom Jos\u00e9 Palmeira Lessa. \u00a0O tema do encontro [&hellip;]<\/p>\n","protected":false},"author":2,"featured_media":97719,"comment_status":"closed","ping_status":"closed","sticky":false,"template":"","format":"standard","meta":{"footnotes":""},"categories":[46],"tags":[],"class_list":{"0":"post-97718","1":"post","2":"type-post","3":"status-publish","4":"format-standard","5":"has-post-thumbnail","7":"category-religiao"},"_links":{"self":[{"href":"https:\/\/senoticias.com.br\/se\/wp-json\/wp\/v2\/posts\/97718"}],"collection":[{"href":"https:\/\/senoticias.com.br\/se\/wp-json\/wp\/v2\/posts"}],"about":[{"href":"https:\/\/senoticias.com.br\/se\/wp-json\/wp\/v2\/types\/post"}],"author":[{"embeddable":true,"href":"https:\/\/senoticias.com.br\/se\/wp-json\/wp\/v2\/users\/2"}],"replies":[{"embeddable":true,"href":"https:\/\/senoticias.com.br\/se\/wp-json\/wp\/v2\/comments?post=97718"}],"version-history":[{"count":0,"href":"https:\/\/senoticias.com.br\/se\/wp-json\/wp\/v2\/posts\/97718\/revisions"}],"wp:featuredmedia":[{"embeddable":true,"href":"https:\/\/senoticias.com.br\/se\/wp-json\/wp\/v2\/media\/97719"}],"wp:attachment":[{"href":"https:\/\/senoticias.com.br\/se\/wp-json\/wp\/v2\/media?parent=97718"}],"wp:term":[{"taxonomy":"category","embeddable":true,"href":"https:\/\/senoticias.com.br\/se\/wp-json\/wp\/v2\/categories?post=97718"},{"taxonomy":"post_tag","embeddable":true,"href":"https:\/\/senoticias.com.br\/se\/wp-json\/wp\/v2\/tags?post=97718"}],"curies":[{"name":"wp","href":"https:\/\/api.w.org\/{rel}","templated":true}]}}