{"id":97715,"date":"2016-11-06T19:16:23","date_gmt":"2016-11-06T22:16:23","guid":{"rendered":"http:\/\/senoticias.com.br\/se\/?p=97715"},"modified":"2016-11-06T19:22:04","modified_gmt":"2016-11-06T22:22:04","slug":"saia-rodada-comanda-a-festa-republikana-da-villa-f5","status":"publish","type":"post","link":"https:\/\/senoticias.com.br\/se\/saia-rodada-comanda-a-festa-republikana-da-villa-f5\/","title":{"rendered":"Saia Rodada comanda a festa Republi\u2019Kana da Villa F5"},"content":{"rendered":"<p style=\"text-align: justify;\">A banda Saia Rodada via comandar a festa Republi\u2019Kana que acontece no dia 12 de novembro, a partir das 22h, na Villa F5, em Lagarto.<\/p>\n<div id=\"attachment_97717\" style=\"width: 609px\" class=\"wp-caption aligncenter\"><img loading=\"lazy\" decoding=\"async\" aria-describedby=\"caption-attachment-97717\" class=\"size-full wp-image-97717\" src=\"http:\/\/senoticias.com.br\/se\/wp-content\/uploads\/2016\/11\/Saia-rodada-em-Aracaju-SE-noticias-e1478470764209.jpg\" alt=\"Saia Rodada \u00e9 uma das atra\u00e7\u00f5es do evento (Foto: @saiarodadaoficial)\" width=\"599\" height=\"398\" \/><p id=\"caption-attachment-97717\" class=\"wp-caption-text\">Saia Rodada \u00e9 uma das atra\u00e7\u00f5es do evento (Foto: @saiarodadaoficial)<\/p><\/div>\n<p style=\"text-align: justify;\">O evento, que tem selo consolidado no Sul e Sudeste, promete reunir as maiores rep\u00fablicas universit\u00e1rias de todo o Estado, al\u00e9m de estudantes da regi\u00e3o e do p\u00fablico local.<\/p>\n<p style=\"text-align: justify;\">A festa ainda vai contar com toda alegria e irrever\u00eancia da banda Mamonas Assassinas Cover, do forr\u00f3 fashion banda Pegada de Vitrine. Os Djs Guto e Dantikoo agitam os intervalos.<\/p>\n<p>Os ingressos est\u00e3o \u00e0 venda na Loja Habyto (Lagarto) ou no site <strong><a href=\"https:\/\/likestore.com.br\/store\/showcase\/Villaf5\">www.bit.do\/villaf5<\/a><\/strong>. O valor \u00e9 R$ 30 (pista), R$ 50 (casadinha) e R$ 45 (camarote).<\/p>\n<p><em><strong>Acompanhe tamb\u00e9m o SE Not\u00edcias no<\/strong><strong>\u00a0<\/strong><strong><a href=\"https:\/\/twitter.com\/Senoticias\">Twitter<\/a>,<\/strong><strong>\u00a0<\/strong><strong><a href=\"https:\/\/www.facebook.com\/senoticias1\">Facebook<\/a><\/strong><strong>\u00a0<\/strong><strong>e no<\/strong><a href=\"https:\/\/www.instagram.com\/senoticias\/\"><strong>\u00a0<\/strong><strong>Instagram<\/strong><\/a><\/em><\/p>\n<p><img loading=\"lazy\" decoding=\"async\" class=\"aligncenter size-full wp-image-97496\" src=\"http:\/\/senoticias.com.br\/se\/wp-content\/uploads\/2016\/10\/Logo-fone-1-2-1.jpg\" alt=\"logo-fone-1-2\" width=\"599\" height=\"78\" srcset=\"https:\/\/senoticias.com.br\/se\/wp-content\/uploads\/2016\/10\/Logo-fone-1-2-1.jpg 599w, https:\/\/senoticias.com.br\/se\/wp-content\/uploads\/2016\/10\/Logo-fone-1-2-1-300x39.jpg 300w\" sizes=\"(max-width: 599px) 100vw, 599px\" \/><\/p>\n<p><em>Informa\u00e7\u00f5es da Assessoria do evento<\/em><\/p>\n","protected":false},"excerpt":{"rendered":"<p>A banda Saia Rodada via comandar a festa Republi\u2019Kana que acontece no dia 12 de novembro, a partir das 22h, na Villa F5, em Lagarto. O evento, que tem selo consolidado no Sul e Sudeste, promete reunir as maiores rep\u00fablicas universit\u00e1rias de todo o Estado, al\u00e9m de estudantes da regi\u00e3o e do p\u00fablico local. A [&hellip;]<\/p>\n","protected":false},"author":2,"featured_media":97717,"comment_status":"closed","ping_status":"closed","sticky":false,"template":"","format":"standard","meta":{"footnotes":""},"categories":[8],"tags":[],"class_list":{"0":"post-97715","1":"post","2":"type-post","3":"status-publish","4":"format-standard","5":"has-post-thumbnail","7":"category-esporte-e-cultura"},"_links":{"self":[{"href":"https:\/\/senoticias.com.br\/se\/wp-json\/wp\/v2\/posts\/97715"}],"collection":[{"href":"https:\/\/senoticias.com.br\/se\/wp-json\/wp\/v2\/posts"}],"about":[{"href":"https:\/\/senoticias.com.br\/se\/wp-json\/wp\/v2\/types\/post"}],"author":[{"embeddable":true,"href":"https:\/\/senoticias.com.br\/se\/wp-json\/wp\/v2\/users\/2"}],"replies":[{"embeddable":true,"href":"https:\/\/senoticias.com.br\/se\/wp-json\/wp\/v2\/comments?post=97715"}],"version-history":[{"count":0,"href":"https:\/\/senoticias.com.br\/se\/wp-json\/wp\/v2\/posts\/97715\/revisions"}],"wp:featuredmedia":[{"embeddable":true,"href":"https:\/\/senoticias.com.br\/se\/wp-json\/wp\/v2\/media\/97717"}],"wp:attachment":[{"href":"https:\/\/senoticias.com.br\/se\/wp-json\/wp\/v2\/media?parent=97715"}],"wp:term":[{"taxonomy":"category","embeddable":true,"href":"https:\/\/senoticias.com.br\/se\/wp-json\/wp\/v2\/categories?post=97715"},{"taxonomy":"post_tag","embeddable":true,"href":"https:\/\/senoticias.com.br\/se\/wp-json\/wp\/v2\/tags?post=97715"}],"curies":[{"name":"wp","href":"https:\/\/api.w.org\/{rel}","templated":true}]}}