{"id":97711,"date":"2016-11-06T18:54:47","date_gmt":"2016-11-06T21:54:47","guid":{"rendered":"http:\/\/senoticias.com.br\/se\/?p=97711"},"modified":"2016-11-07T09:10:20","modified_gmt":"2016-11-07T12:10:20","slug":"veja-o-gol-do-lider-palmeiras-contra-o-internacional","status":"publish","type":"post","link":"https:\/\/senoticias.com.br\/se\/veja-o-gol-do-lider-palmeiras-contra-o-internacional\/","title":{"rendered":"Palmeiras derrota o Internacional e j\u00e1 se aproxima do t\u00edtulo brasileiro"},"content":{"rendered":"<p style=\"text-align: justify;\">O Palmeiras est\u00e1 cada vez mais pr\u00f3ximo de encerrar o jejum de 22 anos sem t\u00edtulos brasileiros. O time dirigido por Cuca venceu o Internacional por 1 a 0, neste domingo, no Palestra It\u00e1lia, e abriu seis pontos de vantagem para o vice-l\u00edder Santos. O Verd\u00e3o, que ocupa a ponta\u00a0do Campeonato Brasileiro desde a 19\u00aa rodada, soma\u00a070 pontos e caminhar\u00e1 para uma conquista antecipada se mantiver a regularidade. Faltam s\u00f3 quatro jogos para o fim da competi\u00e7\u00e3o.<\/p>\n<div id=\"attachment_97712\" style=\"width: 609px\" class=\"wp-caption aligncenter\"><img loading=\"lazy\" decoding=\"async\" aria-describedby=\"caption-attachment-97712\" class=\"size-full wp-image-97712\" src=\"http:\/\/senoticias.com.br\/se\/wp-content\/uploads\/2016\/11\/PAlmeiras-vence-SE-Noticias-e1478469479896.jpg\" alt=\"O meia Cleiton Xavier foi o autor do gol da vit\u00f3ria do Palmeiras sobre o Internacional (Foto: Djalma Vass\u00e3o\/Gazeta Press)\" width=\"599\" height=\"399\" \/><p id=\"caption-attachment-97712\" class=\"wp-caption-text\">O meia Cleiton Xavier foi o autor do gol da vit\u00f3ria do Palmeiras sobre o Internacional (Foto: Djalma Vass\u00e3o\/Gazeta Press)<\/p><\/div>\n<p style=\"text-align: justify;\">Com o cancelamento do show da cantora Mariah Carey, que estava previsto para a \u00faltima ter\u00e7a-feira, o gramado do Palestra It\u00e1lia teve tempo para se recuperar e apresentou melhoras. Uma forte chuva tamb\u00e9m atingiu a cidade de S\u00e3o Paulo na hora da partida, mas o sistema de drenagem funcionou bem e evitou o ac\u00famulo de \u00e1gua.<\/p>\n<p style=\"text-align: justify;\">Para driblar os problemas com o gramado, Cuca modificou o meio-campo e escalou o volante Thiago Santos e o meia Cleiton Xavier como titulares. As altera\u00e7\u00f5es tamb\u00e9m foram feitas\u00a0por conta da\u00a0suspens\u00e3o de Mois\u00e9s. E o resultado n\u00e3o poderia ter sido melhor. Foi justamente Cleiton Xavier que balan\u00e7ou a rede, aos 16 do primeiro tempo, ap\u00f3s passe\u00a0de Thiago Santos.<\/p>\n<p style=\"text-align: justify;\">O pr\u00f3ximo passo do Palmeiras rumo ao t\u00edtulo s\u00f3 poder\u00e1 ser dado no dia 17, j\u00e1 que o Brasileir\u00e3o ser\u00e1 interrompido para a disputa das Eliminat\u00f3rias \u00e0 Copa do Mundo de 2018. Na retomada da campeonato, o time\u00a0enfrenta o Atl\u00e9tico-MG, atual quarto colocado, no est\u00e1dio Independ\u00eancia.<\/p>\n<p style=\"text-align: justify;\">O Inter, que corre s\u00e9rios riscos de ser rebaixado, tamb\u00e9m ir\u00e1 a campo no mesmo dia, contra a Ponte Preta, no Beira-Rio. O Colorado caiu para a 17\u00aa\u00a0posi\u00e7\u00e3o, na zona da degola, e soma apenas 38 pontos \u2013 um a menos do que\u00a0os concorrentes Coritiba e Vit\u00f3ria.<\/p>\n<p style=\"text-align: justify;\"><strong>O Jogo \u2013\u00a0<\/strong>Foi debaixo de chuva que Palmeiras e Internacional deram o pontap\u00e9 inicial. Os alviverdes, que tinham a pretens\u00e3o de segurar a bola no meio-campo, foram obrigados a mudar de estrat\u00e9gia devido \u00e0s condi\u00e7\u00f5es clim\u00e1ticas. Nos minutos iniciais, tudo se resumiu a tentativas de encontrar Gabriel Jesus. O atacante brigou a todo instante com a zaga, mas foi pouco efetivo.<\/p>\n<p style=\"text-align: justify;\">O Colorado\u00a0tentou se beneficiar da desorganiza\u00e7\u00e3o do Palmeiras e buscou jogadas de ataque pelas laterais, mas a aus\u00eancia do lesionado Vitinho foi sentida pelos ga\u00fachos. A situa\u00e7\u00e3o s\u00f3 melhorou para o Verd\u00e3o aos 16 minutos. Ap\u00f3s escanteio cobrado por Dudu, Thiago Santos desviou a bola para o centro da \u00e1rea e Cleiton Xavier s\u00f3 teve o trabalho de concluir para o gol.<\/p>\n<p style=\"text-align: justify;\">Acomodado com a vantagem, o Palmeiras n\u00e3o precisou se esfor\u00e7ar muito para conter o Inter. A \u00fanica chance de perigo que os ga\u00fachos criaram foi uma falta batida por Alex \u00e0 direita do gol de Jailson, aos 30 minutos. Mas a tranquilidade defensiva n\u00e3o foi sin\u00f4nimo de press\u00e3o no campo de ataque.<\/p>\n<p style=\"text-align: justify;\">O Palmeiras sofreu com as atua\u00e7\u00f5es apagadas de Dudu e R\u00f3ger Guedes, que sentiu um problema f\u00edsico e foi substitu\u00eddo por Alecsandro no intervalo. A equipe\u00a0s\u00f3 voltou a levantar os torcedores nos acr\u00e9scimos da etapa inicial, ap\u00f3s Danilo Fernandes defender uma cabe\u00e7ada no \u00e2ngulo de Vitor Hugo.<\/p>\n<p style=\"text-align: justify;\">No segundo tempo, a primeira chance de perigo foi do Inter. Anderson foi acionado em contra-ataque, aos oito minutos, e perdeu grande chance ao finalizar para fora. Ele\u00a0foi atrapalhado por Thiago Santos na entrada da \u00e1rea e n\u00e3o conseguiu acertar o chute.<\/p>\n<p style=\"text-align: justify;\">Nos minutos seguintes, a entrega dos defensores foram os \u00fanicos motivos para a torcida do Palmeiras comemorar. O time teve uma atua\u00e7\u00e3o fraca no campo ofensivo e pouco produziu para amea\u00e7ar Danilo Fernandes. Uma boa chance surgiu s\u00f3 aos 24 minutos, ap\u00f3s Fabiano mandar um chute cruzado para fora.<\/p>\n<p style=\"text-align: justify;\">O Inter, aos 35 minutos, assustou com uma finaliza\u00e7\u00e3o de Diego que passou pr\u00f3xima ao \u00e2ngulo de Jailson. J\u00e1 o Palmeiras ficou perto do segundo gol, mas um chute de Gabriel Jesus, aos 41, carimbou a trave de Danilo Fernandes.\u00a0Com a chance perdida, o camisa 33 chegou ao oitavo jogo sem balan\u00e7ar as redes.<\/p>\n<p>Ao t\u00e9rmino do duelo, os jogadores ajoelharam no centro do gramado, fizeram uma ora\u00e7\u00e3o e agradeceram ao apoio da torcida. O atacante Dudu e o goleiro Jailson se emocionaram com o momento e deixaram o campo chorando. Agora, o\u00a0Palmeiras precisa de duas vit\u00f3rias e um empate para ser campe\u00e3o brasileiro.<\/p>\n<p><strong>FICHA T\u00c9CNICA<\/strong><br \/>\n<strong>PALMEIRAS 1 X 0 INTERNACIONAL<\/strong><\/p>\n<p><strong>Local:<\/strong> Est\u00e1dio Palestra It\u00e1lia, em S\u00e3o Paulo (SP)<br \/>\n<strong>Data:<\/strong> 06 de novembro de 2016, domingo<br \/>\n<strong>Hor\u00e1rio:<\/strong> 17 horas (de Bras\u00edlia)<br \/>\n<strong>\u00c1rbitro:<\/strong> Pericles Bassols Pegado Cortez (PE)<br \/>\n<strong>Assistentes:<\/strong> Cl\u00f3vis Amaral da Silva e Cleberson do Nascimento Leite (ambos de PE)<br \/>\n<strong>P\u00fablico:<\/strong>\u00a031.967<br \/>\n<strong>Renda:<\/strong> R$ 2.112.466,12<\/p>\n<p><strong>GOL:<\/strong><br \/>\nPALMEIRAS: Cleiton Xavier, aos 16 minutos do primeiro tempo<\/p>\n<p><strong>PALMEIRAS:<\/strong> Jailson; Jean, Yerry Mina, Vitor Hugo e Z\u00e9 Roberto; Thiago Santos (Gabriel), Tch\u00ea Tch\u00ea e Cleiton Xavier (Fabiano); R\u00f3ger Guedes (Alecsandro), Dudu e Gabriel Jesus<br \/>\n<strong>T\u00e9cnico:<\/strong> Cuca<\/p>\n<p><strong>INTERNACIONAL:<\/strong> Danilo Fernandes; Cear\u00e1 (Eduardo Sasha), Paul\u00e3o, Ernando e Geferson; Rodrigo Dourado, Anselmo, Anderson, William e Alex (Vald\u00edvia); Aylon (Diego)<br \/>\n<strong>T\u00e9cnico:<\/strong> Celso Roth<\/p>\n<p><img loading=\"lazy\" decoding=\"async\" class=\"aligncenter size-full wp-image-97496\" src=\"http:\/\/senoticias.com.br\/se\/wp-content\/uploads\/2016\/10\/Logo-fone-1-2-1.jpg\" alt=\"logo-fone-1-2\" width=\"599\" height=\"78\" srcset=\"https:\/\/senoticias.com.br\/se\/wp-content\/uploads\/2016\/10\/Logo-fone-1-2-1.jpg 599w, https:\/\/senoticias.com.br\/se\/wp-content\/uploads\/2016\/10\/Logo-fone-1-2-1-300x39.jpg 300w\" sizes=\"(max-width: 599px) 100vw, 599px\" \/><\/p>\n<p><em><strong>Acompanhe tamb\u00e9m o SE Not\u00edcias no<\/strong><strong>\u00a0<\/strong><strong><a href=\"https:\/\/twitter.com\/Senoticias\">Twitter<\/a>,<\/strong><strong>\u00a0<\/strong><strong><a href=\"https:\/\/www.facebook.com\/senoticias1\">Facebook<\/a><\/strong><strong>\u00a0<\/strong><strong>e no<\/strong><a href=\"https:\/\/www.instagram.com\/senoticias\/\"><strong>\u00a0<\/strong><strong>Instagram<\/strong><\/a><\/em><\/p>\n<p><em>Gazeta Esportiva<\/em><\/p>\n","protected":false},"excerpt":{"rendered":"<p>O Palmeiras est\u00e1 cada vez mais pr\u00f3ximo de encerrar o jejum de 22 anos sem t\u00edtulos brasileiros. O time dirigido por Cuca venceu o Internacional por 1 a 0, neste domingo, no Palestra It\u00e1lia, e abriu seis pontos de vantagem para o vice-l\u00edder Santos. O Verd\u00e3o, que ocupa a ponta\u00a0do Campeonato Brasileiro desde a 19\u00aa [&hellip;]<\/p>\n","protected":false},"author":2,"featured_media":97712,"comment_status":"closed","ping_status":"closed","sticky":false,"template":"","format":"standard","meta":{"footnotes":""},"categories":[26],"tags":[],"class_list":{"0":"post-97711","1":"post","2":"type-post","3":"status-publish","4":"format-standard","5":"has-post-thumbnail","7":"category-esportes"},"_links":{"self":[{"href":"https:\/\/senoticias.com.br\/se\/wp-json\/wp\/v2\/posts\/97711"}],"collection":[{"href":"https:\/\/senoticias.com.br\/se\/wp-json\/wp\/v2\/posts"}],"about":[{"href":"https:\/\/senoticias.com.br\/se\/wp-json\/wp\/v2\/types\/post"}],"author":[{"embeddable":true,"href":"https:\/\/senoticias.com.br\/se\/wp-json\/wp\/v2\/users\/2"}],"replies":[{"embeddable":true,"href":"https:\/\/senoticias.com.br\/se\/wp-json\/wp\/v2\/comments?post=97711"}],"version-history":[{"count":0,"href":"https:\/\/senoticias.com.br\/se\/wp-json\/wp\/v2\/posts\/97711\/revisions"}],"wp:featuredmedia":[{"embeddable":true,"href":"https:\/\/senoticias.com.br\/se\/wp-json\/wp\/v2\/media\/97712"}],"wp:attachment":[{"href":"https:\/\/senoticias.com.br\/se\/wp-json\/wp\/v2\/media?parent=97711"}],"wp:term":[{"taxonomy":"category","embeddable":true,"href":"https:\/\/senoticias.com.br\/se\/wp-json\/wp\/v2\/categories?post=97711"},{"taxonomy":"post_tag","embeddable":true,"href":"https:\/\/senoticias.com.br\/se\/wp-json\/wp\/v2\/tags?post=97711"}],"curies":[{"name":"wp","href":"https:\/\/api.w.org\/{rel}","templated":true}]}}