{"id":97545,"date":"2016-10-31T06:07:09","date_gmt":"2016-10-31T09:07:09","guid":{"rendered":"http:\/\/senoticias.com.br\/se\/?p=97545"},"modified":"2016-10-31T06:07:09","modified_gmt":"2016-10-31T09:07:09","slug":"aracaju-sera-governada-por-uma-pessoa-etica-diz-gustinho-ribeiro","status":"publish","type":"post","link":"https:\/\/senoticias.com.br\/se\/aracaju-sera-governada-por-uma-pessoa-etica-diz-gustinho-ribeiro\/","title":{"rendered":"Aracaju ser\u00e1 governada por uma pessoa \u00e9tica, diz Gustinho Ribeiro"},"content":{"rendered":"<div id=\"attachment_97546\" style=\"width: 260px\" class=\"wp-caption alignright\"><img loading=\"lazy\" decoding=\"async\" aria-describedby=\"caption-attachment-97546\" class=\"size-full wp-image-97546\" src=\"http:\/\/senoticias.com.br\/se\/wp-content\/uploads\/2016\/10\/Gustinho-Ribeiro-SE-Noticias.jpg\" alt=\"Gustinho Ribeiro com Eliane Aquino e Edvaldo Nogueira. (Foto: ascom)\" width=\"250\" height=\"250\" srcset=\"https:\/\/senoticias.com.br\/se\/wp-content\/uploads\/2016\/10\/Gustinho-Ribeiro-SE-Noticias.jpg 250w, https:\/\/senoticias.com.br\/se\/wp-content\/uploads\/2016\/10\/Gustinho-Ribeiro-SE-Noticias-150x150.jpg 150w\" sizes=\"(max-width: 250px) 100vw, 250px\" \/><p id=\"caption-attachment-97546\" class=\"wp-caption-text\">Gustinho Ribeiro com Eliane Aquino e Edvaldo Nogueira. (Foto: ascom)<\/p><\/div>\n<p style=\"text-align: justify;\">A vit\u00f3ria de Edvaldo Nogueira no segundo turno da elei\u00e7\u00e3o para prefeito de Aracaju, neste domingo, 30, foi acompanhada de perto pelo deputado Gustinho Ribeiro (PRP), que esteve ao lado do candidato do PCdoB durante toda a campanha. Gustinho comemorou e afirmou como ser\u00e1 a gest\u00e3o de Edvaldo ao lado da vice Eliane Aquino.<\/p>\n<p style=\"text-align: justify;\">\u201cEdvaldo representa a certeza. A certeza de que Aracaju ser\u00e1 governada por uma pessoa \u00e9tica, honesta e experiente, que j\u00e1 trabalhou para resolver os problemas da capital e que conseguiu transformar Aracaju na cidade da qualidade vida. Ele mais experiente far\u00e1 um trabalho ainda melhor\u201d, disse o deputado \u00e0s emissoras de r\u00e1dio e portais de not\u00edcias do estado.<\/p>\n<p style=\"text-align: justify;\">O deputado parabenizou a escolha do povo aracajuano por Edvaldo, livrando a capital de ser governada por grupos que n\u00e3o priorizam as camadas populares.<\/p>\n<p style=\"text-align: justify;\">\u201cO povo de Sergipe n\u00e3o apoia esses acordos sem nenhum tipo de ideologia, sem nenhum tipo de programa, nenhum projeto para a sociedade. Acordos que s\u00e3o feitos para chegar apenas ao poder e satisfazer projetos pessoais, familiares, empresariais, projetos que n\u00e3o s\u00e3o do povo\u201d, afirmou. \u201cEdvado tinha o povo. O acordo foi com o povo de Aracaju\u201d.<\/p>\n<p style=\"text-align: justify;\">Edvaldo foi eleito prefeito de Aracaju com 146.271 votos, o que corresponde a 52,11% dos votos v\u00e1lidos. A vit\u00f3ria marca o retorno dele \u00e0 prefeitura da capital sergipana quatro anos ap\u00f3s deixar o comando da cidade.<\/p>\n<p style=\"text-align: justify;\"><img loading=\"lazy\" decoding=\"async\" class=\"aligncenter size-full wp-image-97496\" src=\"http:\/\/senoticias.com.br\/se\/wp-content\/uploads\/2016\/10\/Logo-fone-1-2-1.jpg\" alt=\"logo-fone-1-2\" width=\"599\" height=\"78\" srcset=\"https:\/\/senoticias.com.br\/se\/wp-content\/uploads\/2016\/10\/Logo-fone-1-2-1.jpg 599w, https:\/\/senoticias.com.br\/se\/wp-content\/uploads\/2016\/10\/Logo-fone-1-2-1-300x39.jpg 300w\" sizes=\"(max-width: 599px) 100vw, 599px\" \/><\/p>\n<p style=\"text-align: justify;\"><em><strong>Acompanhe tamb\u00e9m o SE Not\u00edcias no<\/strong><strong>\u00a0<\/strong><strong><a href=\"https:\/\/twitter.com\/Senoticias\">Twitter<\/a>,<\/strong><strong>\u00a0<\/strong><strong><a href=\"https:\/\/www.facebook.com\/senoticias1\">Facebook<\/a><\/strong><strong>\u00a0<\/strong><strong>e no<\/strong><a href=\"https:\/\/www.instagram.com\/senoticias\/\"><strong>\u00a0<\/strong><strong>Instagram<\/strong><\/a><\/em><\/p>\n<p><strong>Da Assessoria de Imprensa<\/strong><\/p>\n","protected":false},"excerpt":{"rendered":"<p>A vit\u00f3ria de Edvaldo Nogueira no segundo turno da elei\u00e7\u00e3o para prefeito de Aracaju, neste domingo, 30, foi acompanhada de perto pelo deputado Gustinho Ribeiro (PRP), que esteve ao lado do candidato do PCdoB durante toda a campanha. Gustinho comemorou e afirmou como ser\u00e1 a gest\u00e3o de Edvaldo ao lado da vice Eliane Aquino. \u201cEdvaldo [&hellip;]<\/p>\n","protected":false},"author":2,"featured_media":97546,"comment_status":"closed","ping_status":"closed","sticky":false,"template":"","format":"standard","meta":{"footnotes":""},"categories":[6],"tags":[698,635,1564,1562,1563,1565],"class_list":{"0":"post-97545","1":"post","2":"type-post","3":"status-publish","4":"format-standard","5":"has-post-thumbnail","7":"category-politica","8":"tag-edvaldo-nogueira","9":"tag-eleicoes-2016","10":"tag-eliane-aquino","11":"tag-gustinho-ribeiro","12":"tag-gustinho-ribeiro-deputado-estadual","13":"tag-prefeito-de-aracaju"},"_links":{"self":[{"href":"https:\/\/senoticias.com.br\/se\/wp-json\/wp\/v2\/posts\/97545"}],"collection":[{"href":"https:\/\/senoticias.com.br\/se\/wp-json\/wp\/v2\/posts"}],"about":[{"href":"https:\/\/senoticias.com.br\/se\/wp-json\/wp\/v2\/types\/post"}],"author":[{"embeddable":true,"href":"https:\/\/senoticias.com.br\/se\/wp-json\/wp\/v2\/users\/2"}],"replies":[{"embeddable":true,"href":"https:\/\/senoticias.com.br\/se\/wp-json\/wp\/v2\/comments?post=97545"}],"version-history":[{"count":0,"href":"https:\/\/senoticias.com.br\/se\/wp-json\/wp\/v2\/posts\/97545\/revisions"}],"wp:featuredmedia":[{"embeddable":true,"href":"https:\/\/senoticias.com.br\/se\/wp-json\/wp\/v2\/media\/97546"}],"wp:attachment":[{"href":"https:\/\/senoticias.com.br\/se\/wp-json\/wp\/v2\/media?parent=97545"}],"wp:term":[{"taxonomy":"category","embeddable":true,"href":"https:\/\/senoticias.com.br\/se\/wp-json\/wp\/v2\/categories?post=97545"},{"taxonomy":"post_tag","embeddable":true,"href":"https:\/\/senoticias.com.br\/se\/wp-json\/wp\/v2\/tags?post=97545"}],"curies":[{"name":"wp","href":"https:\/\/api.w.org\/{rel}","templated":true}]}}