{"id":97403,"date":"2016-10-26T14:22:24","date_gmt":"2016-10-26T17:22:24","guid":{"rendered":"http:\/\/senoticias.com.br\/se\/?p=97403"},"modified":"2016-10-26T14:36:24","modified_gmt":"2016-10-26T17:36:24","slug":"policia-civil-investiga-morte-de-empresario-no-bairro-atalaia-policia-civil-investiga-morte-de-empresario-no-bairro-atalaia","status":"publish","type":"post","link":"https:\/\/senoticias.com.br\/se\/policia-civil-investiga-morte-de-empresario-no-bairro-atalaia-policia-civil-investiga-morte-de-empresario-no-bairro-atalaia\/","title":{"rendered":"Pol\u00edcia Civil investiga morte de empres\u00e1rio no bairro Atalaia"},"content":{"rendered":"<div id=\"attachment_97388\" style=\"width: 318px\" class=\"wp-caption alignleft\"><img loading=\"lazy\" decoding=\"async\" aria-describedby=\"caption-attachment-97388\" class=\"size-full wp-image-97388\" src=\"http:\/\/senoticias.com.br\/se\/wp-content\/uploads\/2016\/10\/Dono-de-bar-assassinado-SE-noticias-1.jpg\" alt=\" Propriet\u00e1rio do Restaurante Salom\u00e9, Igor de Faro Franco, foi assasinado friamente&gt; (Foto: redes Sociais)\" width=\"308\" height=\"339\" srcset=\"https:\/\/senoticias.com.br\/se\/wp-content\/uploads\/2016\/10\/Dono-de-bar-assassinado-SE-noticias-1.jpg 308w, https:\/\/senoticias.com.br\/se\/wp-content\/uploads\/2016\/10\/Dono-de-bar-assassinado-SE-noticias-1-273x300.jpg 273w\" sizes=\"(max-width: 308px) 100vw, 308px\" \/><p id=\"caption-attachment-97388\" class=\"wp-caption-text\">Propriet\u00e1rio do Restaurante Salom\u00e9, Igor de Faro Franco, foi assassinado friamente. (Foto: redes Sociais)<\/p><\/div>\n<p style=\"text-align: justify;\">O Departamento de Homic\u00eddios e Prote\u00e7\u00e3o \u00e0 Pessoa (DHPP) e a Delegacia de Roubos e Furtos (Derof) v\u00e3o investigar a <a href=\"http:\/\/senoticias.com.br\/se\/assassinado-proprietario-do-restaurante-salome-na-atalaia-assista\/\"><strong>morte do empres\u00e1rio Igor de Faro Franc<\/strong><\/a>o, de 31 anos, propriet\u00e1rio do bar Salom\u00e9, situado na orla da Atalaia. Equipes policiais compareceram ao local e verificaram o circuito interno de TV.<\/p>\n<p style=\"text-align: justify;\">As testemunhas ouvidas pelo Departamento de Homic\u00eddios relataram a situa\u00e7\u00e3o \u00e0 Pol\u00edcia Civil. Equipes do Batalh\u00e3o de Policiamento Tur\u00edstico (BPTur) e Batalh\u00e3o de Pol\u00edcia de Radiopatrulha (BPRp) chegaram rapidamente ao local e iniciaram as dilig\u00eancias, no sentido de identificar e prender os autores.<\/p>\n<p style=\"text-align: justify;\">As imagens mostram a a\u00e7\u00e3o de dois homens, mas a pol\u00edcia n\u00e3o adianta quais as possibilidades para que um deles, usando supostamente um rev\u00f3lver, tenha atirado. As investiga\u00e7\u00f5es ficar\u00e3o a cargo das delegadas Thereza Simony, do DHPP, e Juliana Alcoforado, da Derof.<\/p>\n<p style=\"text-align: justify;\"><img loading=\"lazy\" decoding=\"async\" class=\"aligncenter size-full wp-image-97253\" src=\"http:\/\/senoticias.com.br\/se\/wp-content\/uploads\/2016\/10\/Logo-fone-1-2.jpg\" alt=\"logo-fone-1\" width=\"599\" height=\"78\" srcset=\"https:\/\/senoticias.com.br\/se\/wp-content\/uploads\/2016\/10\/Logo-fone-1-2.jpg 599w, https:\/\/senoticias.com.br\/se\/wp-content\/uploads\/2016\/10\/Logo-fone-1-2-300x39.jpg 300w\" sizes=\"(max-width: 599px) 100vw, 599px\" \/><\/p>\n<p style=\"text-align: justify;\"><strong><em>Informa\u00e7\u00f5es da SSP\/SE<\/em><\/strong><\/p>\n","protected":false},"excerpt":{"rendered":"<p>O Departamento de Homic\u00eddios e Prote\u00e7\u00e3o \u00e0 Pessoa (DHPP) e a Delegacia de Roubos e Furtos (Derof) v\u00e3o investigar a morte do empres\u00e1rio Igor de Faro Franco, de 31 anos, propriet\u00e1rio do bar Salom\u00e9, situado na orla da Atalaia. Equipes policiais compareceram ao local e verificaram o circuito interno de TV. As testemunhas ouvidas pelo [&hellip;]<\/p>\n","protected":false},"author":2,"featured_media":97388,"comment_status":"closed","ping_status":"closed","sticky":false,"template":"","format":"standard","meta":{"footnotes":""},"categories":[7],"tags":[],"class_list":{"0":"post-97403","1":"post","2":"type-post","3":"status-publish","4":"format-standard","5":"has-post-thumbnail","7":"category-policia"},"_links":{"self":[{"href":"https:\/\/senoticias.com.br\/se\/wp-json\/wp\/v2\/posts\/97403"}],"collection":[{"href":"https:\/\/senoticias.com.br\/se\/wp-json\/wp\/v2\/posts"}],"about":[{"href":"https:\/\/senoticias.com.br\/se\/wp-json\/wp\/v2\/types\/post"}],"author":[{"embeddable":true,"href":"https:\/\/senoticias.com.br\/se\/wp-json\/wp\/v2\/users\/2"}],"replies":[{"embeddable":true,"href":"https:\/\/senoticias.com.br\/se\/wp-json\/wp\/v2\/comments?post=97403"}],"version-history":[{"count":0,"href":"https:\/\/senoticias.com.br\/se\/wp-json\/wp\/v2\/posts\/97403\/revisions"}],"wp:featuredmedia":[{"embeddable":true,"href":"https:\/\/senoticias.com.br\/se\/wp-json\/wp\/v2\/media\/97388"}],"wp:attachment":[{"href":"https:\/\/senoticias.com.br\/se\/wp-json\/wp\/v2\/media?parent=97403"}],"wp:term":[{"taxonomy":"category","embeddable":true,"href":"https:\/\/senoticias.com.br\/se\/wp-json\/wp\/v2\/categories?post=97403"},{"taxonomy":"post_tag","embeddable":true,"href":"https:\/\/senoticias.com.br\/se\/wp-json\/wp\/v2\/tags?post=97403"}],"curies":[{"name":"wp","href":"https:\/\/api.w.org\/{rel}","templated":true}]}}