{"id":97400,"date":"2016-10-26T13:59:52","date_gmt":"2016-10-26T16:59:52","guid":{"rendered":"http:\/\/senoticias.com.br\/se\/?p=97400"},"modified":"2016-10-26T22:49:28","modified_gmt":"2016-10-27T01:49:28","slug":"edvaldo-rebate-calunia-de-procurador-e-divulga-informacoes-verdadeiras","status":"publish","type":"post","link":"https:\/\/senoticias.com.br\/se\/edvaldo-rebate-calunia-de-procurador-e-divulga-informacoes-verdadeiras\/","title":{"rendered":"Edvaldo rebate cal\u00fania de procurador e divulga informa\u00e7\u00f5es verdadeiras"},"content":{"rendered":"<p style=\"text-align: justify;\">&#8220;N\u00e3o \u00e9 verdade a informa\u00e7\u00e3o levantada nesta quarta-feira sobre suposta irregularidade nas minhas contas enquanto prefeito de Aracaju. Em todos os anos em que estive \u00e0 frente da prefeitura da capital, sempre investi acima do valor estabelecido pela lei. Em Sa\u00fade, os investimentos chegaram a 21,45%, bem acima dos 15% estabelecidos pela lei. E em Educa\u00e7\u00e3o, os investimentos chegaram a 29%, tamb\u00e9m acima dos 25% determinados pela legisla\u00e7\u00e3o.<\/p>\n<div id=\"attachment_97401\" style=\"width: 609px\" class=\"wp-caption aligncenter\"><img loading=\"lazy\" decoding=\"async\" aria-describedby=\"caption-attachment-97401\" class=\"size-full wp-image-97401\" src=\"http:\/\/senoticias.com.br\/se\/wp-content\/uploads\/2016\/10\/IMG-20161026-WA0015-e1477501445882.jpg\" alt=\"Edvaldo questiona a divulga\u00e7\u00e3o desta cal\u00fania a quatro dias da elei\u00e7\u00e3o parte de uma pessoa que j\u00e1 se declarou, inclusive, atrav\u00e9s das redes sociais, contr\u00e1ria \u00e0 minha candidatura\" width=\"599\" height=\"551\" \/><p id=\"caption-attachment-97401\" class=\"wp-caption-text\">Edvaldo questiona a divulga\u00e7\u00e3o da cal\u00fania a quatro dias da elei\u00e7\u00e3o parte de uma pessoa que j\u00e1 se declarou, inclusive, atrav\u00e9s das redes sociais, contr\u00e1ria \u00e0 sua candidatura. (Foto: ascom\/Edvaldo)<\/p><\/div>\n<p style=\"text-align: justify;\">Lamento e repudio que o procurador S\u00e9rgio Monte Alegre esteja agindo de forma pol\u00edtica-eleitoreira para tentar me prejudicar se colocando, inclusive, contr\u00e1rio, ao relat\u00f3rio da 6\u00aa CCI (Coordenadoria de Controle e Inspe\u00e7\u00e3o) do Tribunal de Contas do Estado, que concluiu pela regularidade das minhas contas e que foram observados os princ\u00edpios da legitimidade, razoabilidade e da proporcionalidade.<\/p>\n<div id=\"attachment_96886\" style=\"width: 609px\" class=\"wp-caption aligncenter\"><img loading=\"lazy\" decoding=\"async\" aria-describedby=\"caption-attachment-96886\" class=\"size-full wp-image-96886\" src=\"http:\/\/senoticias.com.br\/se\/wp-content\/uploads\/2016\/10\/Edvaldo-no-debate-TV-Atalaia-e1476146779755.jpg\" alt=\"Edvaldo questiona a divulga\u00e7\u00e3o da cal\u00fania a quatro dias da elei\u00e7\u00e3o parte de uma pessoa que j\u00e1 se declarou, inclusive, atrav\u00e9s das redes sociais, contr\u00e1ria \u00e0 sua candidatura. (Foto: Ascom\/Edvaldo)\" width=\"599\" height=\"337\" \/><p id=\"caption-attachment-96886\" class=\"wp-caption-text\">Edvaldo questiona a divulga\u00e7\u00e3o da cal\u00fania a quatro dias da elei\u00e7\u00e3o parte de uma pessoa que j\u00e1 se declarou, inclusive, atrav\u00e9s das redes sociais, contr\u00e1ria \u00e0 sua candidatura. (Foto: Ascom\/Edvaldo)<\/p><\/div>\n<p style=\"text-align: justify;\">Al\u00e9m disso, a divulga\u00e7\u00e3o desta cal\u00fania a quatro dias da elei\u00e7\u00e3o parte de uma pessoa que j\u00e1 se declarou, inclusive, atrav\u00e9s das redes sociais, contr\u00e1ria \u00e0 minha candidatura.<\/p>\n<p style=\"text-align: justify;\">\u00c9 a alian\u00e7a de Valadares Filho com Jo\u00e3o Alves Filho que tornou poss\u00edvel a entrada de um procurador na disputa eleitoral. Tudo isso \u00e9 resultado do desespero do meu advers\u00e1rio, ap\u00f3s cair a m\u00e1scara daquele que se apresentava como o novo e que, na verdade, n\u00e3o passa de um servi\u00e7al da velha pol\u00edtica.<\/p>\n<p style=\"text-align: justify;\">Quero reafirmar meu compromisso com o povo aracajuano. Fui um gestor \u00e9tico, respeitei a lei, n\u00e3o respondo a qualquer processo de corrup\u00e7\u00e3o. De modo que isto n\u00e3o passa de mais um factoide de campanha, mas eu sei que os aracajuanos n\u00e3o se deixar\u00e3o enganar&#8221;<\/p>\n<p><strong><em>Abaixo os percentuais de aplica\u00e7\u00e3o da minha gest\u00e3o em Sa\u00fade e Educa\u00e7\u00e3o:<\/em><\/strong><\/p>\n<p><strong>Educa\u00e7\u00e3o<\/strong><\/p>\n<p>2007 &#8211; 28,24%<br \/>\n2008 &#8211; 26,31%<br \/>\n2009 &#8211; 28,01%<br \/>\n2010 &#8211; 29,06%<br \/>\n2011 &#8211; 26,62%<br \/>\n2012 &#8211; 28,22%<\/p>\n<p><strong>Sa\u00fade<\/strong><\/p>\n<p>2007 &#8211; 18,92%<br \/>\n2008 &#8211; 18,82%<br \/>\n2009 &#8211; 17,82%<br \/>\n2010 &#8211; 17,03%<br \/>\n2011 &#8211; 17,95%<br \/>\n2012 &#8211; 21,45%<\/p>\n<p><strong>Edvaldo Nogueira, candidato a prefeito de Aracaju pelo PCdoB<\/strong><\/p>\n<p>Estes dados constam no site da Prefeitura de Aracaju:<\/p>\n<p><a href=\"http:\/\/financas.aracaju.se.gov.br\/contas\/portal\/downloads\/direta12.pdf\" data-saferedirecturl=\"https:\/\/www.google.com\/url?hl=pt-BR&amp;q=http:\/\/financas.aracaju.se.gov.br\/contas\/portal\/downloads\/direta12.pdf&amp;source=gmail&amp;ust=1477587294727000&amp;usg=AFQjCNHXqwN5dz0bRauwze6t_PC8tiz9kA\">http:\/\/financas.aracaju.se.gov.br\/contas\/portal\/downloads\/direta12.pdf<\/a>\u00a0(na p\u00e1gina 82)<\/p>\n<p><img loading=\"lazy\" decoding=\"async\" class=\"aligncenter size-full wp-image-97253\" src=\"http:\/\/senoticias.com.br\/se\/wp-content\/uploads\/2016\/10\/Logo-fone-1-2.jpg\" alt=\"logo-fone-1\" width=\"599\" height=\"78\" srcset=\"https:\/\/senoticias.com.br\/se\/wp-content\/uploads\/2016\/10\/Logo-fone-1-2.jpg 599w, https:\/\/senoticias.com.br\/se\/wp-content\/uploads\/2016\/10\/Logo-fone-1-2-300x39.jpg 300w\" sizes=\"(max-width: 599px) 100vw, 599px\" \/><\/p>\n<p><strong>Acompanhe tamb\u00e9m o SE Not\u00edcias no<\/strong><strong>\u00a0<\/strong><strong><a href=\"https:\/\/twitter.com\/Senoticias\">Twitter<\/a>,<\/strong><strong>\u00a0<\/strong><strong><a href=\"https:\/\/www.facebook.com\/senoticias1\">Facebook<\/a><\/strong><strong>\u00a0<\/strong><strong>e no<\/strong><a href=\"https:\/\/www.instagram.com\/senoticias\/\"><strong>\u00a0<\/strong><strong>Instagram<\/strong><\/a><\/p>\n<p><strong><em>Ascom\/Edvaldo<\/em><\/strong><\/p>\n","protected":false},"excerpt":{"rendered":"<p>&#8220;N\u00e3o \u00e9 verdade a informa\u00e7\u00e3o levantada nesta quarta-feira sobre suposta irregularidade nas minhas contas enquanto prefeito de Aracaju. Em todos os anos em que estive \u00e0 frente da prefeitura da capital, sempre investi acima do valor estabelecido pela lei. Em Sa\u00fade, os investimentos chegaram a 21,45%, bem acima dos 15% estabelecidos pela lei. E em [&hellip;]<\/p>\n","protected":false},"author":2,"featured_media":96886,"comment_status":"closed","ping_status":"closed","sticky":false,"template":"","format":"standard","meta":{"footnotes":""},"categories":[15,6],"tags":[698,1543,1545,1544],"class_list":{"0":"post-97400","1":"post","2":"type-post","3":"status-publish","4":"format-standard","5":"has-post-thumbnail","7":"category-destaques","8":"category-politica","9":"tag-edvaldo-nogueira","10":"tag-evaldo","11":"tag-procurador-de-contas","12":"tag-sergio-monte-alegre"},"_links":{"self":[{"href":"https:\/\/senoticias.com.br\/se\/wp-json\/wp\/v2\/posts\/97400"}],"collection":[{"href":"https:\/\/senoticias.com.br\/se\/wp-json\/wp\/v2\/posts"}],"about":[{"href":"https:\/\/senoticias.com.br\/se\/wp-json\/wp\/v2\/types\/post"}],"author":[{"embeddable":true,"href":"https:\/\/senoticias.com.br\/se\/wp-json\/wp\/v2\/users\/2"}],"replies":[{"embeddable":true,"href":"https:\/\/senoticias.com.br\/se\/wp-json\/wp\/v2\/comments?post=97400"}],"version-history":[{"count":0,"href":"https:\/\/senoticias.com.br\/se\/wp-json\/wp\/v2\/posts\/97400\/revisions"}],"wp:featuredmedia":[{"embeddable":true,"href":"https:\/\/senoticias.com.br\/se\/wp-json\/wp\/v2\/media\/96886"}],"wp:attachment":[{"href":"https:\/\/senoticias.com.br\/se\/wp-json\/wp\/v2\/media?parent=97400"}],"wp:term":[{"taxonomy":"category","embeddable":true,"href":"https:\/\/senoticias.com.br\/se\/wp-json\/wp\/v2\/categories?post=97400"},{"taxonomy":"post_tag","embeddable":true,"href":"https:\/\/senoticias.com.br\/se\/wp-json\/wp\/v2\/tags?post=97400"}],"curies":[{"name":"wp","href":"https:\/\/api.w.org\/{rel}","templated":true}]}}