{"id":97308,"date":"2016-10-24T10:48:01","date_gmt":"2016-10-24T13:48:01","guid":{"rendered":"http:\/\/senoticias.com.br\/se\/?p=97308"},"modified":"2016-10-24T11:01:32","modified_gmt":"2016-10-24T14:01:32","slug":"coren-conhece-instalacoes-onde-funcionara-hospital-de-campana-do-exercito-no-huse","status":"publish","type":"post","link":"https:\/\/senoticias.com.br\/se\/coren-conhece-instalacoes-onde-funcionara-hospital-de-campana-do-exercito-no-huse\/","title":{"rendered":"Coren conhece instala\u00e7\u00f5es onde funcionar\u00e1 hospital de campana do Ex\u00e9rcito no HUSE"},"content":{"rendered":"<div style=\"text-align: justify;\">\n<p>A presidente do Coren\/SE Maria Claudia Tavares de Mattos foi convidada pela secret\u00e1ria de Estado da Sa\u00fade, Concei\u00e7\u00e3o Mendon\u00e7a para conhecer as instala\u00e7\u00f5es de onde funcionar\u00e1 o hospital de campana que est\u00e1 sendo montado no estacionamento do Hospital de Urg\u00eancias de Sergipe \u2013 Huse. O hospital de campana servir\u00e1 como uma Unidade de Pronto Atendimento \u2013 UPA, para dar o suporte inicial aos pacientes que chegam sem atendimento dos postos de sa\u00fade da capital sergipana devido \u00e0 paralisa\u00e7\u00e3o que est\u00e3o passando. Acompanhando a Presidente estavam os conselheiros regionais, Jos\u00e9 Fl\u00e1vio Pereira, Lincoln Vitor, Bruna Paula Siqueira, Alneide Leite, Humberto Santos e Ademir Pimentel.<\/p>\n<div id=\"attachment_97312\" style=\"width: 609px\" class=\"wp-caption aligncenter\"><img loading=\"lazy\" decoding=\"async\" aria-describedby=\"caption-attachment-97312\" class=\"size-full wp-image-97312\" src=\"http:\/\/senoticias.com.br\/se\/wp-content\/uploads\/2016\/10\/Coren-visita-tenda-doExercito-no-HUSE-SE-Noticias-e1477317536819.jpg\" alt=\"Profissionais Coren conhece instala\u00e7\u00f5es onde funcionar\u00e1 hospital de campana do Ex\u00e9rcito no HUSE\" width=\"599\" height=\"399\" \/><p id=\"caption-attachment-97312\" class=\"wp-caption-text\">Profissionais Coren conhece instala\u00e7\u00f5es onde funcionar\u00e1 hospital de campana do Ex\u00e9rcito no HUSE. (Foto: \u00a0ascom\/Coren)<\/p><\/div>\n<\/div>\n<div style=\"text-align: justify;\">\n<p>Segundo a Secretaria de Estado da Sa\u00fade essa foi a maneira emergencial encontrada para prestar os primeiros atendimentos a popula\u00e7\u00e3o sergipana, considerando a atual situa\u00e7\u00e3o das unidades de sa\u00fade de Aracaju, que n\u00e3o est\u00e3o conseguindo dar suporte para a demanda.<\/p>\n<\/div>\n<div style=\"text-align: justify;\">\n<p>A Presidente do Coren acredita que essa situa\u00e7\u00e3o tempor\u00e1ria seja necess\u00e1ria j\u00e1 que a sa\u00fade municipal n\u00e3o vem prestando assist\u00eancia ideal a todo cidad\u00e3o.<\/p>\n<\/div>\n<div style=\"text-align: justify;\">O hospital ter\u00e1 24 cadeiras para os primeiros atendimentos e a partir dai, orientar para onde deve seguir o atendimento. O funcionamento desse espa\u00e7o est\u00e1 previsto para iniciar na segunda-feira dia 24.<\/div>\n<div style=\"text-align: justify;\"><\/div>\n<div style=\"text-align: justify;\"><img loading=\"lazy\" decoding=\"async\" class=\"aligncenter size-full wp-image-97253\" src=\"http:\/\/senoticias.com.br\/se\/wp-content\/uploads\/2016\/10\/Logo-fone-1-2.jpg\" alt=\"logo-fone-1\" width=\"599\" height=\"78\" srcset=\"https:\/\/senoticias.com.br\/se\/wp-content\/uploads\/2016\/10\/Logo-fone-1-2.jpg 599w, https:\/\/senoticias.com.br\/se\/wp-content\/uploads\/2016\/10\/Logo-fone-1-2-300x39.jpg 300w\" sizes=\"(max-width: 599px) 100vw, 599px\" \/><\/div>\n<div style=\"text-align: justify;\"><\/div>\n<div style=\"text-align: justify;\"><em><strong>Acompanhe tamb\u00e9m o SE Not\u00edcias no<\/strong><strong>\u00a0<\/strong><strong><a href=\"https:\/\/twitter.com\/Senoticias\">Twitter<\/a>,<\/strong><strong>\u00a0<\/strong><strong><a href=\"https:\/\/www.facebook.com\/senoticias1\">Facebook<\/a><\/strong><strong>\u00a0<\/strong><strong>e no<\/strong><a href=\"https:\/\/www.instagram.com\/senoticias\/\"><strong>\u00a0<\/strong><strong>Instagram<\/strong><\/a><\/em><\/div>\n<div style=\"text-align: justify;\"><em>Ascom\/Coren<\/em><\/div>\n","protected":false},"excerpt":{"rendered":"<p>A presidente do Coren\/SE Maria Claudia Tavares de Mattos foi convidada pela secret\u00e1ria de Estado da Sa\u00fade, Concei\u00e7\u00e3o Mendon\u00e7a para conhecer as instala\u00e7\u00f5es de onde funcionar\u00e1 o hospital de campana que est\u00e1 sendo montado no estacionamento do Hospital de Urg\u00eancias de Sergipe \u2013 Huse. O hospital de campana servir\u00e1 como uma Unidade de Pronto Atendimento [&hellip;]<\/p>\n","protected":false},"author":2,"featured_media":97312,"comment_status":"closed","ping_status":"closed","sticky":false,"template":"","format":"standard","meta":{"footnotes":""},"categories":[6],"tags":[],"class_list":{"0":"post-97308","1":"post","2":"type-post","3":"status-publish","4":"format-standard","5":"has-post-thumbnail","7":"category-politica"},"_links":{"self":[{"href":"https:\/\/senoticias.com.br\/se\/wp-json\/wp\/v2\/posts\/97308"}],"collection":[{"href":"https:\/\/senoticias.com.br\/se\/wp-json\/wp\/v2\/posts"}],"about":[{"href":"https:\/\/senoticias.com.br\/se\/wp-json\/wp\/v2\/types\/post"}],"author":[{"embeddable":true,"href":"https:\/\/senoticias.com.br\/se\/wp-json\/wp\/v2\/users\/2"}],"replies":[{"embeddable":true,"href":"https:\/\/senoticias.com.br\/se\/wp-json\/wp\/v2\/comments?post=97308"}],"version-history":[{"count":0,"href":"https:\/\/senoticias.com.br\/se\/wp-json\/wp\/v2\/posts\/97308\/revisions"}],"wp:featuredmedia":[{"embeddable":true,"href":"https:\/\/senoticias.com.br\/se\/wp-json\/wp\/v2\/media\/97312"}],"wp:attachment":[{"href":"https:\/\/senoticias.com.br\/se\/wp-json\/wp\/v2\/media?parent=97308"}],"wp:term":[{"taxonomy":"category","embeddable":true,"href":"https:\/\/senoticias.com.br\/se\/wp-json\/wp\/v2\/categories?post=97308"},{"taxonomy":"post_tag","embeddable":true,"href":"https:\/\/senoticias.com.br\/se\/wp-json\/wp\/v2\/tags?post=97308"}],"curies":[{"name":"wp","href":"https:\/\/api.w.org\/{rel}","templated":true}]}}