{"id":97301,"date":"2016-10-24T07:48:57","date_gmt":"2016-10-24T10:48:57","guid":{"rendered":"http:\/\/senoticias.com.br\/se\/?p=97301"},"modified":"2016-10-24T07:48:57","modified_gmt":"2016-10-24T10:48:57","slug":"homem-e-preso-duas-vezes-em-menos-de-tres-dias-na-capital","status":"publish","type":"post","link":"https:\/\/senoticias.com.br\/se\/homem-e-preso-duas-vezes-em-menos-de-tres-dias-na-capital\/","title":{"rendered":"Homem \u00e9 preso duas vezes em menos de tr\u00eas dias na capital"},"content":{"rendered":"<p style=\"text-align: justify;\">A Pol\u00edcia Militar do Estado de Sergipe, por meio do Batalh\u00e3o de Policiamento Tur\u00edstico (BPTur), conduziu \u00e0 delegacia na tarde do s\u00e1bado, 22, na Avenida Bar\u00e3o de Maruim, Rafael Santana Filizola Soares, vulgo Homem-Aranha, de 27 anos, pelo roubo de um celular num \u00f4nibus do transporte coletivo.<\/p>\n<div id=\"attachment_97302\" style=\"width: 609px\" class=\"wp-caption aligncenter\"><img loading=\"lazy\" decoding=\"async\" aria-describedby=\"caption-attachment-97302\" class=\"size-full wp-image-97302\" src=\"http:\/\/senoticias.com.br\/se\/wp-content\/uploads\/2016\/10\/Homem-preso-por-duas-vezes-em-Aracaju-SE-Noticias-e1477306037234.jpg\" alt=\" Homem foi preso duas vezes em cerca de tr\u00eas dias na capital sergipana. (Foto: PM\/SE)\" width=\"599\" height=\"399\" \/><p id=\"caption-attachment-97302\" class=\"wp-caption-text\"><br \/>Homem foi preso duas vezes em cerca de tr\u00eas dias na capital sergipana. (Foto: PM\/SE)<\/p><\/div>\n<p style=\"text-align: justify;\">Por volta das 17h, a guarni\u00e7\u00e3o Golfinho 01 foi acionada pelo Centro Integrado de Opera\u00e7\u00f5es em Seguran\u00e7a P\u00fablica (CIOSP) para atender uma ocorr\u00eancia de roubo num \u00f4nibus. No local, a equipe policial constatou que o infrator estava imobilizado pela v\u00edtima, um PM\u00a0que estava \u00e0 paisana, e por outros passageiros.<\/p>\n<p style=\"text-align: justify;\">Segundo informa\u00e7\u00f5es levantadas, o rapaz anunciou o roubo, amea\u00e7ando o policial com uma faca e exigindo a bolsa do PM. O militar entregou o material, mas, quando Rafael se distraiu, reagiu, dominando o jovem, com a ajuda de outros usu\u00e1rios do \u00f4nibus. Diante dos fatos, o BPTur deu voz de pris\u00e3o ao infrator.<\/p>\n<p style=\"text-align: justify;\">O caso foi levado \u00e0 Delegacia Plantonista Sul, onde Rafael foi entregue, juntamente com a faca usada no crime. Ainda de acordo com a equipe Golfinho 01, o Homem-Aranha tinha sido detido tr\u00eas dias antes, por arrombamento, por ela mesma.<img loading=\"lazy\" decoding=\"async\" class=\"aligncenter size-full wp-image-97253\" src=\"http:\/\/senoticias.com.br\/se\/wp-content\/uploads\/2016\/10\/Logo-fone-1-2.jpg\" alt=\"logo-fone-1\" width=\"599\" height=\"78\" srcset=\"https:\/\/senoticias.com.br\/se\/wp-content\/uploads\/2016\/10\/Logo-fone-1-2.jpg 599w, https:\/\/senoticias.com.br\/se\/wp-content\/uploads\/2016\/10\/Logo-fone-1-2-300x39.jpg 300w\" sizes=\"(max-width: 599px) 100vw, 599px\" \/><\/p>\n<p style=\"text-align: justify;\"><em><strong>Acompanhe tamb\u00e9m o SE Not\u00edcias no<\/strong><strong>\u00a0<\/strong><strong><a href=\"https:\/\/twitter.com\/Senoticias\">Twitter<\/a>,<\/strong><strong>\u00a0<\/strong><strong><a href=\"https:\/\/www.facebook.com\/senoticias1\">Facebook<\/a><\/strong><strong>\u00a0<\/strong><strong>e no<\/strong><a href=\"https:\/\/www.instagram.com\/senoticias\/\"><strong>\u00a0<\/strong><strong>Instagram<\/strong><\/a><\/em><\/p>\n<p style=\"text-align: justify;\"><em>Ascom\/PM\/SE<\/em><\/p>\n","protected":false},"excerpt":{"rendered":"<p>A Pol\u00edcia Militar do Estado de Sergipe, por meio do Batalh\u00e3o de Policiamento Tur\u00edstico (BPTur), conduziu \u00e0 delegacia na tarde do s\u00e1bado, 22, na Avenida Bar\u00e3o de Maruim, Rafael Santana Filizola Soares, vulgo Homem-Aranha, de 27 anos, pelo roubo de um celular num \u00f4nibus do transporte coletivo. Por volta das 17h, a guarni\u00e7\u00e3o Golfinho 01 [&hellip;]<\/p>\n","protected":false},"author":2,"featured_media":97302,"comment_status":"closed","ping_status":"closed","sticky":false,"template":"","format":"standard","meta":{"footnotes":""},"categories":[7],"tags":[],"class_list":{"0":"post-97301","1":"post","2":"type-post","3":"status-publish","4":"format-standard","5":"has-post-thumbnail","7":"category-policia"},"_links":{"self":[{"href":"https:\/\/senoticias.com.br\/se\/wp-json\/wp\/v2\/posts\/97301"}],"collection":[{"href":"https:\/\/senoticias.com.br\/se\/wp-json\/wp\/v2\/posts"}],"about":[{"href":"https:\/\/senoticias.com.br\/se\/wp-json\/wp\/v2\/types\/post"}],"author":[{"embeddable":true,"href":"https:\/\/senoticias.com.br\/se\/wp-json\/wp\/v2\/users\/2"}],"replies":[{"embeddable":true,"href":"https:\/\/senoticias.com.br\/se\/wp-json\/wp\/v2\/comments?post=97301"}],"version-history":[{"count":0,"href":"https:\/\/senoticias.com.br\/se\/wp-json\/wp\/v2\/posts\/97301\/revisions"}],"wp:featuredmedia":[{"embeddable":true,"href":"https:\/\/senoticias.com.br\/se\/wp-json\/wp\/v2\/media\/97302"}],"wp:attachment":[{"href":"https:\/\/senoticias.com.br\/se\/wp-json\/wp\/v2\/media?parent=97301"}],"wp:term":[{"taxonomy":"category","embeddable":true,"href":"https:\/\/senoticias.com.br\/se\/wp-json\/wp\/v2\/categories?post=97301"},{"taxonomy":"post_tag","embeddable":true,"href":"https:\/\/senoticias.com.br\/se\/wp-json\/wp\/v2\/tags?post=97301"}],"curies":[{"name":"wp","href":"https:\/\/api.w.org\/{rel}","templated":true}]}}