{"id":97292,"date":"2016-10-23T16:50:48","date_gmt":"2016-10-23T19:50:48","guid":{"rendered":"http:\/\/senoticias.com.br\/se\/?p=97292"},"modified":"2016-10-23T16:50:48","modified_gmt":"2016-10-23T19:50:48","slug":"igreja-sao-salvador-de-aracaju-celebra-160-anos-de-fundacao","status":"publish","type":"post","link":"https:\/\/senoticias.com.br\/se\/igreja-sao-salvador-de-aracaju-celebra-160-anos-de-fundacao\/","title":{"rendered":"Igreja S\u00e3o Salvador de Aracaju celebra 160 anos de funda\u00e7\u00e3o"},"content":{"rendered":"<div id=\"attachment_97293\" style=\"width: 310px\" class=\"wp-caption alignright\"><img loading=\"lazy\" decoding=\"async\" aria-describedby=\"caption-attachment-97293\" class=\"size-full wp-image-97293\" src=\"http:\/\/senoticias.com.br\/se\/wp-content\/uploads\/2016\/10\/Igreja-Sao-Salvador-SE-Noticias.jpg\" alt=\"Igreja S\u00e3o Salvador. (Foto: Liliane Nascimento)\" width=\"300\" height=\"225\" srcset=\"https:\/\/senoticias.com.br\/se\/wp-content\/uploads\/2016\/10\/Igreja-Sao-Salvador-SE-Noticias.jpg 300w, https:\/\/senoticias.com.br\/se\/wp-content\/uploads\/2016\/10\/Igreja-Sao-Salvador-SE-Noticias-45x35.jpg 45w\" sizes=\"(max-width: 300px) 100vw, 300px\" \/><p id=\"caption-attachment-97293\" class=\"wp-caption-text\">Igreja S\u00e3o Salvador. (Foto: Liliane Nascimento)<\/p><\/div>\n<p style=\"text-align: justify;\">O primeiro templo religioso cat\u00f3lico constru\u00eddo em Aracaju completa 160 anos de funda\u00e7\u00e3o. A Igreja S\u00e3o Salvador fica localizada no Centro Comercial, entre as ruas Jo\u00e3o Pessoa e Laranjeiras, lugar onde foi registrado importantes acontecimentos da hist\u00f3ria da capital de Sergipe.<\/p>\n<p style=\"text-align: justify;\">No ano de 2012,\u00a0 o templo foi declarado como Patrim\u00f4nio Hist\u00f3rico e Art\u00edstico de Sergipe por ter sido cen\u00e1rio dos principais acontecimentos da capital, como a visita do imperador Dom Pedro II e da imperatriz Teresa Cristina em 11 de janeiro de 1860, marcando o in\u00edcio de uma visita de oito dias a ent\u00e3o Prov\u00edncia de Sergipe Del Rey.<\/p>\n<p style=\"text-align: justify;\">O local virou ponto de parada para muita gente, que entre uma compra e outra faz quest\u00e3o de fazer uma ora\u00e7\u00e3o e agradecer. Dona Marinalva Barbosa conta que foi neste local que recebeu o consolo no momento que mais precisa.<\/p>\n<p style=\"text-align: justify;\">\u201cH\u00e1 muitos anos, quando meu marido estava em tratamento contra um c\u00e2ncer, sempre passava pela igreja para pedir a S\u00e3o Salvador a cura. Chorei muito nesta igreja, mas anos depois, Deus me deu a gra\u00e7a. Ainda hoje, quando volto a capital passo por ela para relembrar e agradecer a obra que Deus fez na vida do meu esposo\u201d, disse dona de casa que mora no munic\u00edpio de Cedro de S\u00e3o Jo\u00e3o (SE).<\/p>\n<p style=\"text-align: justify;\"><strong>Celebra\u00e7\u00e3o<br \/>\n<\/strong><br \/>\nNa manh\u00e3 deste domingo (23), houve uma celebra\u00e7\u00e3o em A\u00e7\u00e3o de Gra\u00e7as presidida pelo arcebispo coadjutor,\u00a0 Dom Jo\u00e3o Jos\u00e9 Costa, e concelebrada padre capel\u00e3o Di\u00f3genes Oliveira, e pelos sacerdotes colaboradores Jos\u00e9 Almi de Menezes e Geovane Bomfim Oliveira.<\/p>\n<p>Uma placa foi descerrada ao final da celebra\u00e7\u00e3o para marcar o momento de festa para os cat\u00f3licos da Arquidiocese de Aracaju.<\/p>\n<p><em><strong>Acompanhe tamb\u00e9m o SE Not\u00edcias no<\/strong><strong>\u00a0<\/strong><strong><a href=\"https:\/\/twitter.com\/Senoticias\">Twitter<\/a>,<\/strong><strong>\u00a0<\/strong><strong><a href=\"https:\/\/www.facebook.com\/senoticias1\">Facebook<\/a><\/strong><strong>\u00a0<\/strong><strong>e no<\/strong><a href=\"https:\/\/www.instagram.com\/senoticias\/\"><strong>\u00a0<\/strong><strong>Instagram<\/strong><\/a><\/em><\/p>\n<p><img loading=\"lazy\" decoding=\"async\" class=\"aligncenter size-full wp-image-97253\" src=\"http:\/\/senoticias.com.br\/se\/wp-content\/uploads\/2016\/10\/Logo-fone-1-2.jpg\" alt=\"logo-fone-1\" width=\"599\" height=\"78\" srcset=\"https:\/\/senoticias.com.br\/se\/wp-content\/uploads\/2016\/10\/Logo-fone-1-2.jpg 599w, https:\/\/senoticias.com.br\/se\/wp-content\/uploads\/2016\/10\/Logo-fone-1-2-300x39.jpg 300w\" sizes=\"(max-width: 599px) 100vw, 599px\" \/><\/p>\n<p><em><strong>Informa\u00e7\u00f5es do\u00a0<a href=\"http:\/\/g1.globo.com\/se\/sergipe\/noticia\/2016\/10\/igreja-sao-salvador-de-aracaju-celebra-160-anos-de-fundacao.html\">G1 <\/a>SE<\/strong><\/em><\/p>\n","protected":false},"excerpt":{"rendered":"<p>O primeiro templo religioso cat\u00f3lico constru\u00eddo em Aracaju completa 160 anos de funda\u00e7\u00e3o. A Igreja S\u00e3o Salvador fica localizada no Centro Comercial, entre as ruas Jo\u00e3o Pessoa e Laranjeiras, lugar onde foi registrado importantes acontecimentos da hist\u00f3ria da capital de Sergipe. No ano de 2012,\u00a0 o templo foi declarado como Patrim\u00f4nio Hist\u00f3rico e Art\u00edstico de [&hellip;]<\/p>\n","protected":false},"author":2,"featured_media":97293,"comment_status":"closed","ping_status":"closed","sticky":false,"template":"","format":"standard","meta":{"footnotes":""},"categories":[46],"tags":[],"class_list":{"0":"post-97292","1":"post","2":"type-post","3":"status-publish","4":"format-standard","5":"has-post-thumbnail","7":"category-religiao"},"_links":{"self":[{"href":"https:\/\/senoticias.com.br\/se\/wp-json\/wp\/v2\/posts\/97292"}],"collection":[{"href":"https:\/\/senoticias.com.br\/se\/wp-json\/wp\/v2\/posts"}],"about":[{"href":"https:\/\/senoticias.com.br\/se\/wp-json\/wp\/v2\/types\/post"}],"author":[{"embeddable":true,"href":"https:\/\/senoticias.com.br\/se\/wp-json\/wp\/v2\/users\/2"}],"replies":[{"embeddable":true,"href":"https:\/\/senoticias.com.br\/se\/wp-json\/wp\/v2\/comments?post=97292"}],"version-history":[{"count":0,"href":"https:\/\/senoticias.com.br\/se\/wp-json\/wp\/v2\/posts\/97292\/revisions"}],"wp:featuredmedia":[{"embeddable":true,"href":"https:\/\/senoticias.com.br\/se\/wp-json\/wp\/v2\/media\/97293"}],"wp:attachment":[{"href":"https:\/\/senoticias.com.br\/se\/wp-json\/wp\/v2\/media?parent=97292"}],"wp:term":[{"taxonomy":"category","embeddable":true,"href":"https:\/\/senoticias.com.br\/se\/wp-json\/wp\/v2\/categories?post=97292"},{"taxonomy":"post_tag","embeddable":true,"href":"https:\/\/senoticias.com.br\/se\/wp-json\/wp\/v2\/tags?post=97292"}],"curies":[{"name":"wp","href":"https:\/\/api.w.org\/{rel}","templated":true}]}}