{"id":97290,"date":"2016-10-23T16:41:24","date_gmt":"2016-10-23T19:41:24","guid":{"rendered":"http:\/\/senoticias.com.br\/se\/?p=97290"},"modified":"2016-10-23T16:41:24","modified_gmt":"2016-10-23T19:41:24","slug":"corpo-de-uma-jovem-e-encontrado-em-ribanceira-em-simao-dias-suspeito-ja-foi-preso","status":"publish","type":"post","link":"https:\/\/senoticias.com.br\/se\/corpo-de-uma-jovem-e-encontrado-em-ribanceira-em-simao-dias-suspeito-ja-foi-preso\/","title":{"rendered":"Corpo de uma jovem \u00e9 encontrado em ribanceira em Sim\u00e3o Dias; suspeito j\u00e1 foi preso"},"content":{"rendered":"<p style=\"text-align: justify;\">\nO Instituto M\u00e9dico Legal (IML) recolheu, na manh\u00e3 deste domingo (23), o corpo de Josefa Gabriela Santana de Assun\u00e7\u00e3o, 19 anos, era conhecida pelo ep\u00edteto de \u201cTitica\u201d no munic\u00edpio de Sim\u00e3o Dias, Regi\u00e3o Sul de Sergipe. Segundo a assessoria da Secretaria de Seguran\u00e7a P\u00fablica de Sergipe (SSP), a morte pode ter sido provocada por uma queda em uma ribanceira, localizada atr\u00e1s da casa do namorado da v\u00edtima, principal suspeito do crime.<\/p>\n<div id=\"attachment_97291\" style=\"width: 426px\" class=\"wp-caption aligncenter\"><img loading=\"lazy\" decoding=\"async\" aria-describedby=\"caption-attachment-97291\" class=\"size-full wp-image-97291\" src=\"http:\/\/senoticias.com.br\/se\/wp-content\/uploads\/2016\/10\/Suspeito-foi-preso-SE-Noticias.jpg\" alt=\"Pol\u00edcia diz que namorado \u00e9 o principal suspeito do homic\u00eddio. (Foto: Redes Sociais)\" width=\"416\" height=\"625\" srcset=\"https:\/\/senoticias.com.br\/se\/wp-content\/uploads\/2016\/10\/Suspeito-foi-preso-SE-Noticias.jpg 416w, https:\/\/senoticias.com.br\/se\/wp-content\/uploads\/2016\/10\/Suspeito-foi-preso-SE-Noticias-200x300.jpg 200w\" sizes=\"(max-width: 416px) 100vw, 416px\" \/><p id=\"caption-attachment-97291\" class=\"wp-caption-text\">Pol\u00edcia diz que namorado \u00e9 o principal suspeito do homic\u00eddio. (Foto: Redes Sociais)<\/p><\/div>\n<p style=\"text-align: justify;\">O delegado F\u00e1bio Alan Pimentel contou a reportagem do G1 que os familiares da jovem disseram que ela era usu\u00e1ria de drogas e saiu na noite do s\u00e1bado (22) para a casa do namorado. \u201cA v\u00edtima ficou por l\u00e1 a madrugada e ap\u00f3s um desentendimento teria sido jogado na grota. No interior da casa foram encontrados copos e cadeiras quebrados, evidenciando uma briga\u201d, contou.<\/p>\n<p style=\"text-align: justify;\">Quando a Pol\u00edcia Militar esteve no local do crime encontrou o rapaz embriagado dentro da casa, onde foi preso e encaminhado \u00e0 delegacia da cidade. \u201cEle \u00e9 evasivo nas informa\u00e7\u00f5es. Diz inclusive que n\u00e3o a conhecia, mas na resid\u00eancia foram encontradas as sand\u00e1lias da jovem\u201d, relatou o delegado.<\/p>\n<p style=\"text-align: justify;\">Apesar de negar o crime, o suspeito continua preso. A pol\u00edcia vai aguardar o laudo do IML para saber se ela morreu da queda ou de alguma les\u00e3o anterior.<\/p>\n<p style=\"text-align: justify;\"><img loading=\"lazy\" decoding=\"async\" class=\"aligncenter size-full wp-image-97253\" src=\"http:\/\/senoticias.com.br\/se\/wp-content\/uploads\/2016\/10\/Logo-fone-1-2.jpg\" alt=\"logo-fone-1\" width=\"599\" height=\"78\" srcset=\"https:\/\/senoticias.com.br\/se\/wp-content\/uploads\/2016\/10\/Logo-fone-1-2.jpg 599w, https:\/\/senoticias.com.br\/se\/wp-content\/uploads\/2016\/10\/Logo-fone-1-2-300x39.jpg 300w\" sizes=\"(max-width: 599px) 100vw, 599px\" \/><\/p>\n<p style=\"text-align: justify;\"><em><strong>Acompanhe tamb\u00e9m o SE Not\u00edcias no<\/strong><strong>\u00a0<\/strong><strong><a href=\"https:\/\/twitter.com\/Senoticias\">Twitter<\/a>,<\/strong><strong>\u00a0<\/strong><strong><a href=\"https:\/\/www.facebook.com\/senoticias1\">Facebook<\/a><\/strong><strong>\u00a0<\/strong><strong>e no<\/strong><a href=\"https:\/\/www.instagram.com\/senoticias\/\"><strong>\u00a0<\/strong><strong>Instagram<\/strong><\/a><\/em><\/p>\n<p style=\"text-align: justify;\"><strong><em>Com informa\u00e7\u00f5es do G1 SE<\/em><\/strong><\/p>\n","protected":false},"excerpt":{"rendered":"<p>O Instituto M\u00e9dico Legal (IML) recolheu, na manh\u00e3 deste domingo (23), o corpo de Josefa Gabriela Santana de Assun\u00e7\u00e3o, 19 anos, era conhecida pelo ep\u00edteto de \u201cTitica\u201d no munic\u00edpio de Sim\u00e3o Dias, Regi\u00e3o Sul de Sergipe. Segundo a assessoria da Secretaria de Seguran\u00e7a P\u00fablica de Sergipe (SSP), a morte pode ter sido provocada por uma [&hellip;]<\/p>\n","protected":false},"author":2,"featured_media":97291,"comment_status":"closed","ping_status":"closed","sticky":false,"template":"","format":"standard","meta":{"footnotes":""},"categories":[15],"tags":[],"class_list":{"0":"post-97290","1":"post","2":"type-post","3":"status-publish","4":"format-standard","5":"has-post-thumbnail","7":"category-destaques"},"_links":{"self":[{"href":"https:\/\/senoticias.com.br\/se\/wp-json\/wp\/v2\/posts\/97290"}],"collection":[{"href":"https:\/\/senoticias.com.br\/se\/wp-json\/wp\/v2\/posts"}],"about":[{"href":"https:\/\/senoticias.com.br\/se\/wp-json\/wp\/v2\/types\/post"}],"author":[{"embeddable":true,"href":"https:\/\/senoticias.com.br\/se\/wp-json\/wp\/v2\/users\/2"}],"replies":[{"embeddable":true,"href":"https:\/\/senoticias.com.br\/se\/wp-json\/wp\/v2\/comments?post=97290"}],"version-history":[{"count":0,"href":"https:\/\/senoticias.com.br\/se\/wp-json\/wp\/v2\/posts\/97290\/revisions"}],"wp:featuredmedia":[{"embeddable":true,"href":"https:\/\/senoticias.com.br\/se\/wp-json\/wp\/v2\/media\/97291"}],"wp:attachment":[{"href":"https:\/\/senoticias.com.br\/se\/wp-json\/wp\/v2\/media?parent=97290"}],"wp:term":[{"taxonomy":"category","embeddable":true,"href":"https:\/\/senoticias.com.br\/se\/wp-json\/wp\/v2\/categories?post=97290"},{"taxonomy":"post_tag","embeddable":true,"href":"https:\/\/senoticias.com.br\/se\/wp-json\/wp\/v2\/tags?post=97290"}],"curies":[{"name":"wp","href":"https:\/\/api.w.org\/{rel}","templated":true}]}}