{"id":97288,"date":"2016-10-23T14:00:30","date_gmt":"2016-10-23T17:00:30","guid":{"rendered":"http:\/\/senoticias.com.br\/se\/?p=97288"},"modified":"2016-10-23T14:00:30","modified_gmt":"2016-10-23T17:00:30","slug":"ibama-diz-que-mancha-de-oleo-atinge-praias-da-caueira-e-saco","status":"publish","type":"post","link":"https:\/\/senoticias.com.br\/se\/ibama-diz-que-mancha-de-oleo-atinge-praias-da-caueira-e-saco\/","title":{"rendered":"Ibama diz que mancha de \u00f3leo atinge praias da Caueira e Saco"},"content":{"rendered":"<p style=\"text-align: justify;\"><em>Do<a href=\"http:\/\/g1.globo.com\/se\/sergipe\/noticia\/2016\/10\/ibama-diz-que-mancha-de-oleo-atinge-25-km-do-litoral-sul-de-sergipe.html\"> G1<\/a> SE<\/em><\/p>\n<p style=\"text-align: justify;\">O Instituto Brasileiro do Meio Ambiente e dos Recursos Naturais Renov\u00e1veis (IBAMA) informou na tarde deste s\u00e1bado (22), que a mancha de \u00f3leo vista no Litoral Sul de Sergipe na sexta-feira (21) atinge uma extens\u00e3o de praia de cerca de 25 km. At\u00e9 agora, n\u00e3o foi localizada origem do vazamento de \u00f3leo.<\/p>\n<div id=\"attachment_97289\" style=\"width: 609px\" class=\"wp-caption aligncenter\"><img loading=\"lazy\" decoding=\"async\" aria-describedby=\"caption-attachment-97289\" class=\"size-full wp-image-97289\" src=\"http:\/\/senoticias.com.br\/se\/wp-content\/uploads\/2016\/10\/Mancha-de-oleo-atinge-Caueira-e-Saco-SE-Noticias-e1477241883292.jpg\" alt=\"Limpeza j\u00e1 foi realizada nas praias da Caueira e Abais (Foto: Assessoria\/IBAMA)\" width=\"599\" height=\"449\" \/><p id=\"caption-attachment-97289\" class=\"wp-caption-text\">Limpeza j\u00e1 foi realizada nas praias da Caueira e Abais (Foto: Assessoria\/IBAMA)<\/p><\/div>\n<p style=\"text-align: justify;\">\u201cLimpeza foi realizada nas praias da Caueira e Abais. Estamos seguindo no sentido da praia do saco e at\u00e9 agora n\u00e3o h\u00e1 sinal de fauna atingida\u201d, observou o chefe de Divis\u00e3o T\u00e9cnica do Ibama, Romeu Boto.<\/p>\n<p style=\"text-align: justify;\">Ontem, a Capitania dos Portos de Sergipe disse que tomou conhecimento do acidente ambiental atrav\u00e9s da Petrobras, a qual informou que a mancha atingiu uma extens\u00e3o que compreende a regi\u00e3o das Praias da Caueira, no munic\u00edpio de Itaporanga D&#8217;Ajuda, e Aba\u00eds, no munic\u00edpio de Est\u00e2ncia.<\/p>\n<p style=\"text-align: justify;\"><img loading=\"lazy\" decoding=\"async\" class=\"aligncenter size-full wp-image-97253\" src=\"http:\/\/senoticias.com.br\/se\/wp-content\/uploads\/2016\/10\/Logo-fone-1-2.jpg\" alt=\"logo-fone-1\" width=\"599\" height=\"78\" srcset=\"https:\/\/senoticias.com.br\/se\/wp-content\/uploads\/2016\/10\/Logo-fone-1-2.jpg 599w, https:\/\/senoticias.com.br\/se\/wp-content\/uploads\/2016\/10\/Logo-fone-1-2-300x39.jpg 300w\" sizes=\"(max-width: 599px) 100vw, 599px\" \/><\/p>\n<p style=\"text-align: justify;\"><em><strong>Acompanhe tamb\u00e9m o SE Not\u00edcias no<\/strong><strong>\u00a0<\/strong><strong><a href=\"https:\/\/twitter.com\/Senoticias\">Twitter<\/a>,<\/strong><strong>\u00a0<\/strong><strong><a href=\"https:\/\/www.facebook.com\/senoticias1\">Facebook<\/a><\/strong><strong>\u00a0<\/strong><strong>e no<\/strong><a href=\"https:\/\/www.instagram.com\/senoticias\/\"><strong>\u00a0<\/strong><strong>Instagram<\/strong><\/a><\/em><\/p>\n","protected":false},"excerpt":{"rendered":"<p>Do G1 SE O Instituto Brasileiro do Meio Ambiente e dos Recursos Naturais Renov\u00e1veis (IBAMA) informou na tarde deste s\u00e1bado (22), que a mancha de \u00f3leo vista no Litoral Sul de Sergipe na sexta-feira (21) atinge uma extens\u00e3o de praia de cerca de 25 km. At\u00e9 agora, n\u00e3o foi localizada origem do vazamento de \u00f3leo. [&hellip;]<\/p>\n","protected":false},"author":2,"featured_media":97289,"comment_status":"closed","ping_status":"closed","sticky":false,"template":"","format":"standard","meta":{"footnotes":""},"categories":[38],"tags":[],"class_list":{"0":"post-97288","1":"post","2":"type-post","3":"status-publish","4":"format-standard","5":"has-post-thumbnail","7":"category-municipios"},"_links":{"self":[{"href":"https:\/\/senoticias.com.br\/se\/wp-json\/wp\/v2\/posts\/97288"}],"collection":[{"href":"https:\/\/senoticias.com.br\/se\/wp-json\/wp\/v2\/posts"}],"about":[{"href":"https:\/\/senoticias.com.br\/se\/wp-json\/wp\/v2\/types\/post"}],"author":[{"embeddable":true,"href":"https:\/\/senoticias.com.br\/se\/wp-json\/wp\/v2\/users\/2"}],"replies":[{"embeddable":true,"href":"https:\/\/senoticias.com.br\/se\/wp-json\/wp\/v2\/comments?post=97288"}],"version-history":[{"count":0,"href":"https:\/\/senoticias.com.br\/se\/wp-json\/wp\/v2\/posts\/97288\/revisions"}],"wp:featuredmedia":[{"embeddable":true,"href":"https:\/\/senoticias.com.br\/se\/wp-json\/wp\/v2\/media\/97289"}],"wp:attachment":[{"href":"https:\/\/senoticias.com.br\/se\/wp-json\/wp\/v2\/media?parent=97288"}],"wp:term":[{"taxonomy":"category","embeddable":true,"href":"https:\/\/senoticias.com.br\/se\/wp-json\/wp\/v2\/categories?post=97288"},{"taxonomy":"post_tag","embeddable":true,"href":"https:\/\/senoticias.com.br\/se\/wp-json\/wp\/v2\/tags?post=97288"}],"curies":[{"name":"wp","href":"https:\/\/api.w.org\/{rel}","templated":true}]}}