{"id":97151,"date":"2016-10-19T08:44:54","date_gmt":"2016-10-19T11:44:54","guid":{"rendered":"http:\/\/senoticias.com.br\/se\/?p=97151"},"modified":"2016-10-19T08:44:54","modified_gmt":"2016-10-19T11:44:54","slug":"padre-reginaldo-manzotti-faz-show-e-lanca-livro-em-aracaju","status":"publish","type":"post","link":"https:\/\/senoticias.com.br\/se\/padre-reginaldo-manzotti-faz-show-e-lanca-livro-em-aracaju\/","title":{"rendered":"Padre Reginaldo Manzotti faz show e lan\u00e7a livro em Aracaju"},"content":{"rendered":"<p style=\"text-align: justify;\"><strong><em>Do <a href=\"http:\/\/g1.globo.com\/se\/sergipe\/noticia\/2016\/10\/padre-reginaldo-manzotti-faz-show-e-lanca-livro-em-aracaju.html\">G1<\/a> SE<\/em><\/strong><\/p>\n<p style=\"text-align: justify;\">Na pr\u00f3xima segunda-feira (24), o padre Reginaldo Manzotti estar\u00e1 em Aracaju para lan\u00e7ar o livro &#8220;Encontros&#8221; e fazer um show com os f\u00e3s e cat\u00f3licos que acompanham a carreira do padre cantor. O evento inicia \u00e0s 19h30 no Gin\u00e1sio Const\u00e2ncio Vieira, localizado no Bairro 13 de Julho.<\/p>\n<div id=\"attachment_97152\" style=\"width: 609px\" class=\"wp-caption aligncenter\"><img loading=\"lazy\" decoding=\"async\" aria-describedby=\"caption-attachment-97152\" class=\"size-full wp-image-97152\" src=\"http:\/\/senoticias.com.br\/se\/wp-content\/uploads\/2016\/10\/Padre-Reginaldo-em-Aracaju-SE-noticias-e1476877380119.jpg\" alt=\"Padre Reginaldo Manzotti comanda ora\u00e7\u00f5es nos eventos (Foto: Divulga\u00e7\u00e3o Evangelizar \u00e9 Preciso)\" width=\"599\" height=\"449\" \/><p id=\"caption-attachment-97152\" class=\"wp-caption-text\">Padre Reginaldo Manzotti comanda ora\u00e7\u00f5es nos eventos (Foto: Divulga\u00e7\u00e3o Evangelizar \u00e9 Preciso)<\/p><\/div>\n<p style=\"text-align: justify;\">Segundo a assessoria de imprensa do sacerdote, durante o evento o p\u00fablico vai participar de um momento de espiritualidade com m\u00fasicas e prega\u00e7\u00e3o.<\/p>\n<p style=\"text-align: justify;\">Para ter acesso ao evento, \u00e9 necess\u00e1rio retirar o convite na R\u00e1dio Cultura, Secretaria da Catedral, Lumen Christ, Sabor de Trigo, Panifica\u00e7\u00e3o J.F., Cei\u00e7a Festas (Shopping Premium).<\/p>\n<p style=\"text-align: justify;\">&#8216;Encontros&#8217; \u00e9 o \u00faltimo livro da trilogia Sinais do Sagrados. A obra revela a certeza de que o encontro transformador com Cristo n\u00e3o se restringe a tempos remotos. Partindo do exemplo de algumas das personagens b\u00edblicas que tiveram a vida transformada pela miseric\u00f3rdia divina, Padre Reginaldo lembra que o amor de Cristo nos ajuda a vencer todos os flagelos que abalam nossa f\u00e9.<\/p>\n<p style=\"text-align: justify;\"><strong>O padre<br \/>\n<\/strong><br \/>\nManzotti \u00e9 um sacerdote que j\u00e1 vendeu mais de 3 milh\u00f5es de exemplares e foi o respons\u00e1vel por aquela que \u00e9 considerada a terceira maior missa rezada no Brasil ao reunir em 2013, 1,6 milh\u00f5es em Fortaleza (CE).<\/p>\n<p style=\"text-align: justify;\">O padre \u00e9 fundador da associa\u00e7\u00e3o Evangelizar \u00e9 Preciso, uma obra considerada benfeitora nacional cujo prop\u00f3sito \u00e9 a evangeliza\u00e7\u00e3o pelos meios de comunica\u00e7\u00e3o. Desde junho de 2012, por meio da parceria Abracei com a Pastoral da Crian\u00e7a, a associa\u00e7\u00e3o garante o atendimento de 10 mil crian\u00e7as por m\u00eas.<\/p>\n<p style=\"text-align: justify;\"><strong>Servi\u00e7o<br \/>\n<\/strong><br \/>\nLan\u00e7amento do livro Encontros com padre Reginaldo Manzotti<br \/>\n24 de outubro, \u00e0s 19h30<br \/>\nLocal: Gin\u00e1sio Const\u00e2ncio Vieira &#8211; Rua Vila Cristina s\/n &#8211; Bairro Treze de Julho<br \/>\n*A retirada do convite \u00e9 atrelada a venda do livro.<\/p>\n<p style=\"text-align: justify;\"><img loading=\"lazy\" decoding=\"async\" class=\"aligncenter size-full wp-image-97006\" src=\"http:\/\/senoticias.com.br\/se\/wp-content\/uploads\/2016\/10\/Logo-fone.jpg\" alt=\"logo-fone\" width=\"599\" height=\"78\" srcset=\"https:\/\/senoticias.com.br\/se\/wp-content\/uploads\/2016\/10\/Logo-fone.jpg 599w, https:\/\/senoticias.com.br\/se\/wp-content\/uploads\/2016\/10\/Logo-fone-300x39.jpg 300w\" sizes=\"(max-width: 599px) 100vw, 599px\" \/><\/p>\n<p style=\"text-align: justify;\"><em><strong>Acompanhe tamb\u00e9m o SE Not\u00edcias no<\/strong><span class=\"apple-converted-space\"><b>\u00a0<\/b><\/span><strong><a href=\"https:\/\/twitter.com\/Senoticias\">Twitter<\/a>,<\/strong><span class=\"apple-converted-space\"><b>\u00a0<\/b><\/span><strong><a href=\"https:\/\/www.facebook.com\/senoticias1\">Facebook<\/a><\/strong><span class=\"apple-converted-space\"><b>\u00a0<\/b><\/span><strong>e no<\/strong><a href=\"https:\/\/www.instagram.com\/senoticias\/\"><span class=\"apple-converted-space\"><b>\u00a0<\/b><\/span><b>Instagram<\/b><\/a><\/em><\/p>\n","protected":false},"excerpt":{"rendered":"<p>Do G1 SE Na pr\u00f3xima segunda-feira (24), o padre Reginaldo Manzotti estar\u00e1 em Aracaju para lan\u00e7ar o livro &#8220;Encontros&#8221; e fazer um show com os f\u00e3s e cat\u00f3licos que acompanham a carreira do padre cantor. O evento inicia \u00e0s 19h30 no Gin\u00e1sio Const\u00e2ncio Vieira, localizado no Bairro 13 de Julho. Segundo a assessoria de imprensa [&hellip;]<\/p>\n","protected":false},"author":2,"featured_media":97152,"comment_status":"closed","ping_status":"closed","sticky":false,"template":"","format":"standard","meta":{"footnotes":""},"categories":[15,46],"tags":[],"class_list":{"0":"post-97151","1":"post","2":"type-post","3":"status-publish","4":"format-standard","5":"has-post-thumbnail","7":"category-destaques","8":"category-religiao"},"_links":{"self":[{"href":"https:\/\/senoticias.com.br\/se\/wp-json\/wp\/v2\/posts\/97151"}],"collection":[{"href":"https:\/\/senoticias.com.br\/se\/wp-json\/wp\/v2\/posts"}],"about":[{"href":"https:\/\/senoticias.com.br\/se\/wp-json\/wp\/v2\/types\/post"}],"author":[{"embeddable":true,"href":"https:\/\/senoticias.com.br\/se\/wp-json\/wp\/v2\/users\/2"}],"replies":[{"embeddable":true,"href":"https:\/\/senoticias.com.br\/se\/wp-json\/wp\/v2\/comments?post=97151"}],"version-history":[{"count":0,"href":"https:\/\/senoticias.com.br\/se\/wp-json\/wp\/v2\/posts\/97151\/revisions"}],"wp:featuredmedia":[{"embeddable":true,"href":"https:\/\/senoticias.com.br\/se\/wp-json\/wp\/v2\/media\/97152"}],"wp:attachment":[{"href":"https:\/\/senoticias.com.br\/se\/wp-json\/wp\/v2\/media?parent=97151"}],"wp:term":[{"taxonomy":"category","embeddable":true,"href":"https:\/\/senoticias.com.br\/se\/wp-json\/wp\/v2\/categories?post=97151"},{"taxonomy":"post_tag","embeddable":true,"href":"https:\/\/senoticias.com.br\/se\/wp-json\/wp\/v2\/tags?post=97151"}],"curies":[{"name":"wp","href":"https:\/\/api.w.org\/{rel}","templated":true}]}}