{"id":97149,"date":"2016-10-19T08:33:48","date_gmt":"2016-10-19T11:33:48","guid":{"rendered":"http:\/\/senoticias.com.br\/se\/?p=97149"},"modified":"2016-10-19T17:16:08","modified_gmt":"2016-10-19T20:16:08","slug":"aracaju-itabaiana-e-laranjeiras-registram-dois-homicidios-cada","status":"publish","type":"post","link":"https:\/\/senoticias.com.br\/se\/aracaju-itabaiana-e-laranjeiras-registram-dois-homicidios-cada\/","title":{"rendered":"Aracaju, Itabaiana e Laranjeiras registram dois homic\u00eddios cada"},"content":{"rendered":"<p style=\"text-align: justify;\">O Instituto M\u00e9dico Legal (IML) registrou nove corpos no plant\u00e3o de 24 horas encerrado na]o in\u00edcio da manh\u00e3 desta quarta-feira (19) em Sergipe. Dessas, seis foram em decorr\u00eancia de ferimentos provocados por armas de fogo. As mortes violentas aconteceram em Itabaiana (2), Aracaju (2) e Laranjeiras (2).<\/p>\n<div id=\"attachment_97150\" style=\"width: 609px\" class=\"wp-caption aligncenter\"><img loading=\"lazy\" decoding=\"async\" aria-describedby=\"caption-attachment-97150\" class=\"size-full wp-image-97150\" src=\"http:\/\/senoticias.com.br\/se\/wp-content\/uploads\/2016\/10\/Mortos-em-Itabaiana-e1476876559492.jpg\" alt=\"Mortes violentas por arma de fogo aconteceram em apenas 24 horas. (Foto: Itnet)\" width=\"599\" height=\"337\" \/><p id=\"caption-attachment-97150\" class=\"wp-caption-text\">Mortes violentas por arma de fogo aconteceram em apenas 24 horas. (Foto: Itnet)<\/p><\/div>\n<p style=\"text-align: justify;\">Os dois corpos do sexo masculino de Laranjeiras foram encontrados sob a ponte do Rio Sergipe, no povoado de Pedra Branca, que fica as margens da BR-101. &#8220;H\u00e1 suspeita de crimes de execu\u00e7\u00e3o, mas estamos investigando&#8221;, disse o delegado do munic\u00edpio, Marcelo Paes.<\/p>\n<p style=\"text-align: justify;\">Acidentes de tr\u00e2nsito vitimaram dois homens na capital sergipana e no munic\u00edpio de Boquim. O IML registrou ainda o corpo de um idoso de 69 anos que morreu no Povoado Tanque, na zona rural de Lagarto, a causa ainda \u00e9 desconhecida e exames complementares foram solicitados para identificar o que aconteceu. <em>(Informa\u00e7\u00f5es do <a href=\"http:\/\/g1.globo.com\/se\/sergipe\/noticia\/2016\/10\/aracaju-itabaiana-e-laranjeiras-registram-dois-homicidios-cada.html\">G1<\/a> SE)<\/em><\/p>\n<p style=\"text-align: justify;\"><img loading=\"lazy\" decoding=\"async\" class=\"aligncenter size-full wp-image-97006\" src=\"http:\/\/senoticias.com.br\/se\/wp-content\/uploads\/2016\/10\/Logo-fone.jpg\" alt=\"logo-fone\" width=\"599\" height=\"78\" srcset=\"https:\/\/senoticias.com.br\/se\/wp-content\/uploads\/2016\/10\/Logo-fone.jpg 599w, https:\/\/senoticias.com.br\/se\/wp-content\/uploads\/2016\/10\/Logo-fone-300x39.jpg 300w\" sizes=\"(max-width: 599px) 100vw, 599px\" \/><\/p>\n<p style=\"text-align: justify;\"><em><strong>Acompanhe tamb\u00e9m o SE Not\u00edcias no<\/strong><span class=\"apple-converted-space\"><b>\u00a0<\/b><\/span><strong><a href=\"https:\/\/twitter.com\/Senoticias\">Twitter<\/a>,<\/strong><span class=\"apple-converted-space\"><b>\u00a0<\/b><\/span><strong><a href=\"https:\/\/www.facebook.com\/senoticias1\">Facebook<\/a><\/strong><span class=\"apple-converted-space\"><b>\u00a0<\/b><\/span><strong>e no<\/strong><a href=\"https:\/\/www.instagram.com\/senoticias\/\"><span class=\"apple-converted-space\"><b>\u00a0<\/b><\/span><b>Instagram<\/b><\/a><\/em><\/p>\n<p style=\"text-align: justify;\">\n","protected":false},"excerpt":{"rendered":"<p>O Instituto M\u00e9dico Legal (IML) registrou nove corpos no plant\u00e3o de 24 horas encerrado na]o in\u00edcio da manh\u00e3 desta quarta-feira (19) em Sergipe. Dessas, seis foram em decorr\u00eancia de ferimentos provocados por armas de fogo. As mortes violentas aconteceram em Itabaiana (2), Aracaju (2) e Laranjeiras (2). Os dois corpos do sexo masculino de Laranjeiras [&hellip;]<\/p>\n","protected":false},"author":2,"featured_media":97150,"comment_status":"closed","ping_status":"closed","sticky":false,"template":"","format":"standard","meta":{"footnotes":""},"categories":[7],"tags":[],"class_list":{"0":"post-97149","1":"post","2":"type-post","3":"status-publish","4":"format-standard","5":"has-post-thumbnail","7":"category-policia"},"_links":{"self":[{"href":"https:\/\/senoticias.com.br\/se\/wp-json\/wp\/v2\/posts\/97149"}],"collection":[{"href":"https:\/\/senoticias.com.br\/se\/wp-json\/wp\/v2\/posts"}],"about":[{"href":"https:\/\/senoticias.com.br\/se\/wp-json\/wp\/v2\/types\/post"}],"author":[{"embeddable":true,"href":"https:\/\/senoticias.com.br\/se\/wp-json\/wp\/v2\/users\/2"}],"replies":[{"embeddable":true,"href":"https:\/\/senoticias.com.br\/se\/wp-json\/wp\/v2\/comments?post=97149"}],"version-history":[{"count":0,"href":"https:\/\/senoticias.com.br\/se\/wp-json\/wp\/v2\/posts\/97149\/revisions"}],"wp:featuredmedia":[{"embeddable":true,"href":"https:\/\/senoticias.com.br\/se\/wp-json\/wp\/v2\/media\/97150"}],"wp:attachment":[{"href":"https:\/\/senoticias.com.br\/se\/wp-json\/wp\/v2\/media?parent=97149"}],"wp:term":[{"taxonomy":"category","embeddable":true,"href":"https:\/\/senoticias.com.br\/se\/wp-json\/wp\/v2\/categories?post=97149"},{"taxonomy":"post_tag","embeddable":true,"href":"https:\/\/senoticias.com.br\/se\/wp-json\/wp\/v2\/tags?post=97149"}],"curies":[{"name":"wp","href":"https:\/\/api.w.org\/{rel}","templated":true}]}}