{"id":97146,"date":"2016-10-18T22:29:54","date_gmt":"2016-10-19T01:29:54","guid":{"rendered":"http:\/\/senoticias.com.br\/se\/?p=97146"},"modified":"2016-10-18T22:37:08","modified_gmt":"2016-10-19T01:37:08","slug":"eleicao-municipal-foi-a-pauta-principal-em-sessao-na-camara-de-rosario","status":"publish","type":"post","link":"https:\/\/senoticias.com.br\/se\/eleicao-municipal-foi-a-pauta-principal-em-sessao-na-camara-de-rosario\/","title":{"rendered":"Elei\u00e7\u00e3o municipal foi a pauta principal em sess\u00e3o na C\u00e2mara de Ros\u00e1rio"},"content":{"rendered":"<p style=\"text-align: justify;\">Os vereadores de Ros\u00e1rio do Catete abordaram na sess\u00e3o dessa segunda-feira (17) os momentos mais marcantes que enfrentaram nas elei\u00e7\u00f5es do munic\u00edpio. Os parlamentares destacaram o empenho daqueles que concorreram a uma vaga no Legislativo Municipal e, tamb\u00e9m, dos que conquistaram o \u00eaxito nas urnas, no \u00faltimo no dia 2 de outubro. No total, apenas tr\u00eas vereadores conseguiram se reeleger: Manoel Santana (PSD), Am\u00e9lia Correia e Adelmo de Jesus (ambos do PSC).<\/p>\n<div id=\"attachment_97147\" style=\"width: 609px\" class=\"wp-caption aligncenter\"><img loading=\"lazy\" decoding=\"async\" aria-describedby=\"caption-attachment-97147\" class=\"size-full wp-image-97147\" src=\"http:\/\/senoticias.com.br\/se\/wp-content\/uploads\/2016\/10\/Camara-de-vereadores-de-Rosario-do-Catete-SE-e1476840808141.jpg\" alt=\"Resultado das Elei\u00e7\u00f5es  2016 foi tema de debates na C\u00e2mara de Vereadores de Ros\u00e1rio do Catete. (Foto: Ascom\/C\u00e2mara)\" width=\"599\" height=\"400\" \/><p id=\"caption-attachment-97147\" class=\"wp-caption-text\">Resultado das Elei\u00e7\u00f5es 2016 foi tema de debates na C\u00e2mara de Vereadores de Ros\u00e1rio do Catete. (Foto: Ascom\/C\u00e2mara)<\/p><\/div>\n<p style=\"text-align: justify;\">O primeiro a falar foi o vereador Murilo Menezes (PSC), que parabenizou a Vino Barreto (Democratas) pela vit\u00f3ria nas urnas. O candidato conquistou a vaga de prefeito e comandar\u00e1 o munic\u00edpio nos pr\u00f3ximos quatro anos. Tamb\u00e9m parabenizou a todos os candidatos que concorreram a uma vaga no Legislativo Municipal e afirmou que a pol\u00edtica tem suas peculiaridades, e que deve se respeitar a vontade do povo. O parlamentar, que n\u00e3o conseguiu se reeleger, encerra esse ano o segundo mandato como vereador na Casa.<\/p>\n<p style=\"text-align: justify;\">O vereador Manou Santana, o \u201cDedeu\u201d, se emocionou ao subir na plen\u00e1ria e relembrar a batalha que enfrentou para conquistar mais um mandato de vereador em Ros\u00e1rio. Com mais de 300 votos, o parlamentar garantiu sua vaga e destacou que ir\u00e1 continuar trabalhando para a popula\u00e7\u00e3o mais humilde do munic\u00edpio. Disse tamb\u00e9m que sente orgulho de ter H\u00e9lio dos Santos como l\u00edder de seu partido e fez quest\u00e3o de agradecer a todos que acreditaram no seu projeto.<\/p>\n<p style=\"text-align: justify;\">Tamb\u00e9m falaram na noite os vereadores Bito (Adelmo de Jesus) e L\u00e9u (Anderson dos Santos). Os dois destacaram sobre as diversas situa\u00e7\u00f5es que muitos enfrentaram durante o pleito municipal. L\u00e9u fez quest\u00e3o de falar da postura do vereador e presidente da Casa, H\u00e9lio dos Santos, o \u201cHelhinho\u201d, que abdicou de parte do seu projeto e foi o ponto decisivo para vit\u00f3ria de Vino nas urnas de Ros\u00e1rio do Catete.<\/p>\n<p style=\"text-align: justify;\">Assim que subiu a tribuna, Helhinho fez um breve hist\u00f3rico de sua trajet\u00f3ria durante as elei\u00e7\u00f5es e ressaltou que h\u00e1 muito tempo os moradores da cidade n\u00e3o presenciavam uma elei\u00e7\u00e3o t\u00e3o disputada. Disse que enfrentou muitos problemas e desilus\u00f5es na campanha, mas que conseguiu reverter a situa\u00e7\u00e3o e escolheu a op\u00e7\u00e3o mais sensata a se tomar naquele momento, algo que resultou na vit\u00f3ria do grupo oposicionista a atual gest\u00e3o municipal.<\/p>\n<p style=\"text-align: justify;\"><img loading=\"lazy\" decoding=\"async\" class=\"aligncenter size-full wp-image-97006\" src=\"http:\/\/senoticias.com.br\/se\/wp-content\/uploads\/2016\/10\/Logo-fone.jpg\" alt=\"logo-fone\" width=\"599\" height=\"78\" srcset=\"https:\/\/senoticias.com.br\/se\/wp-content\/uploads\/2016\/10\/Logo-fone.jpg 599w, https:\/\/senoticias.com.br\/se\/wp-content\/uploads\/2016\/10\/Logo-fone-300x39.jpg 300w\" sizes=\"(max-width: 599px) 100vw, 599px\" \/><\/p>\n<p style=\"text-align: justify;\"><em><strong>Acompanhe tamb\u00e9m o SE Not\u00edcias no<\/strong><strong>\u00a0<\/strong><strong><a href=\"https:\/\/twitter.com\/Senoticias\">Twitter<\/a>,<\/strong><strong>\u00a0<\/strong><strong><a href=\"https:\/\/www.facebook.com\/senoticias1\">Facebook<\/a><\/strong><strong>\u00a0<\/strong><strong>e no<\/strong><a href=\"https:\/\/www.instagram.com\/senoticias\/\"><strong>\u00a0<\/strong><strong>Instagram<\/strong><\/a><\/em><\/p>\n<p style=\"text-align: justify;\"><em>Da Assessoria de Imprensa<\/em><\/p>\n","protected":false},"excerpt":{"rendered":"<p>Os vereadores de Ros\u00e1rio do Catete abordaram na sess\u00e3o dessa segunda-feira (17) os momentos mais marcantes que enfrentaram nas elei\u00e7\u00f5es do munic\u00edpio. Os parlamentares destacaram o empenho daqueles que concorreram a uma vaga no Legislativo Municipal e, tamb\u00e9m, dos que conquistaram o \u00eaxito nas urnas, no \u00faltimo no dia 2 de outubro. No total, apenas [&hellip;]<\/p>\n","protected":false},"author":2,"featured_media":97147,"comment_status":"closed","ping_status":"closed","sticky":false,"template":"","format":"standard","meta":{"footnotes":""},"categories":[38,1],"tags":[],"class_list":{"0":"post-97146","1":"post","2":"type-post","3":"status-publish","4":"format-standard","5":"has-post-thumbnail","7":"category-municipios","8":"category-sem-categoria"},"_links":{"self":[{"href":"https:\/\/senoticias.com.br\/se\/wp-json\/wp\/v2\/posts\/97146"}],"collection":[{"href":"https:\/\/senoticias.com.br\/se\/wp-json\/wp\/v2\/posts"}],"about":[{"href":"https:\/\/senoticias.com.br\/se\/wp-json\/wp\/v2\/types\/post"}],"author":[{"embeddable":true,"href":"https:\/\/senoticias.com.br\/se\/wp-json\/wp\/v2\/users\/2"}],"replies":[{"embeddable":true,"href":"https:\/\/senoticias.com.br\/se\/wp-json\/wp\/v2\/comments?post=97146"}],"version-history":[{"count":0,"href":"https:\/\/senoticias.com.br\/se\/wp-json\/wp\/v2\/posts\/97146\/revisions"}],"wp:featuredmedia":[{"embeddable":true,"href":"https:\/\/senoticias.com.br\/se\/wp-json\/wp\/v2\/media\/97147"}],"wp:attachment":[{"href":"https:\/\/senoticias.com.br\/se\/wp-json\/wp\/v2\/media?parent=97146"}],"wp:term":[{"taxonomy":"category","embeddable":true,"href":"https:\/\/senoticias.com.br\/se\/wp-json\/wp\/v2\/categories?post=97146"},{"taxonomy":"post_tag","embeddable":true,"href":"https:\/\/senoticias.com.br\/se\/wp-json\/wp\/v2\/tags?post=97146"}],"curies":[{"name":"wp","href":"https:\/\/api.w.org\/{rel}","templated":true}]}}