{"id":97131,"date":"2016-10-18T13:30:11","date_gmt":"2016-10-18T16:30:11","guid":{"rendered":"http:\/\/senoticias.com.br\/se\/?p=97131"},"modified":"2016-10-18T13:30:11","modified_gmt":"2016-10-18T16:30:11","slug":"renan-diz-que-votacao-de-recursos-para-o-fies-e-absoluta-prioridade","status":"publish","type":"post","link":"https:\/\/senoticias.com.br\/se\/renan-diz-que-votacao-de-recursos-para-o-fies-e-absoluta-prioridade\/","title":{"rendered":"Renan diz que vota\u00e7\u00e3o de recursos para o Fies \u00e9 \u201cabsoluta prioridade\u201d"},"content":{"rendered":"<p style=\"text-align: justify\">O presidente do Congresso e do Senado, Renan Calheiros (PMDB-AL), afirmou hoje (18), ao chegar ao Parlamento, que ser\u00e1 feito um esfor\u00e7o para avan\u00e7ar na pauta de vota\u00e7\u00e3o da sess\u00e3o conjunta de deputados e senadores.<\/p>\n<div id=\"attachment_92289\" style=\"width: 609px\" class=\"wp-caption aligncenter\"><a href=\"http:\/\/senoticias.com.br\/se\/wp-content\/uploads\/2016\/05\/SENot\u00edcias-renan-499797.jpg\"><img loading=\"lazy\" decoding=\"async\" aria-describedby=\"caption-attachment-92289\" class=\"size-full wp-image-92289\" src=\"http:\/\/senoticias.com.br\/se\/wp-content\/uploads\/2016\/05\/SENot\u00edcias-renan-499797.jpg\" alt=\"(Foto: Evaristo S\u00e1 \/ JC) \" width=\"599\" height=\"425\" srcset=\"https:\/\/senoticias.com.br\/se\/wp-content\/uploads\/2016\/05\/SENot\u00edcias-renan-499797.jpg 599w, https:\/\/senoticias.com.br\/se\/wp-content\/uploads\/2016\/05\/SENot\u00edcias-renan-499797-300x212.jpg 300w, https:\/\/senoticias.com.br\/se\/wp-content\/uploads\/2016\/05\/SENot\u00edcias-renan-499797-342x242.jpg 342w, https:\/\/senoticias.com.br\/se\/wp-content\/uploads\/2016\/05\/SENot\u00edcias-renan-499797-90x65.jpg 90w\" sizes=\"(max-width: 599px) 100vw, 599px\" \/><\/a><p id=\"caption-attachment-92289\" class=\"wp-caption-text\">(Foto: Evaristo S\u00e1 \/ JC)<\/p><\/div>\n<p style=\"text-align: justify\">A sess\u00e3o do Congresso deve analisar vetos presidenciais e projetos de lei de suplementa\u00e7\u00e3o or\u00e7ament\u00e1ria. Inicialmente, ser\u00e3o apreciados tr\u00eas vetos. Na sequ\u00eancia, deputados e senadores v\u00e3o examinar o projeto que libera cr\u00e9ditos adicionais de R$ 1,1 bilh\u00e3o para o Minist\u00e9rio da Educa\u00e7\u00e3o. Deste total, R$ 702 milh\u00f5es s\u00e3o para o Fundo de Financiamento Estudantil (Fies) e o restante (R$ 400,9 milh\u00f5es) \u00e9 para a realiza\u00e7\u00e3o do Exame Nacional do Ensino M\u00e9dio (Enem).<\/p>\n<p style=\"text-align: justify\">\u201cO Fies j\u00e1 est\u00e1 na ordem [do dia] como absoluta prioridade e n\u00e3o precisaremos inverter a pauta. \u201cN\u00f3s temos que apreciar ainda tr\u00eas vetos [presidenciais], depois o Fies, depois o cr\u00e9dito para os organismos internacionais e a\u00ed n\u00f3s vamos avan\u00e7ar nos demais cr\u00e9ditos\u201d, afirmou.<\/p>\n<p style=\"text-align: justify\">Mais cedo, ao chegar \u00e0 C\u00e2mara dos Deputados, o presidente em exerc\u00edcio da Casa, Waldir Maranh\u00e3o (PP-MA), disse que vai tentar manter a mobiliza\u00e7\u00e3o dos deputados para garantir qu\u00f3rum para a sess\u00e3o conjunta do Congresso Nacional e, na sequ\u00eancia, a sess\u00e3o na C\u00e2mara.<\/p>\n<p style=\"text-align: justify\">Segundo Maranh\u00e3o, a sess\u00e3o da C\u00e2mara dos Deputados que estava prevista para esta manh\u00e3 para tentar concluir a vota\u00e7\u00e3o do projeto que tira a obrigatoriedade da Petrobras de explorar o petr\u00f3leo na camada pr\u00e9-sal (PL 4567\/16) ser\u00e1 feita ap\u00f3s a sess\u00e3o do Congresso.<\/p>\n<p style=\"text-align: justify\">\u201cVamos tentar votar os destaques do pr\u00e9-sal depois da sess\u00e3o do Congresso. Vamos priorizar a sess\u00e3o do Congresso, afinal, o Fies \u00e9 algo importante para o pa\u00eds e para os estudantes\u201d, afirmou Maranh\u00e3o.<\/p>\n<p><strong>Acompanhe tamb\u00e9m o SE Not\u00edcias no<\/strong><strong>\u00a0<\/strong><strong><a href=\"https:\/\/twitter.com\/Senoticias\">Twitter<\/a>,<\/strong><strong>\u00a0<\/strong><strong><a href=\"https:\/\/www.facebook.com\/senoticias1\">Facebook<\/a><\/strong><strong>\u00a0<\/strong><strong>e no<\/strong><a href=\"https:\/\/www.instagram.com\/senoticias\/\"><strong>\u00a0<\/strong><strong>Instagram.<\/strong><\/a><\/p>\n<p><a href=\"http:\/\/senoticias.com.br\/se\/wp-content\/uploads\/2016\/10\/Logo-fone.jpg\"><img loading=\"lazy\" decoding=\"async\" class=\"aligncenter size-full wp-image-97006\" src=\"http:\/\/senoticias.com.br\/se\/wp-content\/uploads\/2016\/10\/Logo-fone.jpg\" alt=\"logo-fone\" width=\"599\" height=\"78\" srcset=\"https:\/\/senoticias.com.br\/se\/wp-content\/uploads\/2016\/10\/Logo-fone.jpg 599w, https:\/\/senoticias.com.br\/se\/wp-content\/uploads\/2016\/10\/Logo-fone-300x39.jpg 300w\" sizes=\"(max-width: 599px) 100vw, 599px\" \/><\/a><\/p>\n<p>Informa\u00e7\u00f5es da Ag\u00eancia Brasil de Noticias.<\/p>\n","protected":false},"excerpt":{"rendered":"<p>O presidente do Congresso e do Senado, Renan Calheiros (PMDB-AL), afirmou hoje (18), ao chegar ao Parlamento, que ser\u00e1 feito um esfor\u00e7o para avan\u00e7ar na pauta de vota\u00e7\u00e3o da sess\u00e3o conjunta de deputados e senadores. A sess\u00e3o do Congresso deve analisar vetos presidenciais e projetos de lei de suplementa\u00e7\u00e3o or\u00e7ament\u00e1ria. Inicialmente, ser\u00e3o apreciados tr\u00eas vetos. [&hellip;]<\/p>\n","protected":false},"author":5618,"featured_media":92289,"comment_status":"closed","ping_status":"closed","sticky":false,"template":"","format":"standard","meta":{"footnotes":""},"categories":[44,26,6],"tags":[1512],"class_list":{"0":"post-97131","1":"post","2":"type-post","3":"status-publish","4":"format-standard","5":"has-post-thumbnail","7":"category-educacao","8":"category-esportes","9":"category-politica","10":"tag-renan-diz-que-votacao-de-recursos-para-o-fies-e-absoluta-prioridade"},"_links":{"self":[{"href":"https:\/\/senoticias.com.br\/se\/wp-json\/wp\/v2\/posts\/97131"}],"collection":[{"href":"https:\/\/senoticias.com.br\/se\/wp-json\/wp\/v2\/posts"}],"about":[{"href":"https:\/\/senoticias.com.br\/se\/wp-json\/wp\/v2\/types\/post"}],"author":[{"embeddable":true,"href":"https:\/\/senoticias.com.br\/se\/wp-json\/wp\/v2\/users\/5618"}],"replies":[{"embeddable":true,"href":"https:\/\/senoticias.com.br\/se\/wp-json\/wp\/v2\/comments?post=97131"}],"version-history":[{"count":0,"href":"https:\/\/senoticias.com.br\/se\/wp-json\/wp\/v2\/posts\/97131\/revisions"}],"wp:featuredmedia":[{"embeddable":true,"href":"https:\/\/senoticias.com.br\/se\/wp-json\/wp\/v2\/media\/92289"}],"wp:attachment":[{"href":"https:\/\/senoticias.com.br\/se\/wp-json\/wp\/v2\/media?parent=97131"}],"wp:term":[{"taxonomy":"category","embeddable":true,"href":"https:\/\/senoticias.com.br\/se\/wp-json\/wp\/v2\/categories?post=97131"},{"taxonomy":"post_tag","embeddable":true,"href":"https:\/\/senoticias.com.br\/se\/wp-json\/wp\/v2\/tags?post=97131"}],"curies":[{"name":"wp","href":"https:\/\/api.w.org\/{rel}","templated":true}]}}