{"id":97129,"date":"2016-10-18T13:25:20","date_gmt":"2016-10-18T16:25:20","guid":{"rendered":"http:\/\/senoticias.com.br\/se\/?p=97129"},"modified":"2016-10-18T13:25:20","modified_gmt":"2016-10-18T16:25:20","slug":"renan-diz-que-sistema-politico-envelheceu-e-quer-votar-reforma-em-9-de-novembro","status":"publish","type":"post","link":"https:\/\/senoticias.com.br\/se\/renan-diz-que-sistema-politico-envelheceu-e-quer-votar-reforma-em-9-de-novembro\/","title":{"rendered":"Renan diz que sistema pol\u00edtico envelheceu e quer votar reforma em 9 de novembro"},"content":{"rendered":"<p style=\"text-align: justify\">O presidente do Senado, Renan Calheiros (PMDB-AL), afirmou hoje (18) que pretende levar \u00e0 vota\u00e7\u00e3o no dia 9 de novembro a primeira parte de uma reforma pol\u00edtica, incluindo mudan\u00e7as nas coliga\u00e7\u00f5es partid\u00e1rias e a cria\u00e7\u00e3o de cl\u00e1usulas de barreira para restringir o acesso das legendas a assentos no parlamento.<\/p>\n<div id=\"attachment_48509\" style=\"width: 600px\" class=\"wp-caption aligncenter\"><a href=\"http:\/\/senoticias.com.br\/se\/wp-content\/uploads\/2013\/05\/size_590_calhe3.jpg\"><img loading=\"lazy\" decoding=\"async\" aria-describedby=\"caption-attachment-48509\" class=\"size-full wp-image-48509\" src=\"http:\/\/senoticias.com.br\/se\/wp-content\/uploads\/2013\/05\/size_590_calhe3.jpg\" alt=\"O presidente do Senado, Renan Calheiros (PMDB-AL)\" width=\"590\" height=\"443\" srcset=\"https:\/\/senoticias.com.br\/se\/wp-content\/uploads\/2013\/05\/size_590_calhe3.jpg 590w, https:\/\/senoticias.com.br\/se\/wp-content\/uploads\/2013\/05\/size_590_calhe3-300x225.jpg 300w, https:\/\/senoticias.com.br\/se\/wp-content\/uploads\/2013\/05\/size_590_calhe3-342x256.jpg 342w, https:\/\/senoticias.com.br\/se\/wp-content\/uploads\/2013\/05\/size_590_calhe3-60x45.jpg 60w, https:\/\/senoticias.com.br\/se\/wp-content\/uploads\/2013\/05\/size_590_calhe3-150x113.jpg 150w, https:\/\/senoticias.com.br\/se\/wp-content\/uploads\/2013\/05\/size_590_calhe3-269x201.jpg 269w\" sizes=\"(max-width: 590px) 100vw, 590px\" \/><\/a><p id=\"caption-attachment-48509\" class=\"wp-caption-text\">O presidente do Senado, Renan Calheiros (PMDB-AL)<\/p><\/div>\n<p style=\"text-align: justify\">\u201cConversei com o presidente da C\u00e2mara para que logo depois do segundo turno [das elei\u00e7\u00f5es municipais] n\u00f3s possamos avan\u00e7ar na reforma pol\u00edtica\u201d, disse Renan. \u201cEsse sistema pol\u00edtico envelheceu, precisa ser substitu\u00eddo\u201d, afirmou ele ap\u00f3s confirmar a data em que pretende levar o assunto a plen\u00e1rio.<\/p>\n<p style=\"text-align: justify\">Renan defendeu que na mesma data sejam votadas outras propostas que ajudem a disciplinar a atividade pol\u00edtica, entre elas a lei que prev\u00ea puni\u00e7\u00f5es para abusos de poder. \u201cEntendo que a oportunidade \u00e9 conjugar ao mesmo tempo reforma pol\u00edtica, combate \u00e0 corrup\u00e7\u00e3o e lei de abuso de autoridade\u201d.<\/p>\n<p style=\"text-align: justify\">O senador disse tamb\u00e9m ter pedido ao presidente da C\u00e2mara, deputado Rodrigo Maia (DEM-RJ), que coloque em discuss\u00e3o a modifica\u00e7\u00e3o do voto proporcional para a elei\u00e7\u00e3o de deputados federais. \u201cEsse sistema est\u00e1 carcomido\u201d, afirmou Renan.<\/p>\n<p><strong>Acompanhe tamb\u00e9m o SE Not\u00edcias no<\/strong><strong>\u00a0<\/strong><strong><a href=\"https:\/\/twitter.com\/Senoticias\">Twitter<\/a>,<\/strong><strong>\u00a0<\/strong><strong><a href=\"https:\/\/www.facebook.com\/senoticias1\">Facebook<\/a><\/strong><strong>\u00a0<\/strong><strong>e no<\/strong><a href=\"https:\/\/www.instagram.com\/senoticias\/\"><strong>\u00a0<\/strong><strong>Instagram.<\/strong><\/a><\/p>\n<p><a href=\"http:\/\/senoticias.com.br\/se\/wp-content\/uploads\/2016\/10\/Logo-fone.jpg\"><img loading=\"lazy\" decoding=\"async\" class=\"aligncenter size-full wp-image-97006\" src=\"http:\/\/senoticias.com.br\/se\/wp-content\/uploads\/2016\/10\/Logo-fone.jpg\" alt=\"logo-fone\" width=\"599\" height=\"78\" srcset=\"https:\/\/senoticias.com.br\/se\/wp-content\/uploads\/2016\/10\/Logo-fone.jpg 599w, https:\/\/senoticias.com.br\/se\/wp-content\/uploads\/2016\/10\/Logo-fone-300x39.jpg 300w\" sizes=\"(max-width: 599px) 100vw, 599px\" \/><\/a><\/p>\n<p>Informa\u00e7\u00f5es da Ag\u00eancia Brasil de Noticias<\/p>\n<p style=\"text-align: justify\">\n","protected":false},"excerpt":{"rendered":"<p>O presidente do Senado, Renan Calheiros (PMDB-AL), afirmou hoje (18) que pretende levar \u00e0 vota\u00e7\u00e3o no dia 9 de novembro a primeira parte de uma reforma pol\u00edtica, incluindo mudan\u00e7as nas coliga\u00e7\u00f5es partid\u00e1rias e a cria\u00e7\u00e3o de cl\u00e1usulas de barreira para restringir o acesso das legendas a assentos no parlamento. \u201cConversei com o presidente da C\u00e2mara [&hellip;]<\/p>\n","protected":false},"author":5618,"featured_media":48509,"comment_status":"closed","ping_status":"closed","sticky":false,"template":"","format":"standard","meta":{"footnotes":""},"categories":[6],"tags":[1511],"class_list":{"0":"post-97129","1":"post","2":"type-post","3":"status-publish","4":"format-standard","5":"has-post-thumbnail","7":"category-politica","8":"tag-renan-diz-que-sistema-politico-envelheceu-e-quer-votar-reforma-em-9-de-novembro"},"_links":{"self":[{"href":"https:\/\/senoticias.com.br\/se\/wp-json\/wp\/v2\/posts\/97129"}],"collection":[{"href":"https:\/\/senoticias.com.br\/se\/wp-json\/wp\/v2\/posts"}],"about":[{"href":"https:\/\/senoticias.com.br\/se\/wp-json\/wp\/v2\/types\/post"}],"author":[{"embeddable":true,"href":"https:\/\/senoticias.com.br\/se\/wp-json\/wp\/v2\/users\/5618"}],"replies":[{"embeddable":true,"href":"https:\/\/senoticias.com.br\/se\/wp-json\/wp\/v2\/comments?post=97129"}],"version-history":[{"count":0,"href":"https:\/\/senoticias.com.br\/se\/wp-json\/wp\/v2\/posts\/97129\/revisions"}],"wp:featuredmedia":[{"embeddable":true,"href":"https:\/\/senoticias.com.br\/se\/wp-json\/wp\/v2\/media\/48509"}],"wp:attachment":[{"href":"https:\/\/senoticias.com.br\/se\/wp-json\/wp\/v2\/media?parent=97129"}],"wp:term":[{"taxonomy":"category","embeddable":true,"href":"https:\/\/senoticias.com.br\/se\/wp-json\/wp\/v2\/categories?post=97129"},{"taxonomy":"post_tag","embeddable":true,"href":"https:\/\/senoticias.com.br\/se\/wp-json\/wp\/v2\/tags?post=97129"}],"curies":[{"name":"wp","href":"https:\/\/api.w.org\/{rel}","templated":true}]}}