{"id":97127,"date":"2016-10-18T11:10:46","date_gmt":"2016-10-18T14:10:46","guid":{"rendered":"http:\/\/senoticias.com.br\/se\/?p=97127"},"modified":"2016-10-19T14:51:45","modified_gmt":"2016-10-19T17:51:45","slug":"vocalistas-da-banda-avioes-do-forro-prestam-depoimento-na-sede-da-policia-federal","status":"publish","type":"post","link":"https:\/\/senoticias.com.br\/se\/vocalistas-da-banda-avioes-do-forro-prestam-depoimento-na-sede-da-policia-federal\/","title":{"rendered":"Vocalistas da banda Avi\u00f5es do Forr\u00f3 prestam depoimento na sede da Pol\u00edcia Federal"},"content":{"rendered":"<p style=\"text-align: justify;\">Os cantores Xand e Solange Almeida, vocalistas da banda Avi\u00f5es do Forr\u00f3, prestam depoimento na sede da Pol\u00edcia Federal na manh\u00e3 desta ter\u00e7a-feira (18). Eles foram levados para prestar esclarecimentos, segundo confirmou a PF, em coletiva.<\/p>\n<div id=\"attachment_97128\" style=\"width: 609px\" class=\"wp-caption aligncenter\"><img loading=\"lazy\" decoding=\"async\" aria-describedby=\"caption-attachment-97128\" class=\"size-full wp-image-97128\" src=\"http:\/\/senoticias.com.br\/se\/wp-content\/uploads\/2016\/10\/Policia-Federal-SE-noticias-e1476799698782.jpeg\" alt=\"Pol\u00edcia Federal deflagra opera\u00e7\u00e3o 'For All', que investiga grupo empresarial de forr\u00f3 (Foto: Gioras Xerez\/G1)\" width=\"599\" height=\"449\" \/><p id=\"caption-attachment-97128\" class=\"wp-caption-text\">Pol\u00edcia Federal deflagra opera\u00e7\u00e3o &#8216;For All&#8217;, que investiga grupo empresarial de forr\u00f3 (Foto: Gioras Xerez\/G1)<\/p><\/div>\n<p style=\"text-align: justify;\">A Pol\u00edcia Federal, em a\u00e7\u00e3o conjunta com a Receita Federal, deflagrou a opera\u00e7\u00e3o &#8220;For All&#8221;, contra fraudes no Imposto de Renda cometidas por um grupo empresarial atuante no ramo do entretenimento e respons\u00e1vel por famosas bandas de forr\u00f3 e casas de show no Cear\u00e1. Estimativa preliminar j\u00e1 identificou uma omiss\u00e3o de receitas de mais de R$ 300 milh\u00f5es, segundo a Receita. O G1 entrou em contato com a assessoria da banda e aguarda retorno.<\/p>\n<p style=\"text-align: justify;\">Est\u00e3o sendo cumpridos 76 mandados judiciais, sendo 32 de condu\u00e7\u00e3o coercitiva (quando a pessoa \u00e9 levada a depor e depois \u00e9 liberada) e 44 de busca e apreens\u00e3o em Fortaleza, Russas (CE) e Sousa (PB). H\u00e1 apenas um mandado sendo cumprido na Para\u00edba; os demais s\u00e3o no Cear\u00e1. N\u00e3o houve pris\u00f5es. Os mandados est\u00e3o sendo cumpridos por cerca de 260 policiais federais e 35 auditores.<\/p>\n<p style=\"text-align: justify;\">Entre as pessoas levadas \u00e0 sede da Pol\u00edcia Federal, em Fortaleza, para prestar depoimento est\u00e3o os empres\u00e1rios Isa\u00edas Duarte e Carlos Aristides, do grupo A3 Entretenimento. O G1 tentou contato com a A3, empresa investigada na opera\u00e7\u00e3o, e foi informado que ningu\u00e9m comentaria o assunto.<\/p>\n<p style=\"text-align: justify;\">A Justi\u00e7a Federal tamb\u00e9m decretou o bloqueio de im\u00f3veis e a apreens\u00e3o de ve\u00edculos pertencentes a pessoas ligadas ao grupo.<\/p>\n<p style=\"text-align: justify;\">H\u00e1 ind\u00edcios de que os integrantes da organiza\u00e7\u00e3o forneciam dados falsos ou omitiam dados nas suas declara\u00e7\u00f5es de Imposto de Renda pessoa f\u00edsica e jur\u00eddica, para eximir-se da cobran\u00e7a de tributos.<\/p>\n<p style=\"text-align: justify;\">O grupo ainda adquiria bens, como ve\u00edculos e im\u00f3veis, sem declarar ao Fisco. Foram encontradas diverg\u00eancias sobre valores pagos a t\u00edtulo de distribui\u00e7\u00e3o de lucros e dividendos, movimenta\u00e7\u00f5es banc\u00e1rias incompat\u00edveis com os rendimentos declarados, pagamentos elevados em esp\u00e9cie, al\u00e9m das diversas varia\u00e7\u00f5es patrimoniais a descoberto.<\/p>\n<p style=\"text-align: justify;\">No decorrer da investiga\u00e7\u00e3o, foram identificados ind\u00edcios de lavagem de capitais, falsidade ideol\u00f3gica e associa\u00e7\u00e3o criminosa.<\/p>\n<p style=\"text-align: justify;\">&#8220;As medidas judiciais cumpridas hoje pela Pol\u00edcia Federal t\u00eam por finalidade buscar a responsabiliza\u00e7\u00e3o das pessoas f\u00edsicas e jur\u00eddicas ligadas ao grupo empresarial e possibilitar que Receita Federal se municie de elementos suficientes permitindo uma real avalia\u00e7\u00e3o dos poss\u00edveis tributos sonegados&#8221;, informou a PF.<\/p>\n<p style=\"text-align: justify;\">A Receita Federal divulgou que as investiga\u00e7\u00f5es inciaram em 2012 e foram aprofundadas a partir de 2014, com a parceria da Pol\u00edcia Federal e do Minist\u00e9rio P\u00fablico.<\/p>\n<p style=\"text-align: justify;\"><img loading=\"lazy\" decoding=\"async\" class=\"aligncenter size-full wp-image-97006\" src=\"http:\/\/senoticias.com.br\/se\/wp-content\/uploads\/2016\/10\/Logo-fone.jpg\" alt=\"logo-fone\" width=\"599\" height=\"78\" srcset=\"https:\/\/senoticias.com.br\/se\/wp-content\/uploads\/2016\/10\/Logo-fone.jpg 599w, https:\/\/senoticias.com.br\/se\/wp-content\/uploads\/2016\/10\/Logo-fone-300x39.jpg 300w\" sizes=\"(max-width: 599px) 100vw, 599px\" \/><\/p>\n<p style=\"text-align: justify;\"><em><strong>Acompanhe tamb\u00e9m o SE Not\u00edcias no<\/strong><span class=\"apple-converted-space\"><b>\u00a0<\/b><\/span><strong><a href=\"https:\/\/twitter.com\/Senoticias\">Twitter<\/a>,<\/strong><span class=\"apple-converted-space\"><b>\u00a0<\/b><\/span><strong><a href=\"https:\/\/www.facebook.com\/senoticias1\">Facebook<\/a><\/strong><span class=\"apple-converted-space\"><b>\u00a0<\/b><\/span><strong>e no<\/strong><a href=\"https:\/\/www.instagram.com\/senoticias\/\"><span class=\"apple-converted-space\"><b>\u00a0<\/b><\/span><b>Instagram<\/b><\/a><\/em><\/p>\n<p style=\"text-align: justify;\"><em>Informa\u00e7\u00f5es do <a href=\"http:\/\/g1.globo.com\/ceara\/noticia\/2016\/10\/pf-investiga-grupo-empresarial-de-forro-por-fraudes-no-ceara.html\">G1<\/a> CE<\/em><\/p>\n","protected":false},"excerpt":{"rendered":"<p>Os cantores Xand e Solange Almeida, vocalistas da banda Avi\u00f5es do Forr\u00f3, prestam depoimento na sede da Pol\u00edcia Federal na manh\u00e3 desta ter\u00e7a-feira (18). Eles foram levados para prestar esclarecimentos, segundo confirmou a PF, em coletiva. A Pol\u00edcia Federal, em a\u00e7\u00e3o conjunta com a Receita Federal, deflagrou a opera\u00e7\u00e3o &#8220;For All&#8221;, contra fraudes no Imposto [&hellip;]<\/p>\n","protected":false},"author":2,"featured_media":97128,"comment_status":"closed","ping_status":"closed","sticky":false,"template":"","format":"standard","meta":{"footnotes":""},"categories":[7],"tags":[],"class_list":{"0":"post-97127","1":"post","2":"type-post","3":"status-publish","4":"format-standard","5":"has-post-thumbnail","7":"category-policia"},"_links":{"self":[{"href":"https:\/\/senoticias.com.br\/se\/wp-json\/wp\/v2\/posts\/97127"}],"collection":[{"href":"https:\/\/senoticias.com.br\/se\/wp-json\/wp\/v2\/posts"}],"about":[{"href":"https:\/\/senoticias.com.br\/se\/wp-json\/wp\/v2\/types\/post"}],"author":[{"embeddable":true,"href":"https:\/\/senoticias.com.br\/se\/wp-json\/wp\/v2\/users\/2"}],"replies":[{"embeddable":true,"href":"https:\/\/senoticias.com.br\/se\/wp-json\/wp\/v2\/comments?post=97127"}],"version-history":[{"count":0,"href":"https:\/\/senoticias.com.br\/se\/wp-json\/wp\/v2\/posts\/97127\/revisions"}],"wp:featuredmedia":[{"embeddable":true,"href":"https:\/\/senoticias.com.br\/se\/wp-json\/wp\/v2\/media\/97128"}],"wp:attachment":[{"href":"https:\/\/senoticias.com.br\/se\/wp-json\/wp\/v2\/media?parent=97127"}],"wp:term":[{"taxonomy":"category","embeddable":true,"href":"https:\/\/senoticias.com.br\/se\/wp-json\/wp\/v2\/categories?post=97127"},{"taxonomy":"post_tag","embeddable":true,"href":"https:\/\/senoticias.com.br\/se\/wp-json\/wp\/v2\/tags?post=97127"}],"curies":[{"name":"wp","href":"https:\/\/api.w.org\/{rel}","templated":true}]}}