{"id":97124,"date":"2016-10-18T10:46:21","date_gmt":"2016-10-18T13:46:21","guid":{"rendered":"http:\/\/senoticias.com.br\/se\/?p=97124"},"modified":"2016-10-18T10:48:08","modified_gmt":"2016-10-18T13:48:08","slug":"mec-adia-divulgacao-de-locais-de-prova-do-enem","status":"publish","type":"post","link":"https:\/\/senoticias.com.br\/se\/mec-adia-divulgacao-de-locais-de-prova-do-enem\/","title":{"rendered":"MEC adia divulga\u00e7\u00e3o de locais de prova do Enem"},"content":{"rendered":"<p style=\"text-align: justify;\">O Minist\u00e9rio da Educa\u00e7\u00e3o adiou a divulga\u00e7\u00e3o do cart\u00e3o de confirma\u00e7\u00e3o de inscri\u00e7\u00e3o com o local de prova do Exame Nacional do Ensino M\u00e9dio (Enem) 2016 que estava prevista para esta ter\u00e7a-feira (18). A previs\u00e3o \u00e9 de que eles sejam disponibilizados a partir desta quarta, de acordo com o Inep.<\/p>\n<div id=\"attachment_97125\" style=\"width: 510px\" class=\"wp-caption aligncenter\"><img loading=\"lazy\" decoding=\"async\" aria-describedby=\"caption-attachment-97125\" class=\"size-full wp-image-97125\" src=\"http:\/\/senoticias.com.br\/se\/wp-content\/uploads\/2016\/10\/enem-se-NOTICIAS.jpg\" alt=\"Previs\u00e3o \u00e9 de que cart\u00f5es sejam disponibilizados a partir desta quarta (19). (Foto: arquivo\/Mec)\" width=\"500\" height=\"350\" srcset=\"https:\/\/senoticias.com.br\/se\/wp-content\/uploads\/2016\/10\/enem-se-NOTICIAS.jpg 500w, https:\/\/senoticias.com.br\/se\/wp-content\/uploads\/2016\/10\/enem-se-NOTICIAS-300x210.jpg 300w\" sizes=\"(max-width: 500px) 100vw, 500px\" \/><p id=\"caption-attachment-97125\" class=\"wp-caption-text\">Previs\u00e3o \u00e9 de que cart\u00f5es sejam disponibilizados a partir desta quarta (19). (Foto: arquivo\/Mec)<\/p><\/div>\n<p style=\"text-align: justify;\">As informa\u00e7\u00f5es estar\u00e3o dispon\u00edveis pelo aplicativo do Enem do governo federal, pelo site\u00a0<a href=\"http:\/\/enem.inep.gov.br\/participante\" target=\"_blank\">http:\/\/enem.inep.gov.br\/participante<\/a>, e al\u00e9m disso, o minist\u00e9rio enviar\u00e1 e-mail aos inscritos. Assim como no ano passado, os cart\u00f5es n\u00e3o ser\u00e3o impressos e s\u00f3 estar\u00e3o dispon\u00edveis na vers\u00e3o digital.<\/p>\n<p style=\"text-align: justify;\">A informa\u00e7\u00e3o de que os cart\u00f5es estariam dispon\u00edveis nesta ter\u00e7a (18) foi divulgada pela diretora de\u00a0 gest\u00e3o de planejamento do\u00a0Minist\u00e9rio da Educa\u00e7\u00e3o, Eunice Santos, durante evento em S\u00e3o Paulo h\u00e1 duas semanas. No entanto, depois, o MEC n\u00e3o confirmou a data.<\/p>\n<p style=\"text-align: justify;\">Neste ano, todos os candidatos, no momento em que assinarem a lista de presen\u00e7a dentro das salas, ter\u00e3o de passar pela biometria (reconhecimento das digitais) para evitar fraudes. Segundo o governo federal, 22 mil servidores federais v\u00e3o trabalhar como certificadores com o coordenadores de prova em cada ponto de aplica\u00e7\u00e3o.<\/p>\n<p style=\"text-align: justify;\"><strong>Provas<\/strong><br \/>\nNeste ano, as provas ser\u00e3o realizadas nos dias 5 e 6 de novembro. No primeiro dia, s\u00e1bado, o candidato ter\u00e1 4 horas e 30 minutos para responder quest\u00f5es de ci\u00eancias humanas e de ci\u00eancias da natureza. No domingo, ele ter\u00e1 5 horas e 30 minutos para as perguntas de linguagens, c\u00f3digos e suas tecnologias, matem\u00e1tica e reda\u00e7\u00e3o.<\/p>\n<p style=\"text-align: justify;\">Os port\u00f5es ser\u00e3o abertos \u00e0s 12h e fechados \u00e0s 13h, no hor\u00e1rio de Bras\u00edlia. As provas come\u00e7ar\u00e3o, nos dois dias, \u00e0s 13h30. Os gabaritos oficiais das quest\u00f5es objetivas ser\u00e3o divulgados pelo <a class=\"premium-tip\" href=\"http:\/\/g1.globo.com\/tudo-sobre\/inep\/\">Inep<\/a> at\u00e9 o dia 9 de novembro. J\u00e1 os resultados ainda n\u00e3o t\u00eam data marcada para serem apresentados.<\/p>\n<p style=\"text-align: justify;\"><strong>Hor\u00e1rio de ver\u00e3o<br \/>\n<\/strong><br \/>\nOs hor\u00e1rios indicados no edital do Enem s\u00e3o todos referentes ao hor\u00e1rio oficial de Bras\u00edlia. Nos dias 5 e 6 de novembro, os port\u00f5es v\u00e3o fechar \u00e0s 13h. As provas ter\u00e3o in\u00edcio \u00e0s 13h30, mas s\u00f3 poder\u00e1 participar do exame quem entrar na local de prova antes de os port\u00f5es serem fechados.<\/p>\n<p style=\"text-align: justify;\">Como parte do Brasil aderiu ao hor\u00e1rio de ver\u00e3o neste domingo, o pa\u00eds tem estados em quatro fusos hor\u00e1rios diferentes. Isso quer dizer que, para alguns candidatos, o hor\u00e1rio local de fechamento dos port\u00f5es \u00e9 diferente.<\/p>\n<p style=\"text-align: justify;\"><img loading=\"lazy\" decoding=\"async\" class=\"aligncenter size-full wp-image-97006\" src=\"http:\/\/senoticias.com.br\/se\/wp-content\/uploads\/2016\/10\/Logo-fone.jpg\" alt=\"logo-fone\" width=\"599\" height=\"78\" srcset=\"https:\/\/senoticias.com.br\/se\/wp-content\/uploads\/2016\/10\/Logo-fone.jpg 599w, https:\/\/senoticias.com.br\/se\/wp-content\/uploads\/2016\/10\/Logo-fone-300x39.jpg 300w\" sizes=\"(max-width: 599px) 100vw, 599px\" \/><\/p>\n<p style=\"text-align: justify;\"><em><strong>Acompanhe tamb\u00e9m o SE Not\u00edcias no<\/strong><span class=\"apple-converted-space\"><b>\u00a0<\/b><\/span><strong><a href=\"https:\/\/twitter.com\/Senoticias\">Twitter<\/a>,<\/strong><span class=\"apple-converted-space\"><b>\u00a0<\/b><\/span><strong><a href=\"https:\/\/www.facebook.com\/senoticias1\">Facebook<\/a><\/strong><span class=\"apple-converted-space\"><b>\u00a0<\/b><\/span><strong>e no<\/strong><a href=\"https:\/\/www.instagram.com\/senoticias\/\"><span class=\"apple-converted-space\"><b>\u00a0<\/b><\/span><b>Instagram<\/b><\/a><\/em><\/p>\n<p style=\"text-align: justify;\"><em>Com informa\u00e7\u00f5es do G1\u00a0<\/em><\/p>\n","protected":false},"excerpt":{"rendered":"<p>O Minist\u00e9rio da Educa\u00e7\u00e3o adiou a divulga\u00e7\u00e3o do cart\u00e3o de confirma\u00e7\u00e3o de inscri\u00e7\u00e3o com o local de prova do Exame Nacional do Ensino M\u00e9dio (Enem) 2016 que estava prevista para esta ter\u00e7a-feira (18). A previs\u00e3o \u00e9 de que eles sejam disponibilizados a partir desta quarta, de acordo com o Inep. As informa\u00e7\u00f5es estar\u00e3o dispon\u00edveis pelo [&hellip;]<\/p>\n","protected":false},"author":2,"featured_media":97125,"comment_status":"closed","ping_status":"closed","sticky":false,"template":"","format":"standard","meta":{"footnotes":""},"categories":[15],"tags":[],"class_list":{"0":"post-97124","1":"post","2":"type-post","3":"status-publish","4":"format-standard","5":"has-post-thumbnail","7":"category-destaques"},"_links":{"self":[{"href":"https:\/\/senoticias.com.br\/se\/wp-json\/wp\/v2\/posts\/97124"}],"collection":[{"href":"https:\/\/senoticias.com.br\/se\/wp-json\/wp\/v2\/posts"}],"about":[{"href":"https:\/\/senoticias.com.br\/se\/wp-json\/wp\/v2\/types\/post"}],"author":[{"embeddable":true,"href":"https:\/\/senoticias.com.br\/se\/wp-json\/wp\/v2\/users\/2"}],"replies":[{"embeddable":true,"href":"https:\/\/senoticias.com.br\/se\/wp-json\/wp\/v2\/comments?post=97124"}],"version-history":[{"count":0,"href":"https:\/\/senoticias.com.br\/se\/wp-json\/wp\/v2\/posts\/97124\/revisions"}],"wp:featuredmedia":[{"embeddable":true,"href":"https:\/\/senoticias.com.br\/se\/wp-json\/wp\/v2\/media\/97125"}],"wp:attachment":[{"href":"https:\/\/senoticias.com.br\/se\/wp-json\/wp\/v2\/media?parent=97124"}],"wp:term":[{"taxonomy":"category","embeddable":true,"href":"https:\/\/senoticias.com.br\/se\/wp-json\/wp\/v2\/categories?post=97124"},{"taxonomy":"post_tag","embeddable":true,"href":"https:\/\/senoticias.com.br\/se\/wp-json\/wp\/v2\/tags?post=97124"}],"curies":[{"name":"wp","href":"https:\/\/api.w.org\/{rel}","templated":true}]}}