{"id":97121,"date":"2016-10-18T08:59:10","date_gmt":"2016-10-18T11:59:10","guid":{"rendered":"http:\/\/senoticias.com.br\/se\/?p=97121"},"modified":"2016-10-18T09:09:51","modified_gmt":"2016-10-18T12:09:51","slug":"97121-2","status":"publish","type":"post","link":"https:\/\/senoticias.com.br\/se\/97121-2\/","title":{"rendered":"STJD abre processo e suspende resultado do Fla-Flu at\u00e9 o julgamento"},"content":{"rendered":"<p style=\"text-align: justify;\">O pedido de anula\u00e7\u00e3o do Fla-Flu por parte do Fluminense implica uma mudan\u00e7a imediata na tabela do Campeonato Brasileiro. O presidente do Superior Tribunal de Justi\u00e7a aceitou abrir o processo e, assim, determinou que a CBF suspenda o resultado da \u00faltima quinta-feira (2 a 1 para o Flamengo) at\u00e9 a conclus\u00e3o do processo. A informa\u00e7\u00e3o foi publicada pelo site Uol e confirmada pelo GloboEsporte.com.<\/p>\n<div id=\"attachment_97122\" style=\"width: 410px\" class=\"wp-caption aligncenter\"><img loading=\"lazy\" decoding=\"async\" aria-describedby=\"caption-attachment-97122\" class=\"size-full wp-image-97122\" src=\"http:\/\/senoticias.com.br\/se\/wp-content\/uploads\/2016\/10\/Jogo-FLA-X-FLU-anulado-SE-Noticias.jpg\" alt=\"Confus\u00e3o no \u00faltimo Fla-Flu: resultado do campo est\u00e1 suspenso at\u00e9 julgamento (Foto: Andr\u00e9 Dur\u00e3o \/ GloboEsporte.com)\" width=\"400\" height=\"266\" srcset=\"https:\/\/senoticias.com.br\/se\/wp-content\/uploads\/2016\/10\/Jogo-FLA-X-FLU-anulado-SE-Noticias.jpg 400w, https:\/\/senoticias.com.br\/se\/wp-content\/uploads\/2016\/10\/Jogo-FLA-X-FLU-anulado-SE-Noticias-300x200.jpg 300w, https:\/\/senoticias.com.br\/se\/wp-content\/uploads\/2016\/10\/Jogo-FLA-X-FLU-anulado-SE-Noticias-90x60.jpg 90w, https:\/\/senoticias.com.br\/se\/wp-content\/uploads\/2016\/10\/Jogo-FLA-X-FLU-anulado-SE-Noticias-180x120.jpg 180w, https:\/\/senoticias.com.br\/se\/wp-content\/uploads\/2016\/10\/Jogo-FLA-X-FLU-anulado-SE-Noticias-95x64.jpg 95w\" sizes=\"(max-width: 400px) 100vw, 400px\" \/><p id=\"caption-attachment-97122\" class=\"wp-caption-text\">Confus\u00e3o no \u00faltimo Fla-Flu: resultado do campo est\u00e1 suspenso at\u00e9 julgamento (Foto: Andr\u00e9 Dur\u00e3o \/ GloboEsporte.com)<\/p><\/div>\n<p style=\"text-align: justify;\">O ato de suspender os pontos de uma partida nesse caso \u00e9 autom\u00e1tico. Assim, o Flamengo passa a ter 57 pontos na tabela, mas com 30 partidas disputadas. No momento, permanece na segunda posi\u00e7\u00e3o com sete a menos do que o l\u00edder Palmeiras. O Fluminense segue com 46 pontos em 30 jogos.<\/p>\n<p style=\"text-align: justify;\">Em despacho publicado nesta segunda-feira, ap\u00f3s receber o pedido do Fluminense, o presidente do STJD, Ronaldo Piacente, solicitou a suspens\u00e3o tempor\u00e1ria do resultado da partida.<\/p>\n<p style=\"text-align: justify;\"><em>Diante disso, recebo a presente impugna\u00e7\u00e3o e determino que se de imediato conhecimento da instaura\u00e7\u00e3o do processo ao Presidente da Confedera\u00e7\u00e3o Brasileira de Futebol, para que n\u00e3o homologue o resultado da partida realizada em 13 de outubro de 2016 entre o Fluminense Football Club e o Clube de Regatas Flamengo pelo Campeonato Brasileiro \u2013 S\u00e9rie-A (2016), at\u00e9 decis\u00e3o final da presente impugna\u00e7\u00e3o.<\/em><\/p>\n<p style=\"text-align: justify;\">A partir de agora, o Flamengo ser\u00e1 intimado e ter\u00e1 dois dias para se manifestar. Depois disso ser\u00e1 vez de a Procuradoria do STJD se posicionar sobre o caso. Em seguida, ser\u00e1 sorteado um relator dentro os auditores do Pleno, e o processo ser\u00e1 inclu\u00eddo na pauta para julgamento.<\/p>\n<p style=\"text-align: justify;\">&#8211; A tabela agora ter\u00e1 um asterisco. O resultado \u00e9 mantido, mas n\u00e3o se homologa at\u00e9 que haja uma decis\u00e3o dos nove membros do Pleno do STJD. O julgamento ser\u00e1 o mais rapidamente poss\u00edvel. Acredito que at\u00e9 a primeira quinzena de novembro esteja julgado. Ainda n\u00e3o posso me manifestar porque tamb\u00e9m vou julgar, mas ainda \u00e9 algo prematuro. O que se precisa analisar \u00e9 se houve a interfer\u00eancia externa. Todas as partes ser\u00e3o ouvidas &#8211; explico Ronaldo Piacente, em entrevista \u00e0 R\u00e1dio Globo.<\/p>\n<p style=\"text-align: justify;\">O Fluminense alega que houve interfer\u00eancia externa na decis\u00e3o final da arbitragem de anular o gol do zagueiro Henrique &#8211; que seria o segundo do Tricolor na partida &#8211; e, por isso, solicita a anula\u00e7\u00e3o da partida. Caso o pedido seja deferido, haver\u00e1 uma nova partida desde o in\u00edcio. O Flamengo, por sua vez, ressalta que o assistente marcou o impedimento de Henrique acertadamente desde o in\u00edcio e manteve sua posi\u00e7\u00e3o.<\/p>\n<p style=\"text-align: justify;\">O Flamengo garantiu ter reagido com tranquilidade \u00e0 n\u00e3o homologa\u00e7\u00e3o do resultado da partida at\u00e9 o julgamento.<\/p>\n<p style=\"text-align: justify;\">&#8211; \u00c9 um procedimento padr\u00e3o do STJD. N\u00e3o poderia ser diferente &#8211; afirmou o presidente Eduardo Bandeira de Mello ao GloboEsporte.com.<\/p>\n<p style=\"text-align: justify;\"><strong>Caso semelhante em 2014<\/strong><\/p>\n<p style=\"text-align: justify;\">A suspens\u00e3o provis\u00f3ria do resultado numa partida n\u00e3o \u00e9 novidade no Campeonato Brasileiro. Em 2014, o STJD aceitou o pedido do Palmeiras, que acusou a arbitragem de agir sob interfer\u00eancia externa ao anular um gol do argentino Barcos (marcado com a m\u00e3o) na derrota por 2 a 1 para o Internacional, no Beira-Rio. No entanto, posteriormente o tribunal entendeu que n\u00e3o havia provas de que a anula\u00e7\u00e3o do gol ocorreu de forma ilegal e manteve o resultado da partida.<\/p>\n<p style=\"text-align: justify;\"><img loading=\"lazy\" decoding=\"async\" class=\"aligncenter size-full wp-image-97006\" src=\"http:\/\/senoticias.com.br\/se\/wp-content\/uploads\/2016\/10\/Logo-fone.jpg\" alt=\"logo-fone\" width=\"599\" height=\"78\" srcset=\"https:\/\/senoticias.com.br\/se\/wp-content\/uploads\/2016\/10\/Logo-fone.jpg 599w, https:\/\/senoticias.com.br\/se\/wp-content\/uploads\/2016\/10\/Logo-fone-300x39.jpg 300w\" sizes=\"(max-width: 599px) 100vw, 599px\" \/><\/p>\n<p><em><strong>Acompanhe tamb\u00e9m o SE Not\u00edcias no<\/strong><span class=\"apple-converted-space\"><b>\u00a0<\/b><\/span><strong><a href=\"https:\/\/twitter.com\/Senoticias\">Twitter<\/a>,<\/strong><span class=\"apple-converted-space\"><b>\u00a0<\/b><\/span><strong><a href=\"https:\/\/www.facebook.com\/senoticias1\">Facebook<\/a><\/strong><span class=\"apple-converted-space\"><b>\u00a0<\/b><\/span><strong>e no<\/strong><a href=\"https:\/\/www.instagram.com\/senoticias\/\"><span class=\"apple-converted-space\"><b>\u00a0<\/b><\/span><b>Instagram<\/b><\/a><\/em><\/p>\n<p><em>Por <strong class=\"fn\"><a href=\"http:\/\/globoesporte.globo.com\/futebol\/brasileirao-serie-a\/noticia\/2016\/10\/stjd-abre-processo-e-suspende-resultado-do-fla-flu-ate-o-julgamento.html\">Globo Esporte.com<\/a>,\u00a0<\/strong><span class=\"adr\"><span class=\"locality\">Rio de Janeiro<\/span><\/span><\/em><\/p>\n","protected":false},"excerpt":{"rendered":"<p>O pedido de anula\u00e7\u00e3o do Fla-Flu por parte do Fluminense implica uma mudan\u00e7a imediata na tabela do Campeonato Brasileiro. O presidente do Superior Tribunal de Justi\u00e7a aceitou abrir o processo e, assim, determinou que a CBF suspenda o resultado da \u00faltima quinta-feira (2 a 1 para o Flamengo) at\u00e9 a conclus\u00e3o do processo. A informa\u00e7\u00e3o [&hellip;]<\/p>\n","protected":false},"author":2,"featured_media":97122,"comment_status":"closed","ping_status":"closed","sticky":false,"template":"","format":"standard","meta":{"footnotes":""},"categories":[15,26,1],"tags":[],"class_list":{"0":"post-97121","1":"post","2":"type-post","3":"status-publish","4":"format-standard","5":"has-post-thumbnail","7":"category-destaques","8":"category-esportes","9":"category-sem-categoria"},"_links":{"self":[{"href":"https:\/\/senoticias.com.br\/se\/wp-json\/wp\/v2\/posts\/97121"}],"collection":[{"href":"https:\/\/senoticias.com.br\/se\/wp-json\/wp\/v2\/posts"}],"about":[{"href":"https:\/\/senoticias.com.br\/se\/wp-json\/wp\/v2\/types\/post"}],"author":[{"embeddable":true,"href":"https:\/\/senoticias.com.br\/se\/wp-json\/wp\/v2\/users\/2"}],"replies":[{"embeddable":true,"href":"https:\/\/senoticias.com.br\/se\/wp-json\/wp\/v2\/comments?post=97121"}],"version-history":[{"count":0,"href":"https:\/\/senoticias.com.br\/se\/wp-json\/wp\/v2\/posts\/97121\/revisions"}],"wp:featuredmedia":[{"embeddable":true,"href":"https:\/\/senoticias.com.br\/se\/wp-json\/wp\/v2\/media\/97122"}],"wp:attachment":[{"href":"https:\/\/senoticias.com.br\/se\/wp-json\/wp\/v2\/media?parent=97121"}],"wp:term":[{"taxonomy":"category","embeddable":true,"href":"https:\/\/senoticias.com.br\/se\/wp-json\/wp\/v2\/categories?post=97121"},{"taxonomy":"post_tag","embeddable":true,"href":"https:\/\/senoticias.com.br\/se\/wp-json\/wp\/v2\/tags?post=97121"}],"curies":[{"name":"wp","href":"https:\/\/api.w.org\/{rel}","templated":true}]}}