{"id":97034,"date":"2016-10-14T15:47:31","date_gmt":"2016-10-14T18:47:31","guid":{"rendered":"http:\/\/senoticias.com.br\/se\/?p=97034"},"modified":"2016-10-16T15:24:35","modified_gmt":"2016-10-16T18:24:35","slug":"criancas-com-microcefalia-ganham-festa-em-comemoracao-ao-1o-ano","status":"publish","type":"post","link":"https:\/\/senoticias.com.br\/se\/criancas-com-microcefalia-ganham-festa-em-comemoracao-ao-1o-ano\/","title":{"rendered":"Crian\u00e7as com microcefalia ganham festa em comemora\u00e7\u00e3o ao 1\u00ba ano"},"content":{"rendered":"<p style=\"text-align: justify;\">Beb\u00eas que nasceram com microcefalia tiveram uma festa em comemora\u00e7\u00e3o ao primeiro ano nesta sexta-feira (14) no Hospital Universit\u00e1rio da Universidade Federal de Sergipe (HU\/UFS). O anivers\u00e1rio coletivo foi para 15 crian\u00e7as que nasceram entre junho e outubro do ano passado.<br \/>\n\u201cEstou muito honrada e quero dizer a todas as m\u00e3es que o mais importante de tudo \u00e9 ter f\u00e9, lutar pela sa\u00fade dos seus filhos. Hoje eu vejo como meu beb\u00ea j\u00e1 se desenvolveu, com o apoio dos m\u00e9dicos, dos fisioterapeutas e de todo mundo que me ajuda nessa luta\u201d, disse a m\u00e3e de um aniversariante, a agricultora Edilene Santos.<\/p>\n<div id=\"attachment_97035\" style=\"width: 608px\" class=\"wp-caption aligncenter\"><a href=\"http:\/\/senoticias.com.br\/se\/wp-content\/uploads\/2016\/10\/Criancas-com-microcefalia-ganham-festa-em-comemoracao-ao-primeiro-ano-SE-Noticias-e1476470764214.jpg\"><img loading=\"lazy\" decoding=\"async\" aria-describedby=\"caption-attachment-97035\" class=\"size-full wp-image-97035\" src=\"http:\/\/senoticias.com.br\/se\/wp-content\/uploads\/2016\/10\/Criancas-com-microcefalia-ganham-festa-em-comemoracao-ao-primeiro-ano-SE-Noticias-e1476470764214.jpg\" alt=\"Fam\u00edlias comemoram o primeiro ano de crian\u00e7as nascidas com microcefalia (Foto: HU\/Divulga\u00e7\u00e3o)\" width=\"598\" height=\"449\" \/><\/a><p id=\"caption-attachment-97035\" class=\"wp-caption-text\">Fam\u00edlias comemoram o primeiro ano de crian\u00e7as nascidas com microcefalia (Foto: HU\/Divulga\u00e7\u00e3o)<\/p><\/div>\n<p style=\"text-align: justify;\">Os familiares tamb\u00e9m participaram da confraterniza\u00e7\u00e3o simb\u00f3lica, com decora\u00e7\u00e3o, bolo, palha\u00e7os e presentes. \u201cS\u00f3 posso agradecer \u00e0 equipe que desde o nosso primeiro mutir\u00e3o para atender a esses casos tem feito um esfor\u00e7o muito grande. Todos abra\u00e7aram esse processo com carinho e compaix\u00e3o, chego a ficar sem palavras para externar a minha emo\u00e7\u00e3o nesse momento\u201d, afirmou a superintendente do hospital, Angela Silva.<br \/>\nDe acordo com informa\u00e7\u00f5es da Divis\u00e3o de Gest\u00e3o de Cuidados do HU que cerca de 80 crian\u00e7as s\u00e3o acompanhadas por uma equipe multidisciplinar. \u201cDesde o primeiro mutir\u00e3o no ano passado, mais de 100 crian\u00e7as j\u00e1 passaram pelo ambulat\u00f3rio, sendo que 60 delas tiveram diagn\u00f3sticos de microcefalia confirmados e algumas permanecem em avalia\u00e7\u00e3o\u201d, explicou a respons\u00e1vel pela divis\u00e3o, Ana Paula Lemos.<\/p>\n<p style=\"text-align: justify;\">Joelma Marques e o beb\u00ea de um ano moram em Tobias Barreto, munic\u00edpio localizado a 127 km de Aracaju, ele \u00e9 acompanhado no HU desde os dois meses. \u201cFico muito feliz vendo a evolu\u00e7\u00e3o dele a cada dia, ficando de p\u00e9, com o pesco\u00e7o durinho, reconhecendo a fam\u00edlia\u201d, declarou.<br \/>\nO evento foi realizado com o apoio de funcion\u00e1rios do hospital, da Sociedade Amigos do Hospital Universit\u00e1rio de Aracaju (Soahu-Aju), Cooperativa dos Anestesiologistas de Sergipe (Coopanest). Quem quiser contribuir com os pr\u00f3ximos anivers\u00e1rios, que ocorrer\u00e3o em dezembro e em fevereiro, deve entrar em contato com o Servi\u00e7o Social atrav\u00e9s do telefone (79) 2105-1775. As colabora\u00e7\u00f5es podem ser por meio de brinquedos que estimulem o desenvolvimento, adequados \u00e0 idade e \u00e0 condi\u00e7\u00e3o da crian\u00e7a e itens para a festa.<\/p>\n<p><strong>Acompanhe tamb\u00e9m o SE Not\u00edcias no<\/strong><strong>\u00a0<\/strong><strong><a href=\"https:\/\/twitter.com\/Senoticias\">Twitter<\/a>,<\/strong><strong>\u00a0<\/strong><strong><a href=\"https:\/\/www.facebook.com\/senoticias1\">Facebook<\/a><\/strong><strong>\u00a0<\/strong><strong>e no<\/strong><a href=\"https:\/\/www.instagram.com\/senoticias\/\"><strong>\u00a0<\/strong><strong>Instagram.<\/strong><\/a><\/p>\n<p><a href=\"http:\/\/senoticias.com.br\/se\/wp-content\/uploads\/2016\/10\/Logo-fone.jpg\"><img loading=\"lazy\" decoding=\"async\" class=\"aligncenter size-full wp-image-97006\" src=\"http:\/\/senoticias.com.br\/se\/wp-content\/uploads\/2016\/10\/Logo-fone.jpg\" alt=\"logo-fone\" width=\"599\" height=\"78\" srcset=\"https:\/\/senoticias.com.br\/se\/wp-content\/uploads\/2016\/10\/Logo-fone.jpg 599w, https:\/\/senoticias.com.br\/se\/wp-content\/uploads\/2016\/10\/Logo-fone-300x39.jpg 300w\" sizes=\"(max-width: 599px) 100vw, 599px\" \/><\/a><\/p>\n<p>Informa\u00e7\u00f5es G1 SE.<\/p>\n","protected":false},"excerpt":{"rendered":"<p>Beb\u00eas que nasceram com microcefalia tiveram uma festa em comemora\u00e7\u00e3o ao primeiro ano nesta sexta-feira (14) no Hospital Universit\u00e1rio da Universidade Federal de Sergipe (HU\/UFS). O anivers\u00e1rio coletivo foi para 15 crian\u00e7as que nasceram entre junho e outubro do ano passado. \u201cEstou muito honrada e quero dizer a todas as m\u00e3es que o mais importante [&hellip;]<\/p>\n","protected":false},"author":5618,"featured_media":97035,"comment_status":"closed","ping_status":"closed","sticky":false,"template":"","format":"standard","meta":{"footnotes":""},"categories":[15],"tags":[1497],"class_list":{"0":"post-97034","1":"post","2":"type-post","3":"status-publish","4":"format-standard","5":"has-post-thumbnail","7":"category-destaques","8":"tag-criancas-com-microcefalia-ganham-festa-em-comemoracao-ao-1o-ano"},"_links":{"self":[{"href":"https:\/\/senoticias.com.br\/se\/wp-json\/wp\/v2\/posts\/97034"}],"collection":[{"href":"https:\/\/senoticias.com.br\/se\/wp-json\/wp\/v2\/posts"}],"about":[{"href":"https:\/\/senoticias.com.br\/se\/wp-json\/wp\/v2\/types\/post"}],"author":[{"embeddable":true,"href":"https:\/\/senoticias.com.br\/se\/wp-json\/wp\/v2\/users\/5618"}],"replies":[{"embeddable":true,"href":"https:\/\/senoticias.com.br\/se\/wp-json\/wp\/v2\/comments?post=97034"}],"version-history":[{"count":0,"href":"https:\/\/senoticias.com.br\/se\/wp-json\/wp\/v2\/posts\/97034\/revisions"}],"wp:featuredmedia":[{"embeddable":true,"href":"https:\/\/senoticias.com.br\/se\/wp-json\/wp\/v2\/media\/97035"}],"wp:attachment":[{"href":"https:\/\/senoticias.com.br\/se\/wp-json\/wp\/v2\/media?parent=97034"}],"wp:term":[{"taxonomy":"category","embeddable":true,"href":"https:\/\/senoticias.com.br\/se\/wp-json\/wp\/v2\/categories?post=97034"},{"taxonomy":"post_tag","embeddable":true,"href":"https:\/\/senoticias.com.br\/se\/wp-json\/wp\/v2\/tags?post=97034"}],"curies":[{"name":"wp","href":"https:\/\/api.w.org\/{rel}","templated":true}]}}