{"id":97031,"date":"2016-10-14T15:41:08","date_gmt":"2016-10-14T18:41:08","guid":{"rendered":"http:\/\/senoticias.com.br\/se\/?p=97031"},"modified":"2016-10-14T15:57:01","modified_gmt":"2016-10-14T18:57:01","slug":"governo-realiza-licitacoes-para-aquisicao-de-materiais-para-saude","status":"publish","type":"post","link":"https:\/\/senoticias.com.br\/se\/governo-realiza-licitacoes-para-aquisicao-de-materiais-para-saude\/","title":{"rendered":"Governo realiza licita\u00e7\u00f5es para aquisi\u00e7\u00e3o de materiais para Sa\u00fade"},"content":{"rendered":"<p style=\"text-align: justify;\">Est\u00e3o em fase de conclus\u00e3o pelo Governo do Estado, atrav\u00e9s da Secretaria do Planejamento, Or\u00e7amento e Gest\u00e3o (Seplag) dois processos licitat\u00f3rios para aquisi\u00e7\u00e3o de materiais importantes para a sa\u00fade do povo sergipano. Dentre os produtos solicitados est\u00e3o 28 mil medicamentos, que auxiliar\u00e3o no tratamento de pessoas com c\u00e2ncer, 40 camas hospitalares e 16 serras el\u00e9tricas para uso em cirurgias ortop\u00e9dicas.<\/p>\n<div id=\"attachment_97033\" style=\"width: 608px\" class=\"wp-caption aligncenter\"><a href=\"http:\/\/senoticias.com.br\/se\/wp-content\/uploads\/2016\/10\/e03d19ed24a895dabeea7926a7220186-e1476470387490.jpg\"><img loading=\"lazy\" decoding=\"async\" aria-describedby=\"caption-attachment-97033\" class=\"size-full wp-image-97033\" src=\"http:\/\/senoticias.com.br\/se\/wp-content\/uploads\/2016\/10\/e03d19ed24a895dabeea7926a7220186-e1476470387490.jpg\" alt=\"Dentre os produtos solicitados est\u00e3o 28 mil medicamentos, que auxiliar\u00e3o no tratamento de pessoas com c\u00e2ncer, 40 camas hospitalares e 16 serras el\u00e9tricas para uso em cirurgias ortop\u00e9dica\/ Foto: Arquivo ASN\" width=\"598\" height=\"353\" \/><\/a><p id=\"caption-attachment-97033\" class=\"wp-caption-text\">Dentre os produtos solicitados est\u00e3o 28 mil medicamentos, que auxiliar\u00e3o no tratamento de pessoas com c\u00e2ncer, 40 camas hospitalares e 16 serras el\u00e9tricas para uso em cirurgias ortop\u00e9dica. (Foto: Arquivo ASN)<\/p><\/div>\n<p style=\"text-align: justify;\">O primeiro processo licitat\u00f3rio \u00e9 o Preg\u00e3o Eletr\u00f4nico n\u00ba 339\/2016, que visa ao registro de pre\u00e7os para compra de equipamentos permanentes para o Hospital de Urg\u00eancias de Sergipe (Huse). Entre eles, est\u00e3o 25 refletores ambulatoriais para pequenas cirurgias, 40 camas hospitalares tipo fawler mec\u00e2nica, 16 serras el\u00e9tricas para uso em cirurgias ortop\u00e9dicas e quatro elevadores de pacientes com suporte para at\u00e9 250kg.<\/p>\n<p style=\"text-align: justify;\">Al\u00e9m desse processo, a Seplag conclui o registro de pre\u00e7os n\u00ba 355\/2016 para aquisi\u00e7\u00e3o de medicamentos oncol\u00f3gicos para a Secretaria de Estado da Sa\u00fade. Ao todo s\u00e3o 11 lotes, que totalizam mais de 28 mil unidades que auxiliar\u00e3o no tratamento de pessoas com c\u00e2ncer.<\/p>\n<p style=\"text-align: justify;\">Ambas as disputas j\u00e1 foram realizadas, a primeira no dia 30 de agosto, e a segunda em 19 de setembro. \u201cO Preg\u00e3o Eletr\u00f4nico, por meio do sistema de Registro de Pre\u00e7os, tem por finalidade o registro formal de pre\u00e7os, fornecedores, unidades participantes e condi\u00e7\u00f5es de execu\u00e7\u00e3o do objeto, aplic\u00e1veis a futuras contrata\u00e7\u00f5es decorrentes da Ata de Registro de pre\u00e7os\u201d, explica o secret\u00e1rio de Estado do Planejamento, Jo\u00e3o Augusto Gama.<\/p>\n<p style=\"text-align: justify;\">O gestor explica ainda que os dois preg\u00f5es est\u00e3o em fase de acolhimento das documenta\u00e7\u00f5es e propostas dos licitantes vencedores. \u201cAcredito que, em breve, teremos as homologa\u00e7\u00f5es das propostas e o processo ser\u00e1 conclu\u00eddo para que a secretaria da Sa\u00fade possa adquirir esse material t\u00e3o importante para nossa popula\u00e7\u00e3o\u201d, finaliza.<\/p>\n<p><strong>Acompanhe tamb\u00e9m o SE Not\u00edcias no<\/strong><strong>\u00a0<\/strong><strong><a href=\"https:\/\/twitter.com\/Senoticias\">Twitter<\/a>,<\/strong><strong>\u00a0<\/strong><strong><a href=\"https:\/\/www.facebook.com\/senoticias1\">Facebook<\/a><\/strong><strong>\u00a0<\/strong><strong>e no<\/strong><a href=\"https:\/\/www.instagram.com\/senoticias\/\"><strong>\u00a0<\/strong><strong>Instagram.<\/strong><\/a><\/p>\n<p><a href=\"http:\/\/senoticias.com.br\/se\/wp-content\/uploads\/2016\/10\/Logo-fone.jpg\"><img loading=\"lazy\" decoding=\"async\" class=\"aligncenter size-full wp-image-97006\" src=\"http:\/\/senoticias.com.br\/se\/wp-content\/uploads\/2016\/10\/Logo-fone.jpg\" alt=\"logo-fone\" width=\"599\" height=\"78\" srcset=\"https:\/\/senoticias.com.br\/se\/wp-content\/uploads\/2016\/10\/Logo-fone.jpg 599w, https:\/\/senoticias.com.br\/se\/wp-content\/uploads\/2016\/10\/Logo-fone-300x39.jpg 300w\" sizes=\"(max-width: 599px) 100vw, 599px\" \/><\/a><\/p>\n<p>Informa\u00e7\u00f5es Ag\u00eancia Sergipe de Not\u00edcias.<\/p>\n","protected":false},"excerpt":{"rendered":"<p>Est\u00e3o em fase de conclus\u00e3o pelo Governo do Estado, atrav\u00e9s da Secretaria do Planejamento, Or\u00e7amento e Gest\u00e3o (Seplag) dois processos licitat\u00f3rios para aquisi\u00e7\u00e3o de materiais importantes para a sa\u00fade do povo sergipano. Dentre os produtos solicitados est\u00e3o 28 mil medicamentos, que auxiliar\u00e3o no tratamento de pessoas com c\u00e2ncer, 40 camas hospitalares e 16 serras el\u00e9tricas [&hellip;]<\/p>\n","protected":false},"author":5618,"featured_media":97033,"comment_status":"closed","ping_status":"closed","sticky":false,"template":"","format":"standard","meta":{"footnotes":""},"categories":[6],"tags":[1496],"class_list":{"0":"post-97031","1":"post","2":"type-post","3":"status-publish","4":"format-standard","5":"has-post-thumbnail","7":"category-politica","8":"tag-governo-realiza-licitacoes-para-aquisicao-de-materiais-para-saude"},"_links":{"self":[{"href":"https:\/\/senoticias.com.br\/se\/wp-json\/wp\/v2\/posts\/97031"}],"collection":[{"href":"https:\/\/senoticias.com.br\/se\/wp-json\/wp\/v2\/posts"}],"about":[{"href":"https:\/\/senoticias.com.br\/se\/wp-json\/wp\/v2\/types\/post"}],"author":[{"embeddable":true,"href":"https:\/\/senoticias.com.br\/se\/wp-json\/wp\/v2\/users\/5618"}],"replies":[{"embeddable":true,"href":"https:\/\/senoticias.com.br\/se\/wp-json\/wp\/v2\/comments?post=97031"}],"version-history":[{"count":0,"href":"https:\/\/senoticias.com.br\/se\/wp-json\/wp\/v2\/posts\/97031\/revisions"}],"wp:featuredmedia":[{"embeddable":true,"href":"https:\/\/senoticias.com.br\/se\/wp-json\/wp\/v2\/media\/97033"}],"wp:attachment":[{"href":"https:\/\/senoticias.com.br\/se\/wp-json\/wp\/v2\/media?parent=97031"}],"wp:term":[{"taxonomy":"category","embeddable":true,"href":"https:\/\/senoticias.com.br\/se\/wp-json\/wp\/v2\/categories?post=97031"},{"taxonomy":"post_tag","embeddable":true,"href":"https:\/\/senoticias.com.br\/se\/wp-json\/wp\/v2\/tags?post=97031"}],"curies":[{"name":"wp","href":"https:\/\/api.w.org\/{rel}","templated":true}]}}