{"id":96937,"date":"2016-10-12T08:32:55","date_gmt":"2016-10-12T11:32:55","guid":{"rendered":"http:\/\/senoticias.com.br\/se\/?p=96937"},"modified":"2016-10-12T08:33:32","modified_gmt":"2016-10-12T11:33:32","slug":"sintese-solicita-bloqueio-de-contas-de-sao-cristovao-e-mais-46-municipios","status":"publish","type":"post","link":"https:\/\/senoticias.com.br\/se\/sintese-solicita-bloqueio-de-contas-de-sao-cristovao-e-mais-46-municipios\/","title":{"rendered":"Sintese solicita bloqueio de contas de S\u00e3o Crist\u00f3v\u00e3o e mais 46 munic\u00edpios"},"content":{"rendered":"<p style=\"text-align: justify;\">Sindicato solicitou ao Minist\u00e9rio P\u00fablico que bloqueie as contas dos munic\u00edpios que este ano atrasaram, parcelaram ou retiveram sal\u00e1rios.<\/p>\n<div id=\"attachment_96938\" style=\"width: 609px\" class=\"wp-caption aligncenter\"><img loading=\"lazy\" decoding=\"async\" aria-describedby=\"caption-attachment-96938\" class=\"size-full wp-image-96938\" src=\"http:\/\/senoticias.com.br\/se\/wp-content\/uploads\/2016\/10\/Bloqueio-de-Contas-SE-Noticias-e1476271778741.jpeg\" alt=\"Em alguns munic\u00edpios, os educadores passaram quase 90 dias sem receber sal\u00e1rios, chegando ao ponto do SINTESE distribuir cestas de alimentos.\" width=\"599\" height=\"421\" \/><p id=\"caption-attachment-96938\" class=\"wp-caption-text\">Em alguns munic\u00edpios, os educadores passaram quase 90 dias sem receber sal\u00e1rios, chegando ao ponto do SINTESE distribuir cestas de alimentos.<\/p><\/div>\n<p style=\"text-align: justify;\">Em reuni\u00e3o no Minist\u00e9rio P\u00fablico na segunda, 10, o sindicato solicitou ao Minist\u00e9rio P\u00fablico o bloqueio imediato das contas do FUNDEB, MDE e do Sal\u00e1rio-Educa\u00e7\u00e3o de 47 munic\u00edpios que durante todo o ano de 2016 atrasaram, parcelaram e retiveram o sal\u00e1rio do magist\u00e9rio. O objetivo do pedido \u00e9 assegurar o pagamento dos sal\u00e1rios de outubro, novembro, dezembro e o 13\u00ba sal\u00e1rio.<\/p>\n<p style=\"text-align: justify;\">Em alguns munic\u00edpios, os educadores passaram quase 90 dias sem receber sal\u00e1rios, chegando ao ponto do SINTESE distribuir cestas de alimentos.<\/p>\n<p style=\"text-align: justify;\">\u00a0\u201cA a\u00e7\u00e3o destes gestores e gestoras municipais afrontou uma s\u00e9rie de princ\u00edpios constitucionais e gerou, em v\u00e1rios casos, fome em v\u00e1rias fam\u00edlias de trabalhadoras e trabalhadores que t\u00eam na doc\u00eancia a sua \u00fanica fonte de renda\u201d, aponta Sandra Moraes, diretora do Departamento de Assuntos das Bases Municipais do SINTESE.<\/p>\n<p style=\"text-align: justify;\">Os atrasos constantes constituem crime (reten\u00e7\u00e3o dolosa de sal\u00e1rios) e tamb\u00e9m ferem os princ\u00edpios da administra\u00e7\u00e3o p\u00fablica.<\/p>\n<p style=\"text-align: justify;\">A solicita\u00e7\u00e3o do SINTESE ao Minist\u00e9rio P\u00fablico tem como objetivo cobrar dos gestores o pagamento dos sal\u00e1rios que j\u00e1 vem com atrasos h\u00e1 alguns meses, inclusive, munic\u00edpios que os gestores devem sal\u00e1rios dos meses de agosto e setembro e evitar que esse processo (de atrasos) se alastre para outros munic\u00edpios como o ocorrido em 2012, quando 58 prefeitos e prefeitas encerraram seus mandatos sem pagar sal\u00e1rios do m\u00eas de dezembro e o 13\u00ba sal\u00e1rios. Alguns destes munic\u00edpios at\u00e9 hoje ainda n\u00e3o pagaram esses direitos ao magist\u00e9rio.<\/p>\n<p style=\"text-align: justify;\">O bloqueio de contas foi solicitado para os munic\u00edpios de: Aquidab\u00e3, Arau\u00e1, Campo do Brito, Canhoba, Canind\u00e9 do S\u00e3o Francisco, Carira, Cristin\u00e1polis, Cumbe, Est\u00e2ncia, Feira Nova, Gararu, General Maynard, Graccho Cardoso, Ilha das Flores, Indiaroba, Japaratuba, Japoat\u00e3, Lagarto, <strong>Laranjeiras<\/strong>, Macambira, Malhada dos Bois, Maruim, Monte Alegre de Sergipe, Muribeca, Ne\u00f3polis, Nossa Senhora da Gl\u00f3ria, Pacatuba, Pedra Mole, Pedrinhas, Pinh\u00e3o, Pirambu, Po\u00e7o Verde, Porto da Folha, Propri\u00e1, Riach\u00e3o do Dantas, <strong>Ros\u00e1rio do Catete<\/strong>, <strong>Salgado<\/strong>, Santa Rosa de Lima, Santana do S\u00e3o Francisco, Santo Amaro das Brotas, <strong>S\u00e3o Crist\u00f3v\u00e3o<\/strong>, S\u00e3o Domingos, S\u00e3o Francisco, Sim\u00e3o Dias, Telha, Tomar do Geru e Umba\u00faba.<\/p>\n<p style=\"text-align: justify;\">O SINTESE tamb\u00e9m encaminhar\u00e1 aos promotores dos munic\u00edpios onde est\u00e3o ocorrendo atrasos nos sal\u00e1rios of\u00edcio solicitando o bloqueio de contas.<\/p>\n<p style=\"text-align: justify;\">Outra medida adotada pelo sindicato foi o de impetrar mandados de seguran\u00e7a no Tribunal de Justi\u00e7a solicitando a obrigatoriedade dos gestores de pagarem os sal\u00e1rios dos professores dentro do m\u00eas trabalhado.<\/p>\n<p style=\"text-align: justify;\">\u00a0\u201cA nossa perspectiva \u00e9 que o Tribunal de Justi\u00e7a tenha o mesmo entendimento para os munic\u00edpios que continuam atrasando sal\u00e1rios como teve para a a\u00e7\u00e3o que impetramos com rela\u00e7\u00e3o aos aposentados do Estado, onde desembargadores entenderam que n\u00e3o h\u00e1 justificativa para atrasos, pois sal\u00e1rio \u00e9 alimento\u201d, avalia a presidenta do SINTESE, Ivonete Cruz.<\/p>\n<p style=\"text-align: justify;\"><img loading=\"lazy\" decoding=\"async\" class=\"aligncenter size-full wp-image-96883\" src=\"http:\/\/senoticias.com.br\/se\/wp-content\/uploads\/2016\/10\/Logo-fone-1-1.jpg\" alt=\"logo-fone-1\" width=\"599\" height=\"78\" srcset=\"https:\/\/senoticias.com.br\/se\/wp-content\/uploads\/2016\/10\/Logo-fone-1-1.jpg 599w, https:\/\/senoticias.com.br\/se\/wp-content\/uploads\/2016\/10\/Logo-fone-1-1-300x39.jpg 300w\" sizes=\"(max-width: 599px) 100vw, 599px\" \/><\/p>\n<p style=\"text-align: justify;\"><em><strong>Acompanhe tamb\u00e9m o SE Not\u00edcias no<\/strong><span class=\"apple-converted-space\"><b>\u00a0<\/b><\/span><strong><a href=\"https:\/\/twitter.com\/Senoticias\">Twitter<\/a>,<\/strong><span class=\"apple-converted-space\"><b>\u00a0<\/b><\/span><strong><a href=\"https:\/\/www.facebook.com\/senoticias1\">Facebook<\/a><\/strong><span class=\"apple-converted-space\"><b>\u00a0<\/b><\/span><strong>e no<\/strong><a href=\"https:\/\/www.instagram.com\/senoticias\/\"><span class=\"apple-converted-space\"><b>\u00a0<\/b><\/span><b>Instagram<\/b><\/a><\/em><\/p>\n<p style=\"text-align: justify;\"><strong><em>Portal Sintese<\/em><\/strong><\/p>\n","protected":false},"excerpt":{"rendered":"<p>Sindicato solicitou ao Minist\u00e9rio P\u00fablico que bloqueie as contas dos munic\u00edpios que este ano atrasaram, parcelaram ou retiveram sal\u00e1rios. Em reuni\u00e3o no Minist\u00e9rio P\u00fablico na segunda, 10, o sindicato solicitou ao Minist\u00e9rio P\u00fablico o bloqueio imediato das contas do FUNDEB, MDE e do Sal\u00e1rio-Educa\u00e7\u00e3o de 47 munic\u00edpios que durante todo o ano de 2016 atrasaram, [&hellip;]<\/p>\n","protected":false},"author":2,"featured_media":96938,"comment_status":"closed","ping_status":"closed","sticky":false,"template":"","format":"standard","meta":{"footnotes":""},"categories":[15,38],"tags":[],"class_list":{"0":"post-96937","1":"post","2":"type-post","3":"status-publish","4":"format-standard","5":"has-post-thumbnail","7":"category-destaques","8":"category-municipios"},"_links":{"self":[{"href":"https:\/\/senoticias.com.br\/se\/wp-json\/wp\/v2\/posts\/96937"}],"collection":[{"href":"https:\/\/senoticias.com.br\/se\/wp-json\/wp\/v2\/posts"}],"about":[{"href":"https:\/\/senoticias.com.br\/se\/wp-json\/wp\/v2\/types\/post"}],"author":[{"embeddable":true,"href":"https:\/\/senoticias.com.br\/se\/wp-json\/wp\/v2\/users\/2"}],"replies":[{"embeddable":true,"href":"https:\/\/senoticias.com.br\/se\/wp-json\/wp\/v2\/comments?post=96937"}],"version-history":[{"count":0,"href":"https:\/\/senoticias.com.br\/se\/wp-json\/wp\/v2\/posts\/96937\/revisions"}],"wp:featuredmedia":[{"embeddable":true,"href":"https:\/\/senoticias.com.br\/se\/wp-json\/wp\/v2\/media\/96938"}],"wp:attachment":[{"href":"https:\/\/senoticias.com.br\/se\/wp-json\/wp\/v2\/media?parent=96937"}],"wp:term":[{"taxonomy":"category","embeddable":true,"href":"https:\/\/senoticias.com.br\/se\/wp-json\/wp\/v2\/categories?post=96937"},{"taxonomy":"post_tag","embeddable":true,"href":"https:\/\/senoticias.com.br\/se\/wp-json\/wp\/v2\/tags?post=96937"}],"curies":[{"name":"wp","href":"https:\/\/api.w.org\/{rel}","templated":true}]}}