{"id":96934,"date":"2016-10-12T08:05:03","date_gmt":"2016-10-12T11:05:03","guid":{"rendered":"http:\/\/senoticias.com.br\/se\/?p=96934"},"modified":"2016-10-12T08:16:01","modified_gmt":"2016-10-12T11:16:01","slug":"faese-tem-posicionamento-favoravel-as-vaquejadas","status":"publish","type":"post","link":"https:\/\/senoticias.com.br\/se\/faese-tem-posicionamento-favoravel-as-vaquejadas\/","title":{"rendered":"FAESE tem posicionamento favor\u00e1vel as Vaquejadas"},"content":{"rendered":"<p>&nbsp;<\/p>\n<p>&nbsp;<\/p>\n<p style=\"text-align: justify;\">A Federa\u00e7\u00e3o de Agricultura e Pecu\u00e1ria de Sergipe &#8211; FAESE\/SE, vem \u00e0 p\u00fablica comunicar seu posicionamento contr\u00e1rio \u00e0 decis\u00e3o do Supremo Tribunal Federal &#8211; STF, <a href=\"http:\/\/senoticias.com.br\/se\/stf-considera-pratica-da-vaquejada-inconstitucional\/\"><strong>que julgou inconstitucional a Vaquejada no Cear\u00e1.<\/strong><\/a> A decis\u00e3o que derrubou a Lei cearense 15.299\/2013, que regulamentava o esporte, abre caminho para que a atividade tamb\u00e9m chegue ao fim no restante do Pa\u00eds.<\/p>\n<div id=\"attachment_96936\" style=\"width: 609px\" class=\"wp-caption aligncenter\"><img loading=\"lazy\" decoding=\"async\" aria-describedby=\"caption-attachment-96936\" class=\"size-full wp-image-96936\" src=\"http:\/\/senoticias.com.br\/se\/wp-content\/uploads\/2016\/10\/Vaquejadas-SE-Noticias-e1476270792949.jpeg\" alt=\" Muito comum no Nordeste, a Vaquejada \u00e9 uma atividade competitiva no qual os vaqueiros tem como objetivo derrubar o boi puxando o animal pelo rabo. (Foto: Junet Lacet Filho\/Jornal Para\u00edba)\" width=\"599\" height=\"393\" \/><p id=\"caption-attachment-96936\" class=\"wp-caption-text\"><br \/>Muito comum no Nordeste, a Vaquejada \u00e9 uma atividade competitiva no qual os vaqueiros tem como objetivo derrubar o boi puxando o animal pelo rabo. (Foto: Junet Lacet Filho\/Jornal Para\u00edba)<\/p><\/div>\n<p style=\"text-align: justify;\">Para o presidente da FAESE\/SE, Ivan Sobral, a decis\u00e3o do STF afeta diretamente milhares de pessoas que tem no esporte a sua fonte de sustento. H\u00e1 centenas de anos, a Vaquejada surgiu tendo como raiz a pega de boi no mato. A pr\u00e1tica passada de pai para filho no sert\u00e3o nordestino incorporou regras at\u00e9 alcan\u00e7ar o patamar de esporte. \u201cA atividade tornou-se uma das maiores fontes de renda da regi\u00e3o, gerando milhares de emprego diretos e indiretos, al\u00e9m de renda\u201d, pontou Ivan Sobral.<\/p>\n<p style=\"text-align: justify;\">As Vaquejadas tamb\u00e9m tem car\u00e1ter cultural e contribui para o fortalecimento das ra\u00e7as equ\u00eddeas no Brasil. Segundo dados da Associa\u00e7\u00e3o Brasileira de Vaquejadas, s\u00e3o realizados por ano aproximadamente 6 mil eventos, com p\u00fablico circulante de 650 milh\u00f5es de pessoas. Todo esse quantitativo injeta na economia do Pa\u00eds R$ 700 milh\u00f5es, al\u00e9m de gerar 130 mil empregos diretos e 600 mil indiretos.<\/p>\n<p style=\"text-align: justify;\"><img loading=\"lazy\" decoding=\"async\" class=\"aligncenter size-full wp-image-96883\" src=\"http:\/\/senoticias.com.br\/se\/wp-content\/uploads\/2016\/10\/Logo-fone-1-1.jpg\" alt=\"logo-fone-1\" width=\"599\" height=\"78\" srcset=\"https:\/\/senoticias.com.br\/se\/wp-content\/uploads\/2016\/10\/Logo-fone-1-1.jpg 599w, https:\/\/senoticias.com.br\/se\/wp-content\/uploads\/2016\/10\/Logo-fone-1-1-300x39.jpg 300w\" sizes=\"(max-width: 599px) 100vw, 599px\" \/><\/p>\n<p style=\"text-align: justify;\"><em><strong>Acompanhe tamb\u00e9m o SE Not\u00edcias no<\/strong><span class=\"apple-converted-space\"><b>\u00a0<\/b><\/span><strong><a href=\"https:\/\/twitter.com\/Senoticias\">Twitter<\/a>,<\/strong><span class=\"apple-converted-space\"><b>\u00a0<\/b><\/span><strong><a href=\"https:\/\/www.facebook.com\/senoticias1\">Facebook<\/a><\/strong><span class=\"apple-converted-space\"><b>\u00a0<\/b><\/span><strong>e no<\/strong><a href=\"https:\/\/www.instagram.com\/senoticias\/\"><span class=\"apple-converted-space\"><b>\u00a0<\/b><\/span><b>Instagram<\/b><\/a><\/em><\/p>\n<p style=\"text-align: justify;\"><strong><em>Da Assessoria de Imprensa<\/em><\/strong><\/p>\n","protected":false},"excerpt":{"rendered":"<p>&nbsp; &nbsp; A Federa\u00e7\u00e3o de Agricultura e Pecu\u00e1ria de Sergipe &#8211; FAESE\/SE, vem \u00e0 p\u00fablica comunicar seu posicionamento contr\u00e1rio \u00e0 decis\u00e3o do Supremo Tribunal Federal &#8211; STF, que julgou inconstitucional a Vaquejada no Cear\u00e1. A decis\u00e3o que derrubou a Lei cearense 15.299\/2013, que regulamentava o esporte, abre caminho para que a atividade tamb\u00e9m chegue ao [&hellip;]<\/p>\n","protected":false},"author":2,"featured_media":96936,"comment_status":"closed","ping_status":"closed","sticky":false,"template":"","format":"standard","meta":{"footnotes":""},"categories":[15,38],"tags":[1483,1482,1481,836,1480],"class_list":{"0":"post-96934","1":"post","2":"type-post","3":"status-publish","4":"format-standard","5":"has-post-thumbnail","7":"category-destaques","8":"category-municipios","9":"tag-decisao-stf","10":"tag-faese","11":"tag-ivan-sobra","12":"tag-stf","13":"tag-vaquejadas"},"_links":{"self":[{"href":"https:\/\/senoticias.com.br\/se\/wp-json\/wp\/v2\/posts\/96934"}],"collection":[{"href":"https:\/\/senoticias.com.br\/se\/wp-json\/wp\/v2\/posts"}],"about":[{"href":"https:\/\/senoticias.com.br\/se\/wp-json\/wp\/v2\/types\/post"}],"author":[{"embeddable":true,"href":"https:\/\/senoticias.com.br\/se\/wp-json\/wp\/v2\/users\/2"}],"replies":[{"embeddable":true,"href":"https:\/\/senoticias.com.br\/se\/wp-json\/wp\/v2\/comments?post=96934"}],"version-history":[{"count":0,"href":"https:\/\/senoticias.com.br\/se\/wp-json\/wp\/v2\/posts\/96934\/revisions"}],"wp:featuredmedia":[{"embeddable":true,"href":"https:\/\/senoticias.com.br\/se\/wp-json\/wp\/v2\/media\/96936"}],"wp:attachment":[{"href":"https:\/\/senoticias.com.br\/se\/wp-json\/wp\/v2\/media?parent=96934"}],"wp:term":[{"taxonomy":"category","embeddable":true,"href":"https:\/\/senoticias.com.br\/se\/wp-json\/wp\/v2\/categories?post=96934"},{"taxonomy":"post_tag","embeddable":true,"href":"https:\/\/senoticias.com.br\/se\/wp-json\/wp\/v2\/tags?post=96934"}],"curies":[{"name":"wp","href":"https:\/\/api.w.org\/{rel}","templated":true}]}}