{"id":96932,"date":"2016-10-11T19:21:49","date_gmt":"2016-10-11T22:21:49","guid":{"rendered":"http:\/\/senoticias.com.br\/se\/?p=96932"},"modified":"2016-10-11T19:23:55","modified_gmt":"2016-10-11T22:23:55","slug":"tre-cassa-candidaturas-de-prefeito-e-vice-eleitos","status":"publish","type":"post","link":"https:\/\/senoticias.com.br\/se\/tre-cassa-candidaturas-de-prefeito-e-vice-eleitos\/","title":{"rendered":"TRE cassa candidaturas de prefeito e vice eleitos"},"content":{"rendered":"<div id=\"attachment_96933\" style=\"width: 368px\" class=\"wp-caption alignright\"><img loading=\"lazy\" decoding=\"async\" aria-describedby=\"caption-attachment-96933\" class=\"size-full wp-image-96933\" src=\"http:\/\/senoticias.com.br\/se\/wp-content\/uploads\/2016\/10\/Volney-Leite-SE-Noticias.jpg\" alt=\"O Tribunal Regional Eleitoral (TRE) cassou a candidatura de Volney Leite e Theotonio Neto. (Foto: reprodu\u00e7\u00e3o\/net)\" width=\"358\" height=\"238\" srcset=\"https:\/\/senoticias.com.br\/se\/wp-content\/uploads\/2016\/10\/Volney-Leite-SE-Noticias.jpg 358w, https:\/\/senoticias.com.br\/se\/wp-content\/uploads\/2016\/10\/Volney-Leite-SE-Noticias-300x199.jpg 300w, https:\/\/senoticias.com.br\/se\/wp-content\/uploads\/2016\/10\/Volney-Leite-SE-Noticias-90x60.jpg 90w, https:\/\/senoticias.com.br\/se\/wp-content\/uploads\/2016\/10\/Volney-Leite-SE-Noticias-180x120.jpg 180w, https:\/\/senoticias.com.br\/se\/wp-content\/uploads\/2016\/10\/Volney-Leite-SE-Noticias-95x64.jpg 95w\" sizes=\"(max-width: 358px) 100vw, 358px\" \/><p id=\"caption-attachment-96933\" class=\"wp-caption-text\">O Tribunal Regional Eleitoral (TRE) cassou a candidatura de Volney Leite e Theotonio Neto. (Foto: reprodu\u00e7\u00e3o\/net)<\/p><\/div>\n<p style=\"text-align: justify;\"><strong><em>Por C\u00e1ssia Santana*<\/em><\/strong><\/p>\n<p style=\"text-align: justify;\">O Tribunal Regional Eleitoral (TRE) cassou a candidatura de Volney Leite e Theotonio Neto, que disputaram e venceram as elei\u00e7\u00f5es no munic\u00edpio de Carm\u00f3polis [prefeito e vice, respectivamente] pela chapa Juntos por Carm\u00f3polis. A chapa venceu a elei\u00e7\u00e3o com 6.088 votos, o equivalente a 56,71% dos votos v\u00e1lidos, mas h\u00e1 possibilidade da Justi\u00e7a Eleitoral definir nova elei\u00e7\u00e3o no munic\u00edpio.<\/p>\n<p style=\"text-align: justify;\">Na primeira inst\u00e2ncia, o juiz Jos\u00e9 Rinaldo Salvino do Nascimento, da 11\u00aa Zona Eleitoral, deferiu o registro da candidatura de ambas as candidaturas. Mas a coliga\u00e7\u00e3o advers\u00e1ria, \u2018A For\u00e7a das novas ideias\u00b4, recorreu para barr\u00e1-las. A procuradora regional eleitoral Eunice Dantas n\u00e3o tem d\u00favida que as irregularidades encontradas na presta\u00e7\u00e3o de contas de Volney e Theotonio Neto em diferentes gest\u00f5es p\u00fablicas se caracterizam como ato de improbidade administrativa que teria gerado dolor e enriquecimento il\u00edcito de terceiros, tomando por base ac\u00f3rd\u00e3os do Tribunal de Contas.<\/p>\n<p>O advogado Kleber Nascimento fez sustenta\u00e7\u00e3o oral na defesa dos candidatos eleitos, alegando que os ac\u00f3rd\u00e3os estariam prescritos e alegou cerceamento de defesa. O advogado denunciou que n\u00e3o conseguiu ter acesso aos autos e pediu para que os prazos fossem reabertos para que ele pudesse se manifestar.<\/p>\n<p style=\"text-align: justify;\">Para Kleber Nascimento ambos candidatos estar\u00e3o imunes porque o Tribunal de Contas n\u00e3o tem compet\u00eancia para julgar contas de gestores p\u00fablicos, atribui\u00e7\u00e3o que seria restrita da C\u00e2mara de Vereadores. Mas a procuradora regional eleitoral Eunice Dantas rebateu, informando que quando se trata de contas de conv\u00eanios, o Tribunal de Contas seria efetivamente o \u00f3rg\u00e3o competente para realizar o julgamento.<\/p>\n<p style=\"text-align: justify;\">E destacou quatro conv\u00eanios destinados amplia\u00e7\u00e3o do sistema de abastecimento de \u00e1gua e para o programa de desenvolvimento do ensino fundamental. Segundo a procuradora, o Tribunal de Contas encontrou graves irregularidades que, no entendimento do Minist\u00e9rio P\u00fablico Eleitoral, se configuram dolor, preju\u00edzo ao er\u00e1rio e enriquecimento il\u00edcito de terceiro, crit\u00e9rios para se estabelecer a inelegibilidade dos candidatos.<\/p>\n<p>O desembargador Edson Ulisses de Melo, relator do processo, combate os argumentos do advogado garantindo que em nenhum momento ocorreu o cerceamento ao direito de defesa e considerou os argumentos da procuradora regional eleitoral para cassar o registro de candidatura do prefeito e do vice eleitos em Carm\u00f3polis. E, de forma un\u00e2nime, os demais membros do TRE, acataram o voto do relator.<\/p>\n<p>A decis\u00e3o do TRE cabe recurso e o resultado da elei\u00e7\u00e3o segue sub judice. O advogado Kleber Nascimento garante que todos os ac\u00f3rd\u00e3os do Tribunal de Contas contra Theotonio Neto est\u00e3o prescritos e contra Volney existe decis\u00e3o do TCE, sem aplica\u00e7\u00e3o de glosa, o que n\u00e3o configura crit\u00e9rios para a inelegibilidade. \u201cFoi uma decis\u00e3o extremamente injusta\u201d, considerou Kleber Nascimento, que pretende arguir a tese do cerceamento de defesa at\u00e9 a \u00faltima inst\u00e2ncia.<\/p>\n<p style=\"text-align: justify;\"><img loading=\"lazy\" decoding=\"async\" class=\"aligncenter size-full wp-image-96883\" src=\"http:\/\/senoticias.com.br\/se\/wp-content\/uploads\/2016\/10\/Logo-fone-1-1.jpg\" alt=\"logo-fone-1\" width=\"599\" height=\"78\" srcset=\"https:\/\/senoticias.com.br\/se\/wp-content\/uploads\/2016\/10\/Logo-fone-1-1.jpg 599w, https:\/\/senoticias.com.br\/se\/wp-content\/uploads\/2016\/10\/Logo-fone-1-1-300x39.jpg 300w\" sizes=\"(max-width: 599px) 100vw, 599px\" \/><\/p>\n<p style=\"text-align: justify;\"><em><strong>Acompanhe tamb\u00e9m o SE Not\u00edcias no<\/strong><span class=\"apple-converted-space\"><b>\u00a0<\/b><\/span><strong><a href=\"https:\/\/twitter.com\/Senoticias\">Twitter<\/a>,<\/strong><span class=\"apple-converted-space\"><b>\u00a0<\/b><\/span><strong><a href=\"https:\/\/www.facebook.com\/senoticias1\">Facebook<\/a><\/strong><span class=\"apple-converted-space\"><b>\u00a0<\/b><\/span><strong>e no<\/strong><a href=\"https:\/\/www.instagram.com\/senoticias\/\"><span class=\"apple-converted-space\"><b>\u00a0<\/b><\/span><b>Instagram<\/b><\/a><\/em><\/p>\n<p><strong><em>Por C\u00e1ssia Santana, do <a href=\"http:\/\/www.infonet.com.br\/noticias\/politica\/ler.asp?id=192224\">portal Infonet<\/a><\/em><\/strong><\/p>\n","protected":false},"excerpt":{"rendered":"<p>Por C\u00e1ssia Santana* O Tribunal Regional Eleitoral (TRE) cassou a candidatura de Volney Leite e Theotonio Neto, que disputaram e venceram as elei\u00e7\u00f5es no munic\u00edpio de Carm\u00f3polis [prefeito e vice, respectivamente] pela chapa Juntos por Carm\u00f3polis. A chapa venceu a elei\u00e7\u00e3o com 6.088 votos, o equivalente a 56,71% dos votos v\u00e1lidos, mas h\u00e1 possibilidade da [&hellip;]<\/p>\n","protected":false},"author":2,"featured_media":96933,"comment_status":"closed","ping_status":"closed","sticky":false,"template":"","format":"standard","meta":{"footnotes":""},"categories":[15,1461],"tags":[],"class_list":{"0":"post-96932","1":"post","2":"type-post","3":"status-publish","4":"format-standard","5":"has-post-thumbnail","7":"category-destaques","8":"category-eleicoes-2016"},"_links":{"self":[{"href":"https:\/\/senoticias.com.br\/se\/wp-json\/wp\/v2\/posts\/96932"}],"collection":[{"href":"https:\/\/senoticias.com.br\/se\/wp-json\/wp\/v2\/posts"}],"about":[{"href":"https:\/\/senoticias.com.br\/se\/wp-json\/wp\/v2\/types\/post"}],"author":[{"embeddable":true,"href":"https:\/\/senoticias.com.br\/se\/wp-json\/wp\/v2\/users\/2"}],"replies":[{"embeddable":true,"href":"https:\/\/senoticias.com.br\/se\/wp-json\/wp\/v2\/comments?post=96932"}],"version-history":[{"count":0,"href":"https:\/\/senoticias.com.br\/se\/wp-json\/wp\/v2\/posts\/96932\/revisions"}],"wp:featuredmedia":[{"embeddable":true,"href":"https:\/\/senoticias.com.br\/se\/wp-json\/wp\/v2\/media\/96933"}],"wp:attachment":[{"href":"https:\/\/senoticias.com.br\/se\/wp-json\/wp\/v2\/media?parent=96932"}],"wp:term":[{"taxonomy":"category","embeddable":true,"href":"https:\/\/senoticias.com.br\/se\/wp-json\/wp\/v2\/categories?post=96932"},{"taxonomy":"post_tag","embeddable":true,"href":"https:\/\/senoticias.com.br\/se\/wp-json\/wp\/v2\/tags?post=96932"}],"curies":[{"name":"wp","href":"https:\/\/api.w.org\/{rel}","templated":true}]}}