{"id":96586,"date":"2016-09-30T15:59:12","date_gmt":"2016-09-30T18:59:12","guid":{"rendered":"http:\/\/senoticias.com.br\/se\/?p=96586"},"modified":"2016-09-30T16:24:14","modified_gmt":"2016-09-30T19:24:14","slug":"edvaldo-nogueira-ficara-afastado-da-campanha-por-24-horas-por-orientacao-medica-o-candidato-a-prefeito-de-aracaju-edvaldo-nogueira-pcdob-foi-diagnosticado-com-um-quadro-de-estafa-e-fadi","status":"publish","type":"post","link":"https:\/\/senoticias.com.br\/se\/edvaldo-nogueira-ficara-afastado-da-campanha-por-24-horas-por-orientacao-medica-o-candidato-a-prefeito-de-aracaju-edvaldo-nogueira-pcdob-foi-diagnosticado-com-um-quadro-de-estafa-e-fadi\/","title":{"rendered":"Edvaldo Nogueira ficar\u00e1 afastado da campanha por 24 horas por orienta\u00e7\u00e3o m\u00e9dica"},"content":{"rendered":"<p style=\"text-align: justify;\">O candidato a prefeito de Aracaju, Edvaldo Nogueira (PCdoB), foi diagnosticado com um quadro de \u201cestafa e fadiga\u201d, segundo laudo do m\u00e9dico neurologista Marcos Aur\u00e9lio de Almeida Alves, que o atendeu no Hospital S\u00e3o Lucas nesta sexta-feira (30). Edvaldo sentiu-se mal durante o debate realizado na noite anterior na TV Sergipe. L\u00e1 foi atendido por m\u00e9dicos da emissora e conseguiu concluir sua participa\u00e7\u00e3o no programa. Ele ficar\u00e1 afastado das atividades de campanha por 24 horas.<\/p>\n<div id=\"attachment_96588\" style=\"width: 458px\" class=\"wp-caption aligncenter\"><img loading=\"lazy\" decoding=\"async\" aria-describedby=\"caption-attachment-96588\" class=\"size-full wp-image-96588\" src=\"http:\/\/senoticias.com.br\/se\/wp-content\/uploads\/2016\/09\/saolucas.jpg\" alt=\"Edvaldo Nogueira ficar\u00e1 afastado da campanha por 24 horas\" width=\"448\" height=\"600\" srcset=\"https:\/\/senoticias.com.br\/se\/wp-content\/uploads\/2016\/09\/saolucas.jpg 448w, https:\/\/senoticias.com.br\/se\/wp-content\/uploads\/2016\/09\/saolucas-224x300.jpg 224w\" sizes=\"(max-width: 448px) 100vw, 448px\" \/><p id=\"caption-attachment-96588\" class=\"wp-caption-text\">Edvaldo Nogueira ficar\u00e1 afastado da campanha por 24 horas<\/p><\/div>\n<p style=\"text-align: justify;\">\u201cDeclaramos para os fins de direito que o Sr. Edvaldo Nogueira Filho, 55 anos, apresentou epis\u00f3dio de estafa e fadiga que evoluiu com quadro de hipotens\u00e3o arterial durante evento televisivo realizado nesta cidade na noite de ontem. O quadro cl\u00ednico se deveu exclusivamente a intensa jornada de atividades de campanha desenvolvidas pelo Sr. Edvaldo, principalmente nas \u00faltimas duas semanas, bem como priva\u00e7\u00e3o de sono e alimenta\u00e7\u00e3o irregular. Diante dos fatos, orientamos o Sr. Edvaldo a guardar repouso em sua resid\u00eancia nas pr\u00f3ximas 24 horas com reintrodu\u00e7\u00e3o de sua dieta e hidrata\u00e7\u00e3o habitual\u201d, informa a declara\u00e7\u00e3o assinada pelo Dr. Marcos Aur\u00e9lio de Almeida Alves, um dos mais renomados neurologistas do Estado.<\/p>\n<p style=\"text-align: justify;\">Mesmo com a sobrecarga da campanha, o candidato compareceu ao debate, contrariando ordens m\u00e9dicas e a opini\u00e3o de assessores, mas ele entendeu que tinha que cumprir o compromisso firmado com os aracajuanos. Edvaldo se pronunciou ainda na noite de quinta-feira (29) pelas redes sociais:<\/p>\n<p style=\"text-align: justify;\">\u201cAmigos, tive um pequeno mal-estar durante o Debate TV Sergipe. Fui atendido pelos m\u00e9dicos na TV Sergipe e estou bem. No intenso ritmo da campanha j\u00e1 perdi 6 quilos. Fui ao debate contrariando ordens m\u00e9dicas e a opini\u00e3o dos assessores. Reitero que estou bem. Agrade\u00e7o a preocupa\u00e7\u00e3o de todos e reitero o meu compromisso em seguir firme com o projeto de reconstru\u00e7\u00e3o da nossa cidade\u201d.<\/p>\n<p style=\"text-align: justify;\">A agenda da campanha, por sua vez, n\u00e3o ser\u00e1 interrompida. A candidata a vice-prefeita Eliane Aquino cumprir\u00e1 as atividades desta sexta-feira, a exemplo da caminhada que ocorrer\u00e1 no Centro de Aracaju e a mini carreata prevista para esta noite.<\/p>\n<p style=\"text-align: justify;\"><img loading=\"lazy\" decoding=\"async\" class=\"aligncenter size-full wp-image-96561\" src=\"http:\/\/senoticias.com.br\/se\/wp-content\/uploads\/2016\/09\/Logo-fone-1-5.jpg\" alt=\"logo-fone-1\" width=\"599\" height=\"78\" srcset=\"https:\/\/senoticias.com.br\/se\/wp-content\/uploads\/2016\/09\/Logo-fone-1-5.jpg 599w, https:\/\/senoticias.com.br\/se\/wp-content\/uploads\/2016\/09\/Logo-fone-1-5-300x39.jpg 300w\" sizes=\"(max-width: 599px) 100vw, 599px\" \/><\/p>\n<p style=\"text-align: justify;\"><strong>Acompanhe tamb\u00e9m o SE Not\u00edcias no<\/strong><span class=\"apple-converted-space\"><b>\u00a0<\/b><\/span><strong><a href=\"https:\/\/twitter.com\/Senoticias\">Twitter<\/a>,<\/strong><span class=\"apple-converted-space\"><b>\u00a0<\/b><\/span><strong><a href=\"https:\/\/www.facebook.com\/senoticias1\">Facebook<\/a><\/strong><span class=\"apple-converted-space\"><b>\u00a0<\/b><\/span><strong>e no<\/strong><a href=\"https:\/\/www.instagram.com\/senoticias\/\"><span class=\"apple-converted-space\"><b>\u00a0<\/b><\/span><b>Instagram<\/b><\/a><\/p>\n<p style=\"text-align: justify;\">Ascom\/Edvaldo<\/p>\n","protected":false},"excerpt":{"rendered":"<p>O candidato a prefeito de Aracaju, Edvaldo Nogueira (PCdoB), foi diagnosticado com um quadro de \u201cestafa e fadiga\u201d, segundo laudo do m\u00e9dico neurologista Marcos Aur\u00e9lio de Almeida Alves, que o atendeu no Hospital S\u00e3o Lucas nesta sexta-feira (30). Edvaldo sentiu-se mal durante o debate realizado na noite anterior na TV Sergipe. L\u00e1 foi atendido por [&hellip;]<\/p>\n","protected":false},"author":2,"featured_media":96588,"comment_status":"closed","ping_status":"closed","sticky":false,"template":"","format":"standard","meta":{"footnotes":""},"categories":[15,1461],"tags":[],"class_list":{"0":"post-96586","1":"post","2":"type-post","3":"status-publish","4":"format-standard","5":"has-post-thumbnail","7":"category-destaques","8":"category-eleicoes-2016"},"_links":{"self":[{"href":"https:\/\/senoticias.com.br\/se\/wp-json\/wp\/v2\/posts\/96586"}],"collection":[{"href":"https:\/\/senoticias.com.br\/se\/wp-json\/wp\/v2\/posts"}],"about":[{"href":"https:\/\/senoticias.com.br\/se\/wp-json\/wp\/v2\/types\/post"}],"author":[{"embeddable":true,"href":"https:\/\/senoticias.com.br\/se\/wp-json\/wp\/v2\/users\/2"}],"replies":[{"embeddable":true,"href":"https:\/\/senoticias.com.br\/se\/wp-json\/wp\/v2\/comments?post=96586"}],"version-history":[{"count":0,"href":"https:\/\/senoticias.com.br\/se\/wp-json\/wp\/v2\/posts\/96586\/revisions"}],"wp:featuredmedia":[{"embeddable":true,"href":"https:\/\/senoticias.com.br\/se\/wp-json\/wp\/v2\/media\/96588"}],"wp:attachment":[{"href":"https:\/\/senoticias.com.br\/se\/wp-json\/wp\/v2\/media?parent=96586"}],"wp:term":[{"taxonomy":"category","embeddable":true,"href":"https:\/\/senoticias.com.br\/se\/wp-json\/wp\/v2\/categories?post=96586"},{"taxonomy":"post_tag","embeddable":true,"href":"https:\/\/senoticias.com.br\/se\/wp-json\/wp\/v2\/tags?post=96586"}],"curies":[{"name":"wp","href":"https:\/\/api.w.org\/{rel}","templated":true}]}}