{"id":96581,"date":"2016-09-30T07:41:43","date_gmt":"2016-09-30T10:41:43","guid":{"rendered":"http:\/\/senoticias.com.br\/se\/?p=96581"},"modified":"2016-09-30T08:36:50","modified_gmt":"2016-09-30T11:36:50","slug":"secretaria-de-justica-mantem-servicos-terceirizados-no-copencam","status":"publish","type":"post","link":"https:\/\/senoticias.com.br\/se\/secretaria-de-justica-mantem-servicos-terceirizados-no-copencam\/","title":{"rendered":"Secretaria de Justi\u00e7a mant\u00e9m servi\u00e7os terceirizados no Copencam"},"content":{"rendered":"<p style=\"text-align: justify;\">Na tarde desta quinta-feira, 29, o Tribunal de Justi\u00e7a de Sergipe concedeu liminar permitindo o cumprimento do contrato tempor\u00e1rio celebrado entre a empresa Reviver Administra\u00e7\u00e3o Prisional e a Secretaria de Estado de Justi\u00e7a (Sejuc) para a realiza\u00e7\u00e3o de revista aos visitantes na unidade prisional Complexo Penitenci\u00e1rio Dr. Manoel Carvalho Neto (Copencam), em S\u00e3o Crist\u00f3v\u00e3o. A desembargadora Iolanda Santos Guimar\u00e3es reconsiderou decis\u00e3o anterior e atendeu o agravo da Procuradoria Geral do Estado, protocolado depois de mandado de seguran\u00e7a impetrado pelo Sindicato dos Agentes Penitenci\u00e1rios e Servidores da Secretaria de Justi\u00e7a do Estado de Sergipe (Sindpen).<\/p>\n<p style=\"text-align: justify;\">A decis\u00e3o derruba a liminar concedida na quarta-feira, 28, que suspendia os servi\u00e7os terceirizados. Em sua argumenta\u00e7\u00e3o, que consta no processo de n\u00famero 201600123438, a desembargadora considerou os riscos \u00e0 ordem e seguran\u00e7a p\u00fablica, especialmente diante da proximidade das elei\u00e7\u00f5es municipais que ocorrer\u00e3o no domingo pr\u00f3ximo, 02. \u201c(&#8230;) resta evidenciado o periculum in mora inverso apto a me convencer ser melhor, neste momento, permitir que se mantenha o cumprimento do contrato tempor\u00e1rio celebrado com as empresas Reviver Administra\u00e7\u00e3o Prisional e Pinheiro Vigil\u00e2ncia, para autorizar que estas realizem os servi\u00e7os de transporte de presos e realiza\u00e7\u00e3o de revista aos visitantes na unidade prisional do COPEMCAN, at\u00e9 ulterior delibera\u00e7\u00e3o\u201d.<\/p>\n<p>A liminar estabelece o prazo de 15 dias para que o Sindpen apresente contra argumenta\u00e7\u00e3o.<\/p>\n<p><b>Hist\u00f3rico<\/b><\/p>\n<p>A contrata\u00e7\u00e3o de empresas terceirizadas foi alternativa encontrada pela Sejuc, com respaldo na Lei de Execu\u00e7\u00e3o Penal, para garantir o direito dos presos \u00e0 visita \u00edntima na unidade, diante da negativa dos agentes prisionais de realizarem o servi\u00e7o.<\/p>\n<p style=\"text-align: justify;\"><em><strong>Acompanhe tamb\u00e9m o SE Not\u00edcias no <a href=\"https:\/\/twitter.com\/Senoticias\">Twitter<\/a>, <a href=\"https:\/\/www.facebook.com\/senoticias1\">Facebook<\/a> e no <a href=\"https:\/\/www.instagram.com\/senoticias\/\">Instagram<\/a><\/strong><\/em><\/p>\n<p style=\"text-align: justify;\"><img loading=\"lazy\" decoding=\"async\" class=\"aligncenter size-full wp-image-96561\" src=\"http:\/\/senoticias.com.br\/se\/wp-content\/uploads\/2016\/09\/Logo-fone-1-5.jpg\" alt=\"logo-fone-1\" width=\"599\" height=\"78\" srcset=\"https:\/\/senoticias.com.br\/se\/wp-content\/uploads\/2016\/09\/Logo-fone-1-5.jpg 599w, https:\/\/senoticias.com.br\/se\/wp-content\/uploads\/2016\/09\/Logo-fone-1-5-300x39.jpg 300w\" sizes=\"(max-width: 599px) 100vw, 599px\" \/><br \/>\n<em>Secretaria de Estado da Comunica\u00e7\u00e3o Social <\/em><br \/>\n<em>Governo de Sergipe <\/em><\/p>\n","protected":false},"excerpt":{"rendered":"<p>Na tarde desta quinta-feira, 29, o Tribunal de Justi\u00e7a de Sergipe concedeu liminar permitindo o cumprimento do contrato tempor\u00e1rio celebrado entre a empresa Reviver Administra\u00e7\u00e3o Prisional e a Secretaria de Estado de Justi\u00e7a (Sejuc) para a realiza\u00e7\u00e3o de revista aos visitantes na unidade prisional Complexo Penitenci\u00e1rio Dr. Manoel Carvalho Neto (Copencam), em S\u00e3o Crist\u00f3v\u00e3o. A [&hellip;]<\/p>\n","protected":false},"author":2,"featured_media":88009,"comment_status":"closed","ping_status":"closed","sticky":false,"template":"","format":"standard","meta":{"footnotes":""},"categories":[15],"tags":[],"class_list":{"0":"post-96581","1":"post","2":"type-post","3":"status-publish","4":"format-standard","5":"has-post-thumbnail","7":"category-destaques"},"_links":{"self":[{"href":"https:\/\/senoticias.com.br\/se\/wp-json\/wp\/v2\/posts\/96581"}],"collection":[{"href":"https:\/\/senoticias.com.br\/se\/wp-json\/wp\/v2\/posts"}],"about":[{"href":"https:\/\/senoticias.com.br\/se\/wp-json\/wp\/v2\/types\/post"}],"author":[{"embeddable":true,"href":"https:\/\/senoticias.com.br\/se\/wp-json\/wp\/v2\/users\/2"}],"replies":[{"embeddable":true,"href":"https:\/\/senoticias.com.br\/se\/wp-json\/wp\/v2\/comments?post=96581"}],"version-history":[{"count":0,"href":"https:\/\/senoticias.com.br\/se\/wp-json\/wp\/v2\/posts\/96581\/revisions"}],"wp:featuredmedia":[{"embeddable":true,"href":"https:\/\/senoticias.com.br\/se\/wp-json\/wp\/v2\/media\/88009"}],"wp:attachment":[{"href":"https:\/\/senoticias.com.br\/se\/wp-json\/wp\/v2\/media?parent=96581"}],"wp:term":[{"taxonomy":"category","embeddable":true,"href":"https:\/\/senoticias.com.br\/se\/wp-json\/wp\/v2\/categories?post=96581"},{"taxonomy":"post_tag","embeddable":true,"href":"https:\/\/senoticias.com.br\/se\/wp-json\/wp\/v2\/tags?post=96581"}],"curies":[{"name":"wp","href":"https:\/\/api.w.org\/{rel}","templated":true}]}}