{"id":96090,"date":"2016-09-11T20:34:35","date_gmt":"2016-09-11T23:34:35","guid":{"rendered":"http:\/\/senoticias.com.br\/se\/?p=96090"},"modified":"2016-09-11T20:34:35","modified_gmt":"2016-09-11T23:34:35","slug":"movimentos-erraticos-de-cunha-devem-ser-fatais-para-a-cassacao","status":"publish","type":"post","link":"https:\/\/senoticias.com.br\/se\/movimentos-erraticos-de-cunha-devem-ser-fatais-para-a-cassacao\/","title":{"rendered":"Movimentos err\u00e1ticos de Cunha devem ser fatais para a cassa\u00e7\u00e3o"},"content":{"rendered":"<p style=\"text-align: justify\">Os aliados mais pr\u00f3ximos do deputado afastado Eduardo Cunha (PMDB-RJ) reconhecem, de forma reservada, que os v\u00e1rios erros cometidos por ele durante esses \u00faltimos meses devem ser decisivos para a perda do seu mandato.<\/p>\n<div id=\"attachment_94185\" style=\"width: 591px\" class=\"wp-caption aligncenter\"><a href=\"http:\/\/senoticias.com.br\/se\/wp-content\/uploads\/2016\/07\/CCJ-rejeita-recurso-de-Cunha-sobre-cassacao-e-processo-vai-para-plenario-SE-Noticias.jpg\"><img loading=\"lazy\" decoding=\"async\" aria-describedby=\"caption-attachment-94185\" class=\"size-full wp-image-94185\" src=\"http:\/\/senoticias.com.br\/se\/wp-content\/uploads\/2016\/07\/CCJ-rejeita-recurso-de-Cunha-sobre-cassacao-e-processo-vai-para-plenario-SE-Noticias.jpg\" alt=\"Foto: Jos\u00e9 Cruz\/Ag\u00eancia Brasil \" width=\"581\" height=\"387\" srcset=\"https:\/\/senoticias.com.br\/se\/wp-content\/uploads\/2016\/07\/CCJ-rejeita-recurso-de-Cunha-sobre-cassacao-e-processo-vai-para-plenario-SE-Noticias.jpg 581w, https:\/\/senoticias.com.br\/se\/wp-content\/uploads\/2016\/07\/CCJ-rejeita-recurso-de-Cunha-sobre-cassacao-e-processo-vai-para-plenario-SE-Noticias-300x199.jpg 300w, https:\/\/senoticias.com.br\/se\/wp-content\/uploads\/2016\/07\/CCJ-rejeita-recurso-de-Cunha-sobre-cassacao-e-processo-vai-para-plenario-SE-Noticias-342x227.jpg 342w\" sizes=\"(max-width: 581px) 100vw, 581px\" \/><\/a><p id=\"caption-attachment-94185\" class=\"wp-caption-text\">Foto: Jos\u00e9 Cruz\/Ag\u00eancia Brasil<\/p><\/div>\n<p style=\"text-align: justify\">Para esses aliados, o \u00faltimo grande erro de Cunha foi ter insistido em adiar, para setembro, a vota\u00e7\u00e3o do seu processo de cassa\u00e7\u00e3o. Cunha calculava que com baixo qu\u00f3rum no per\u00edodo de elei\u00e7\u00e3o a sess\u00e3o seria adiada mais uma vez. Mas o movimento do deputado teve um efeito contr\u00e1rio.<\/p>\n<p style=\"text-align: justify\">Isso porque, em pleno per\u00edodo eleitoral, ele se transformou em tema de campanha em munic\u00edpios de todas as regi\u00f5es do pa\u00eds. Deputados que apoiam candidatos e at\u00e9 mesmo quem est\u00e1 na disputa passou a se posicionar sobre a cassa\u00e7\u00e3o de Cunha nos palanques eleitorais.<\/p>\n<p style=\"text-align: justify\">Inicialmente, Cunha queria evitar que seu processo fosse analisado antes do impeachment, achando que, assim, poderia escapar da cassa\u00e7\u00e3o. &#8220;Cunha virou o assunto \u00fanico da pol\u00edtica depois do impeachment de Dilma, todos os holofotes est\u00e3o votados para ele&#8221;, diz um integrante da troca de choque de Cunha.<\/p>\n<p style=\"text-align: justify\">H\u00e1 tamb\u00e9m o reconhecimento de que ele foi arrogante ao desprezar a avalanche de den\u00fancias que se formava em torno dele. Aliados defendiam que j\u00e1 no ano passado Cunha optasse por renunciar ao cargo de presidente da C\u00e2mara e, com isso, tentasse articular uma pena mais branda, como a suspens\u00e3o do mandato. &#8220;Ele s\u00f3 fez isso quando j\u00e1 n\u00e3o havia mais jeito de mudar o destino dele. Agora In\u00eas \u00e9 morta&#8221;, observou outro aliado.<\/p>\n<p style=\"text-align: justify\">\nFonte: Blog do Camarotti<\/p>\n<p style=\"text-align: justify;line-height: 18.0pt\"><strong><span style=\"font-family: 'Georgia','serif';color: #333333\">Acompanhe tamb\u00e9m o SE Not\u00edcias no<\/span><\/strong><span class=\"apple-converted-space\"><b><span style=\"font-family: 'Georgia','serif';color: #333333\">\u00a0<\/span><\/b><\/span><strong><span style=\"font-family: 'Georgia','serif';color: #333333\"><a href=\"https:\/\/twitter.com\/Senoticias\">Twitter<\/a>,<\/span><\/strong><span class=\"apple-converted-space\"><b><span style=\"font-family: 'Georgia','serif';color: #333333\">\u00a0<\/span><\/b><\/span><strong><span style=\"font-family: 'Georgia','serif';color: #333333\"><a href=\"https:\/\/www.facebook.com\/senoticias1\">Facebook<\/a><\/span><\/strong><span class=\"apple-converted-space\"><b><span style=\"font-family: 'Georgia','serif';color: #333333\">\u00a0<\/span><\/b><\/span><strong><span style=\"font-family: 'Georgia','serif';color: #333333\">e no<\/span><\/strong><a href=\"https:\/\/www.instagram.com\/senoticias\/\"><span class=\"apple-converted-space\"><b><span style=\"font-family: 'Georgia','serif'\">\u00a0<\/span><\/b><\/span><b><span style=\"font-family: 'Georgia','serif'\">Instagram.<\/span><\/b><\/a><\/p>\n<p style=\"text-align: justify;line-height: 18.0pt\"><span style=\"font-family: 'Georgia','serif';color: #333333\">\u00a0<a href=\"http:\/\/senoticias.com.br\/se\/wp-content\/uploads\/2016\/09\/Logo-fone-1-1.jpg\"><img loading=\"lazy\" decoding=\"async\" class=\"aligncenter size-full wp-image-96066\" src=\"http:\/\/senoticias.com.br\/se\/wp-content\/uploads\/2016\/09\/Logo-fone-1-1.jpg\" alt=\"logo-fone-1\" width=\"599\" height=\"78\" srcset=\"https:\/\/senoticias.com.br\/se\/wp-content\/uploads\/2016\/09\/Logo-fone-1-1.jpg 599w, https:\/\/senoticias.com.br\/se\/wp-content\/uploads\/2016\/09\/Logo-fone-1-1-300x39.jpg 300w\" sizes=\"(max-width: 599px) 100vw, 599px\" \/><\/a><\/span><\/p>\n<p style=\"text-align: justify;line-height: 18.0pt\">Fonte: Blog do Camarotti<\/p>\n","protected":false},"excerpt":{"rendered":"<p>Os aliados mais pr\u00f3ximos do deputado afastado Eduardo Cunha (PMDB-RJ) reconhecem, de forma reservada, que os v\u00e1rios erros cometidos por ele durante esses \u00faltimos meses devem ser decisivos para a perda do seu mandato. Para esses aliados, o \u00faltimo grande erro de Cunha foi ter insistido em adiar, para setembro, a vota\u00e7\u00e3o do seu processo [&hellip;]<\/p>\n","protected":false},"author":5618,"featured_media":91420,"comment_status":"closed","ping_status":"closed","sticky":false,"template":"","format":"standard","meta":{"footnotes":""},"categories":[6],"tags":[1429],"class_list":{"0":"post-96090","1":"post","2":"type-post","3":"status-publish","4":"format-standard","5":"has-post-thumbnail","7":"category-politica","8":"tag-movimentos-erraticos-de-cunha-devem-ser-fatais-para-a-cassacao"},"_links":{"self":[{"href":"https:\/\/senoticias.com.br\/se\/wp-json\/wp\/v2\/posts\/96090"}],"collection":[{"href":"https:\/\/senoticias.com.br\/se\/wp-json\/wp\/v2\/posts"}],"about":[{"href":"https:\/\/senoticias.com.br\/se\/wp-json\/wp\/v2\/types\/post"}],"author":[{"embeddable":true,"href":"https:\/\/senoticias.com.br\/se\/wp-json\/wp\/v2\/users\/5618"}],"replies":[{"embeddable":true,"href":"https:\/\/senoticias.com.br\/se\/wp-json\/wp\/v2\/comments?post=96090"}],"version-history":[{"count":0,"href":"https:\/\/senoticias.com.br\/se\/wp-json\/wp\/v2\/posts\/96090\/revisions"}],"wp:featuredmedia":[{"embeddable":true,"href":"https:\/\/senoticias.com.br\/se\/wp-json\/wp\/v2\/media\/91420"}],"wp:attachment":[{"href":"https:\/\/senoticias.com.br\/se\/wp-json\/wp\/v2\/media?parent=96090"}],"wp:term":[{"taxonomy":"category","embeddable":true,"href":"https:\/\/senoticias.com.br\/se\/wp-json\/wp\/v2\/categories?post=96090"},{"taxonomy":"post_tag","embeddable":true,"href":"https:\/\/senoticias.com.br\/se\/wp-json\/wp\/v2\/tags?post=96090"}],"curies":[{"name":"wp","href":"https:\/\/api.w.org\/{rel}","templated":true}]}}