{"id":96055,"date":"2016-09-09T18:30:06","date_gmt":"2016-09-09T21:30:06","guid":{"rendered":"http:\/\/senoticias.com.br\/se\/?p=96055"},"modified":"2016-09-10T12:43:56","modified_gmt":"2016-09-10T15:43:56","slug":"joao-alves-e-condenado-a-devolver-mais-de-r-7-milhoes-aos-cofres-publicos","status":"publish","type":"post","link":"https:\/\/senoticias.com.br\/se\/joao-alves-e-condenado-a-devolver-mais-de-r-7-milhoes-aos-cofres-publicos\/","title":{"rendered":"Jo\u00e3o Alves e Fl\u00e1vio Concei\u00e7\u00e3o s\u00e3o condenados a devolver mais de R$ 7 milh\u00f5es aos cofres p\u00fablicos"},"content":{"rendered":"<p style=\"text-align: justify;\"><a href=\"http:\/\/www.brasil247.com\/pt\/247\/sergipe247\/254336\/Jo%C3%A3o-Alves-%C3%A9-condenado-a-devolver-mais-de-R$-7-milh%C3%B5es-aos-cofres-p%C3%BAblicos.htm\"><em>Via Brasil 247*<\/em><\/a><\/p>\n<p style=\"text-align: justify;\">Jo\u00e3o Alves Filho e Fl\u00e1vio Concei\u00e7\u00e3o, foram condenados pelo Tribunal de Justi\u00e7a de Sergipe a devolver aos cofres p\u00fablicos estaduais mais de R$ 7 milh\u00f5es.<\/p>\n<div id=\"attachment_81206\" style=\"width: 590px\" class=\"wp-caption aligncenter\"><a href=\"http:\/\/senoticias.com.br\/se\/wp-content\/uploads\/2015\/06\/4720131214.jpg\"><img loading=\"lazy\" decoding=\"async\" aria-describedby=\"caption-attachment-81206\" class=\"size-full wp-image-81206\" src=\"http:\/\/senoticias.com.br\/se\/wp-content\/uploads\/2015\/06\/4720131214.jpg\" alt=\"Prefeito de Aracaju Jo\u00e3o Alves Filho. (Foto: Reprodu\u00e7\u00e3o\/NE) \" width=\"580\" height=\"365\" srcset=\"https:\/\/senoticias.com.br\/se\/wp-content\/uploads\/2015\/06\/4720131214.jpg 580w, https:\/\/senoticias.com.br\/se\/wp-content\/uploads\/2015\/06\/4720131214-300x188.jpg 300w, https:\/\/senoticias.com.br\/se\/wp-content\/uploads\/2015\/06\/4720131214-342x215.jpg 342w\" sizes=\"(max-width: 580px) 100vw, 580px\" \/><\/a><p id=\"caption-attachment-81206\" class=\"wp-caption-text\">Decis\u00e3o que Jo\u00e3o Alves e Fl\u00e1vio Concei\u00e7\u00e3o, teriam violado a lei de princ\u00edpios b\u00e1sicos da administra\u00e7\u00e3o p\u00fablica. (Foto: arquivo\/AAN)<\/p><\/div>\n<p style=\"text-align: justify;\">O TJ\/SE divulgou nesta sexta-feira (9) que o juiz Isaac Costa Soares de Lima condenou o prefeito de Aracaju e o ex-secret\u00e1rio de estado da Casa Civil, Fl\u00e1vio Concei\u00e7\u00e3o, a devolver aos cofres p\u00fablicos R$ 7.130.710,63.<\/p>\n<p style=\"text-align: justify;\">Segundo o juiz, os dois violaram a lei e os princ\u00edpios b\u00e1sicos da administra\u00e7\u00e3o p\u00fablica ainda quando Jo\u00e3o Alves era governador.<\/p>\n<p style=\"text-align: justify;\">O Minist\u00e9rio P\u00fablico do Estado de Sergipe, atrav\u00e9s da Promotoria de Justi\u00e7a e Defesa do Patrim\u00f4nio P\u00fablico da Capital, ingressou com uma a\u00e7\u00e3o civil p\u00fablica em 2014.<\/p>\n<p style=\"text-align: justify;\">A a\u00e7\u00e3o civil diz que o Governo cometeu irregularidades no pagamento de ajuda financeira a pessoas f\u00edsicas e a servidores da administra\u00e7\u00e3o atrav\u00e9s da Secretaria de Estado da Casa Civil.<\/p>\n<p style=\"text-align: justify;\">\u201cAnte o exposto, com base na constitui\u00e7\u00e3o Federal de 1988, na Legisla\u00e7\u00e3o infraconstitucional e nos elementos de provas carreados aos autos, que retificaram a pr\u00e1tica de improbidade administrativa pelos r\u00e9us, com consequente obrigatoriedade de ressarcimento dos danos ao er\u00e1rio, por viola\u00e7\u00e3o aos principais mestres da Administra\u00e7\u00e3o P\u00fablica, julgo parcialmente procedente os pedidos formulados na A\u00e7\u00e3o civil P\u00fablica (<strong>Processo n\u00ba 201411200573<\/strong>), proposta pelo Minist\u00e9rio P\u00fablico Estadual de Sergipe, ocasi\u00e3o em que condeno os R\u00e9us ex-governador do Estado Jo\u00e3o Alves Filho e o ex-secret\u00e1rio de Estado da Casa Civil Fl\u00e1vio Concei\u00e7\u00e3o de Oliveira Neto ao ressarcimento integral dos valores indevidamente utilizados, pertencentes ao Estado de Sergipe. Condeno os requeridos das custas processuais. Sem honor\u00e1rios advocat\u00edcios\u201d, afirma decis\u00e3o do Juiz Isaac Costa Soares. A decis\u00e3o ainda cabe recurso.<\/p>\n<p style=\"text-align: justify; line-height: 18.0pt;\"><strong><span style=\"font-family: 'Georgia','serif'; color: #333333;\">Acompanhe tamb\u00e9m o SE Not\u00edcias no<\/span><\/strong><span class=\"apple-converted-space\"><b><span style=\"font-family: 'Georgia','serif'; color: #333333;\">\u00a0<\/span><\/b><\/span><strong><span style=\"font-family: 'Georgia','serif'; color: #333333;\"><a href=\"https:\/\/twitter.com\/Senoticias\">Twitter<\/a>,<\/span><\/strong><span class=\"apple-converted-space\"><b><span style=\"font-family: 'Georgia','serif'; color: #333333;\">\u00a0<\/span><\/b><\/span><strong><span style=\"font-family: 'Georgia','serif'; color: #333333;\"><a href=\"https:\/\/www.facebook.com\/senoticias1\">Facebook<\/a><\/span><\/strong><span class=\"apple-converted-space\"><b><span style=\"font-family: 'Georgia','serif'; color: #333333;\">\u00a0<\/span><\/b><\/span><strong><span style=\"font-family: 'Georgia','serif'; color: #333333;\">e no<\/span><\/strong><a href=\"https:\/\/www.instagram.com\/senoticias\/\"><span class=\"apple-converted-space\"><b><span style=\"font-family: 'Georgia','serif';\">\u00a0<\/span><\/b><\/span><b><span style=\"font-family: 'Georgia','serif';\">Instagram.<\/span><\/b><\/a><\/p>\n<p style=\"text-align: justify; line-height: 18.0pt;\"><span style=\"font-family: 'Georgia','serif'; color: #333333;\">\u00a0<a href=\"http:\/\/senoticias.com.br\/se\/wp-content\/uploads\/2016\/09\/Logo-fone-1.jpg\"><img loading=\"lazy\" decoding=\"async\" class=\"aligncenter size-full wp-image-95901\" src=\"http:\/\/senoticias.com.br\/se\/wp-content\/uploads\/2016\/09\/Logo-fone-1.jpg\" alt=\"Logo-fone-1\" width=\"599\" height=\"78\" srcset=\"https:\/\/senoticias.com.br\/se\/wp-content\/uploads\/2016\/09\/Logo-fone-1.jpg 599w, https:\/\/senoticias.com.br\/se\/wp-content\/uploads\/2016\/09\/Logo-fone-1-300x39.jpg 300w\" sizes=\"(max-width: 599px) 100vw, 599px\" \/><\/a><\/span><\/p>\n<p style=\"text-align: justify; line-height: 18.0pt;\"><em><span style=\"font-family: 'Georgia','serif'; color: #333333;\">Com informa\u00e7\u00f5es do Portal <a href=\"http:\/\/www.brasil247.com\/pt\/247\/sergipe247\/254336\/Jo%C3%A3o-Alves-%C3%A9-condenado-a-devolver-mais-de-R$-7-milh%C3%B5es-aos-cofres-p%C3%BAblicos.htm\">247<\/a> Sergipe<\/span><\/em><\/p>\n","protected":false},"excerpt":{"rendered":"<p>Via Brasil 247* Jo\u00e3o Alves Filho e Fl\u00e1vio Concei\u00e7\u00e3o, foram condenados pelo Tribunal de Justi\u00e7a de Sergipe a devolver aos cofres p\u00fablicos estaduais mais de R$ 7 milh\u00f5es. O TJ\/SE divulgou nesta sexta-feira (9) que o juiz Isaac Costa Soares de Lima condenou o prefeito de Aracaju e o ex-secret\u00e1rio de estado da Casa Civil, [&hellip;]<\/p>\n","protected":false},"author":5618,"featured_media":81206,"comment_status":"closed","ping_status":"closed","sticky":false,"template":"","format":"standard","meta":{"footnotes":""},"categories":[15,6],"tags":[],"class_list":{"0":"post-96055","1":"post","2":"type-post","3":"status-publish","4":"format-standard","5":"has-post-thumbnail","7":"category-destaques","8":"category-politica"},"_links":{"self":[{"href":"https:\/\/senoticias.com.br\/se\/wp-json\/wp\/v2\/posts\/96055"}],"collection":[{"href":"https:\/\/senoticias.com.br\/se\/wp-json\/wp\/v2\/posts"}],"about":[{"href":"https:\/\/senoticias.com.br\/se\/wp-json\/wp\/v2\/types\/post"}],"author":[{"embeddable":true,"href":"https:\/\/senoticias.com.br\/se\/wp-json\/wp\/v2\/users\/5618"}],"replies":[{"embeddable":true,"href":"https:\/\/senoticias.com.br\/se\/wp-json\/wp\/v2\/comments?post=96055"}],"version-history":[{"count":0,"href":"https:\/\/senoticias.com.br\/se\/wp-json\/wp\/v2\/posts\/96055\/revisions"}],"wp:featuredmedia":[{"embeddable":true,"href":"https:\/\/senoticias.com.br\/se\/wp-json\/wp\/v2\/media\/81206"}],"wp:attachment":[{"href":"https:\/\/senoticias.com.br\/se\/wp-json\/wp\/v2\/media?parent=96055"}],"wp:term":[{"taxonomy":"category","embeddable":true,"href":"https:\/\/senoticias.com.br\/se\/wp-json\/wp\/v2\/categories?post=96055"},{"taxonomy":"post_tag","embeddable":true,"href":"https:\/\/senoticias.com.br\/se\/wp-json\/wp\/v2\/tags?post=96055"}],"curies":[{"name":"wp","href":"https:\/\/api.w.org\/{rel}","templated":true}]}}