{"id":96045,"date":"2016-09-09T10:30:14","date_gmt":"2016-09-09T13:30:14","guid":{"rendered":"http:\/\/senoticias.com.br\/se\/?p=96045"},"modified":"2016-09-12T06:43:12","modified_gmt":"2016-09-12T09:43:12","slug":"acesso-ao-conjunto-sol-nascente-pela-avenida-rio-de-janeiro-sera-interditado-neste-sabado","status":"publish","type":"post","link":"https:\/\/senoticias.com.br\/se\/acesso-ao-conjunto-sol-nascente-pela-avenida-rio-de-janeiro-sera-interditado-neste-sabado\/","title":{"rendered":"Acesso ao Conjunto Sol Nascente pela Avenida Rio de Janeiro ser\u00e1 interditado neste s\u00e1bado"},"content":{"rendered":"<p style=\"text-align: justify;\">O Departamento Estadual de Infraestrutura Rodovi\u00e1ria de Sergipe (DER\/SE), informa que em fun\u00e7\u00e3o do lan\u00e7amento e instala\u00e7\u00e3o de oito vigas de concreto, o tr\u00e2nsito de ve\u00edculos nas avenidas Augusto Franco, no bairro Ponto Novo e Gasoduto e demais acessos dos conjuntos habitacionais Sol Nascentes, JK e Santa L\u00facia ser\u00e1 totalmente interditado, neste s\u00e1bado (10), das 7h \u00e1s 17h.<\/p>\n<div id=\"attachment_96046\" style=\"width: 610px\" class=\"wp-caption aligncenter\"><img loading=\"lazy\" decoding=\"async\" aria-describedby=\"caption-attachment-96046\" class=\"size-full wp-image-96046\" src=\"http:\/\/senoticias.com.br\/se\/wp-content\/uploads\/2016\/09\/Detran-SE-Noticias.png\" alt=\"Interdi\u00e7\u00e3o acontece por conta das Obras da Interliga\u00e7\u00e3o das Avenidas Rio de Janeiro e Gasoduto. (Foto: Jorge reis\/Seinfra) \" width=\"600\" height=\"405\" srcset=\"https:\/\/senoticias.com.br\/se\/wp-content\/uploads\/2016\/09\/Detran-SE-Noticias.png 600w, https:\/\/senoticias.com.br\/se\/wp-content\/uploads\/2016\/09\/Detran-SE-Noticias-300x202.png 300w, https:\/\/senoticias.com.br\/se\/wp-content\/uploads\/2016\/09\/Detran-SE-Noticias-768x518.png 768w, https:\/\/senoticias.com.br\/se\/wp-content\/uploads\/2016\/09\/Detran-SE-Noticias-90x60.png 90w, https:\/\/senoticias.com.br\/se\/wp-content\/uploads\/2016\/09\/Detran-SE-Noticias-95x64.png 95w\" sizes=\"(max-width: 600px) 100vw, 600px\" \/><p id=\"caption-attachment-96046\" class=\"wp-caption-text\">Interdi\u00e7\u00e3o acontece por conta das Obras da Interliga\u00e7\u00e3o das Avenidas Rio de Janeiro e Gasoduto. (Foto: Jorge reis\/Seinfra)<\/p><\/div>\n<p style=\"text-align: justify;\">A estrutura contem 30 toneladas cada uma e cerca de 29 metros de extens\u00e3o, ser\u00e1 erguida pr\u00f3ximo ao viaduto Manoel Celestino Chagas (viaduto do Detran) e se dar\u00e1 em tr\u00eas momentos: O primeiro no pr\u00f3ximo dia 10, o segundo dia 24 respectivamente e o \u00faltimo dia 8 de outubro.<\/p>\n<p style=\"text-align: justify;\">Para garantir a seguran\u00e7a dos motoristas e trabalhadores envolvidos na instala\u00e7\u00e3o das longarinas, o diretor-presidente do DER\/SE, Ant\u00f4nio Vasconcelos explicou que o tr\u00e1fego de ve\u00edculos ser\u00e1 interrompido nesse ponto em ambos sentidos de fluxo.<\/p>\n<p style=\"text-align: justify;\">Ele disse ainda, que o tr\u00e2nsito ser\u00e1 liberado ap\u00f3s as atividades serem finalizadas. Em caso de mau tempo, o trabalho ser\u00e1 cancelado e reagendado para outra data.<\/p>\n<p style=\"text-align: justify;\">As obras fazem parte da duplica\u00e7\u00e3o da via e restaura\u00e7\u00e3o da obra de artes especiais das avenidas Tancredo Neves sobre avenida Augusto Franco no bairro Ponto Novo.<\/p>\n<p style=\"text-align: justify;\">A medida segundo o Diretor Presidente do (DER), engenheiro Ant\u00f4nio Vasconcelos visa \u00e0 instala\u00e7\u00e3o da superestrutura do tipo tabuleiro com oito vigas, sendo que cada uma contem 30 toneladas e cerca de 29 metros de extens\u00e3o.<\/p>\n<p style=\"text-align: justify;\"><img loading=\"lazy\" decoding=\"async\" class=\"aligncenter size-full wp-image-95901\" src=\"http:\/\/senoticias.com.br\/se\/wp-content\/uploads\/2016\/09\/Logo-fone-1.jpg\" alt=\"Logo-fone-1\" width=\"599\" height=\"78\" srcset=\"https:\/\/senoticias.com.br\/se\/wp-content\/uploads\/2016\/09\/Logo-fone-1.jpg 599w, https:\/\/senoticias.com.br\/se\/wp-content\/uploads\/2016\/09\/Logo-fone-1-300x39.jpg 300w\" sizes=\"(max-width: 599px) 100vw, 599px\" \/><\/p>\n<p style=\"text-align: justify;\"><em><strong>Acompanhe tamb\u00e9m o SE Not\u00edcias no<\/strong><strong>\u00a0<\/strong><strong><a href=\"https:\/\/twitter.com\/Senoticias\">Twitter<\/a>,<\/strong><strong>\u00a0<\/strong><strong><a href=\"https:\/\/www.facebook.com\/senoticias1\">Facebook\u00a0<\/a>e no<\/strong><strong>\u00a0<\/strong><strong><a href=\"https:\/\/www.instagram.com\/senoticias\/\">Instagram<\/a><\/strong><\/em><\/p>\n<p style=\"text-align: justify;\"><em>Com informa\u00e7\u00f5es do A8SE<\/em><\/p>\n","protected":false},"excerpt":{"rendered":"<p>O Departamento Estadual de Infraestrutura Rodovi\u00e1ria de Sergipe (DER\/SE), informa que em fun\u00e7\u00e3o do lan\u00e7amento e instala\u00e7\u00e3o de oito vigas de concreto, o tr\u00e2nsito de ve\u00edculos nas avenidas Augusto Franco, no bairro Ponto Novo e Gasoduto e demais acessos dos conjuntos habitacionais Sol Nascentes, JK e Santa L\u00facia ser\u00e1 totalmente interditado, neste s\u00e1bado (10), das [&hellip;]<\/p>\n","protected":false},"author":2,"featured_media":96046,"comment_status":"closed","ping_status":"closed","sticky":false,"template":"","format":"standard","meta":{"footnotes":""},"categories":[6],"tags":[],"class_list":{"0":"post-96045","1":"post","2":"type-post","3":"status-publish","4":"format-standard","5":"has-post-thumbnail","7":"category-politica"},"_links":{"self":[{"href":"https:\/\/senoticias.com.br\/se\/wp-json\/wp\/v2\/posts\/96045"}],"collection":[{"href":"https:\/\/senoticias.com.br\/se\/wp-json\/wp\/v2\/posts"}],"about":[{"href":"https:\/\/senoticias.com.br\/se\/wp-json\/wp\/v2\/types\/post"}],"author":[{"embeddable":true,"href":"https:\/\/senoticias.com.br\/se\/wp-json\/wp\/v2\/users\/2"}],"replies":[{"embeddable":true,"href":"https:\/\/senoticias.com.br\/se\/wp-json\/wp\/v2\/comments?post=96045"}],"version-history":[{"count":0,"href":"https:\/\/senoticias.com.br\/se\/wp-json\/wp\/v2\/posts\/96045\/revisions"}],"wp:featuredmedia":[{"embeddable":true,"href":"https:\/\/senoticias.com.br\/se\/wp-json\/wp\/v2\/media\/96046"}],"wp:attachment":[{"href":"https:\/\/senoticias.com.br\/se\/wp-json\/wp\/v2\/media?parent=96045"}],"wp:term":[{"taxonomy":"category","embeddable":true,"href":"https:\/\/senoticias.com.br\/se\/wp-json\/wp\/v2\/categories?post=96045"},{"taxonomy":"post_tag","embeddable":true,"href":"https:\/\/senoticias.com.br\/se\/wp-json\/wp\/v2\/tags?post=96045"}],"curies":[{"name":"wp","href":"https:\/\/api.w.org\/{rel}","templated":true}]}}