{"id":96044,"date":"2016-09-09T10:12:43","date_gmt":"2016-09-09T13:12:43","guid":{"rendered":"http:\/\/senoticias.com.br\/se\/?p=96044"},"modified":"2016-09-09T10:12:43","modified_gmt":"2016-09-09T13:12:43","slug":"prorrogado-o-inquerito-que-investiga-lider-do-governo-por-tentativa-de-homicidio","status":"publish","type":"post","link":"https:\/\/senoticias.com.br\/se\/prorrogado-o-inquerito-que-investiga-lider-do-governo-por-tentativa-de-homicidio\/","title":{"rendered":"Prorrogado o inqu\u00e9rito que investiga l\u00edder do governo por tentativa de homic\u00eddio"},"content":{"rendered":"<p style=\"text-align: justify;\">O jornalista <a href=\"http:\/\/blogs.oglobo.globo.com\/lauro-jardim\/post\/prorrogado-o-inquerito-que-investiga-lider-do-governo-por-tentativa-de-homicidio.html\" target=\"_blank\">Lauro Jardim, do Globo<\/a>, informa nesta sexta-feira, 9, em seu blog, que a Pol\u00edcia Federal prorrogou inqu\u00e9rito que investiga o deputado sergipano Andr\u00e9 Moura (PSC) por tentativa de homic\u00eddio.<\/p>\n<div id=\"attachment_91410\" style=\"width: 609px\" class=\"wp-caption aligncenter\"><img loading=\"lazy\" decoding=\"async\" aria-describedby=\"caption-attachment-91410\" class=\"size-full wp-image-91410\" src=\"http:\/\/senoticias.com.br\/se\/wp-content\/uploads\/2016\/05\/Desembargadores-mant\u00eam-condena\u00e7\u00e3o-do-Deputado-Andr\u00e9-Moura.jpg\" alt=\"Prorrogado o inqu\u00e9rito que investiga l\u00edder do governo por tentativa de homic\u00eddio. (Foto: Reprodu\u00e7\u00e3o\/Net)\" width=\"599\" height=\"384\" srcset=\"https:\/\/senoticias.com.br\/se\/wp-content\/uploads\/2016\/05\/Desembargadores-mant\u00eam-condena\u00e7\u00e3o-do-Deputado-Andr\u00e9-Moura.jpg 599w, https:\/\/senoticias.com.br\/se\/wp-content\/uploads\/2016\/05\/Desembargadores-mant\u00eam-condena\u00e7\u00e3o-do-Deputado-Andr\u00e9-Moura-300x192.jpg 300w, https:\/\/senoticias.com.br\/se\/wp-content\/uploads\/2016\/05\/Desembargadores-mant\u00eam-condena\u00e7\u00e3o-do-Deputado-Andr\u00e9-Moura-342x219.jpg 342w\" sizes=\"(max-width: 599px) 100vw, 599px\" \/><p id=\"caption-attachment-91410\" class=\"wp-caption-text\">Prorrogado o inqu\u00e9rito que investiga l\u00edder do governo por tentativa de homic\u00eddio. (Foto: Reprodu\u00e7\u00e3o\/Net)<\/p><\/div>\n<p style=\"text-align: justify;\">Gilmar Mendes acatou o pedido da Pol\u00edcia Federal e prorrogou por mais tr\u00eas meses o inqu\u00e9rito que investiga <strong>Andr\u00e9 Moura,<\/strong> l\u00edder do governo, por tentativa de homic\u00eddio.<\/p>\n<p style=\"text-align: justify;\"><img loading=\"lazy\" decoding=\"async\" class=\"aligncenter size-full wp-image-95901\" src=\"http:\/\/senoticias.com.br\/se\/wp-content\/uploads\/2016\/09\/Logo-fone-1.jpg\" alt=\"Logo-fone-1\" width=\"599\" height=\"78\" srcset=\"https:\/\/senoticias.com.br\/se\/wp-content\/uploads\/2016\/09\/Logo-fone-1.jpg 599w, https:\/\/senoticias.com.br\/se\/wp-content\/uploads\/2016\/09\/Logo-fone-1-300x39.jpg 300w\" sizes=\"(max-width: 599px) 100vw, 599px\" \/><\/p>\n<p style=\"text-align: justify;\"><em><strong>Acompanhe tamb\u00e9m o SE Not\u00edcias no<\/strong><strong>\u00a0<\/strong><strong><a href=\"https:\/\/twitter.com\/Senoticias\">Twitter<\/a>,<\/strong><strong>\u00a0<\/strong><strong><a href=\"https:\/\/www.facebook.com\/senoticias1\">Facebook\u00a0<\/a>e no<\/strong><strong>\u00a0<\/strong><strong><a href=\"https:\/\/www.instagram.com\/senoticias\/\">Instagram<\/a><\/strong><\/em><\/p>\n<p style=\"text-align: justify;\"><em>Com informa\u00e7\u00f5es do jornalista Gilmar Carvalho<\/em><\/p>\n","protected":false},"excerpt":{"rendered":"<p>O jornalista Lauro Jardim, do Globo, informa nesta sexta-feira, 9, em seu blog, que a Pol\u00edcia Federal prorrogou inqu\u00e9rito que investiga o deputado sergipano Andr\u00e9 Moura (PSC) por tentativa de homic\u00eddio. Gilmar Mendes acatou o pedido da Pol\u00edcia Federal e prorrogou por mais tr\u00eas meses o inqu\u00e9rito que investiga Andr\u00e9 Moura, l\u00edder do governo, por [&hellip;]<\/p>\n","protected":false},"author":2,"featured_media":84679,"comment_status":"closed","ping_status":"closed","sticky":false,"template":"","format":"standard","meta":{"footnotes":""},"categories":[6],"tags":[],"class_list":{"0":"post-96044","1":"post","2":"type-post","3":"status-publish","4":"format-standard","5":"has-post-thumbnail","7":"category-politica"},"_links":{"self":[{"href":"https:\/\/senoticias.com.br\/se\/wp-json\/wp\/v2\/posts\/96044"}],"collection":[{"href":"https:\/\/senoticias.com.br\/se\/wp-json\/wp\/v2\/posts"}],"about":[{"href":"https:\/\/senoticias.com.br\/se\/wp-json\/wp\/v2\/types\/post"}],"author":[{"embeddable":true,"href":"https:\/\/senoticias.com.br\/se\/wp-json\/wp\/v2\/users\/2"}],"replies":[{"embeddable":true,"href":"https:\/\/senoticias.com.br\/se\/wp-json\/wp\/v2\/comments?post=96044"}],"version-history":[{"count":0,"href":"https:\/\/senoticias.com.br\/se\/wp-json\/wp\/v2\/posts\/96044\/revisions"}],"wp:featuredmedia":[{"embeddable":true,"href":"https:\/\/senoticias.com.br\/se\/wp-json\/wp\/v2\/media\/84679"}],"wp:attachment":[{"href":"https:\/\/senoticias.com.br\/se\/wp-json\/wp\/v2\/media?parent=96044"}],"wp:term":[{"taxonomy":"category","embeddable":true,"href":"https:\/\/senoticias.com.br\/se\/wp-json\/wp\/v2\/categories?post=96044"},{"taxonomy":"post_tag","embeddable":true,"href":"https:\/\/senoticias.com.br\/se\/wp-json\/wp\/v2\/tags?post=96044"}],"curies":[{"name":"wp","href":"https:\/\/api.w.org\/{rel}","templated":true}]}}