{"id":96041,"date":"2016-09-09T09:24:31","date_gmt":"2016-09-09T12:24:31","guid":{"rendered":"http:\/\/senoticias.com.br\/se\/?p=96041"},"modified":"2016-09-09T09:33:06","modified_gmt":"2016-09-09T12:33:06","slug":"michel-temer-quer-formalizar-jornada-diaria-de-ate-12h-com-limite-de-48h-semanais","status":"publish","type":"post","link":"https:\/\/senoticias.com.br\/se\/michel-temer-quer-formalizar-jornada-diaria-de-ate-12h-com-limite-de-48h-semanais\/","title":{"rendered":"Michel Temer quer formalizar jornada di\u00e1ria de at\u00e9 12h com limite de 48h semanais"},"content":{"rendered":"<p style=\"text-align: justify;\"><em>Alexandro Martello, d<span class=\"adr\"><span class=\"locality\">o <a href=\"http:\/\/g1.globo.com\/economia\/noticia\/2016\/09\/reforma-trabalhista-preve-contrato-por-hora-trabalhada-diz-ministro.html\">G1<\/a>, em Bras\u00edlia<\/span><\/span><\/em><\/p>\n<p style=\"text-align: justify;\">O ministro do Trabalho, Ronaldo Nogueira, afirmou nesta quinta-feira (8), durante encontro com sindicalistas em Bras\u00edlia, que a proposta de reforma trabalhista que ser\u00e1 encaminhada pelo governo Michel Temer ao Congresso Nacional at\u00e9 o fim deste ano vai oficializar a carga hor\u00e1ria di\u00e1ria de at\u00e9 12 horas, desde que o trabalhador n\u00e3o exceda o limite de 48 horas semanais.<\/p>\n<div id=\"attachment_96043\" style=\"width: 610px\" class=\"wp-caption aligncenter\"><img loading=\"lazy\" decoding=\"async\" aria-describedby=\"caption-attachment-96043\" class=\"size-full wp-image-96043\" src=\"http:\/\/senoticias.com.br\/se\/wp-content\/uploads\/2016\/09\/MIchel-Temer-SE-Noticias.jpg\" alt=\"Presidente interino, Michel Temer, durante pronunciamento a imprensa. (Foto Lula Marques\/Ag\u00eancia PT dd dia a dia)\" width=\"600\" height=\"366\" srcset=\"https:\/\/senoticias.com.br\/se\/wp-content\/uploads\/2016\/09\/MIchel-Temer-SE-Noticias.jpg 600w, https:\/\/senoticias.com.br\/se\/wp-content\/uploads\/2016\/09\/MIchel-Temer-SE-Noticias-300x183.jpg 300w\" sizes=\"(max-width: 600px) 100vw, 600px\" \/><p id=\"caption-attachment-96043\" class=\"wp-caption-text\">Presidente interino, Michel Temer, durante pronunciamento a imprensa. (Foto Lula Marques\/Ag\u00eancia PT dd dia a dia)<\/p><\/div>\n<p style=\"text-align: justify;\">A mudan\u00e7a nas regras trabalhistas elaborada pelo governo Temer, informou o ministro, manter\u00e1 a jornada de trabalho de 44 horas semanais, mas ir\u00e1 prever a possibilidade de quatro horas extras, chegando, portanto, a 48 horas na semana.<\/p>\n<p style=\"text-align: justify;\">Nogueira revelou ainda que o projeto contemplar\u00e1 a possibilidade de contrato de trabalho por horas trabalhadas e por produtividade.<\/p>\n<p style=\"text-align: justify;\">Ainda de acordo com o titular do Trabalho, a proposta deve prever que trabalhadores e empregadores possam negociar, em conven\u00e7\u00e3o coletiva, como essa jornada semanal ser\u00e1 feita. Com isso, o governo esperar conferir seguran\u00e7a jur\u00eddica para esses acordos.<\/p>\n<p>&#8220;N\u00f3s vamos ter dois outros tipos de contrato. Por jornada [modelo atual], por hora trabalhada e por produtividade&#8221;, disse Ronaldo Nogueira durante a reuni\u00e3o da executiva nacional da Central dos Sindicatos Brasileiros, em Bras\u00edlia.<\/p>\n<p>O ministro destacou que, no caso do contrato por horas trabalhadas, haver\u00e1 pagamento proporcional do Fundo de Garantia por Tempo de Servi\u00e7o (FGTS), f\u00e9rias e d\u00e9cimo terceiro sal\u00e1rio.<\/p>\n<p style=\"text-align: justify;\">Para justificar as propostas, ele apontou que h\u00e1 pessoas que n\u00e3o conseguem trabalhar oito horas por dia, ou seja, no formato atual. &#8220;Por que o Estado vai por um jugo em todo cidad\u00e3o brasileiro, que todos t\u00eam de ter um \u00fanico regime? Tem de ser formalizado para fornecer atividade com garantias de ocupa\u00e7\u00e3o com renda e que seja feliz. De repente a minha felicidade n\u00e3o \u00e9 a felicidade do outro&#8221;, enfatizou.<\/p>\n<p style=\"text-align: justify;\">Nogueira afirmou que o Minist\u00e9rio do Trabalho vai fornecer o modelo do contrato no regime por hora tabalhada. &#8220;Com esse modelo, vamos tirar o intermedi\u00e1rio da rela\u00e7\u00e3o do contrato de trabalho. Vamos conseguir estabelecer um modelo onde traga seguran\u00e7a jur\u00eddica para o tomador direto com o cidad\u00e3o&#8221;, acrescentou.<\/p>\n<p style=\"text-align: justify;\">O contrato por produtividade, informou o ministro, poder\u00e1 valer, por exemplo, para m\u00e9dicos, que seriam pagos por &#8220;procedimentos&#8221;.<\/p>\n<p style=\"text-align: justify;\">&#8220;N\u00e3o vai tirar direitos. Voc\u00ea acredita que um m\u00e9dico, que tem um contrato com um hospital, de uma jornada di\u00e1ria de oito horas, ele trabalha essas oito horas em um \u00fanico hospital?&#8221;, questionou.<\/p>\n<p style=\"text-align: justify;\">Ronaldo Nogueira voltou a dizer que n\u00e3o h\u00e1 &#8220;nenhuma hip\u00f3tese&#8221; de o governo propor mudan\u00e7as no FGTS, no pagamento do d\u00e9cimo terceiro e nas f\u00e9rias.<\/p>\n<p style=\"text-align: justify;\"><strong>12 horas de trabalho por dia<br \/>\n<\/strong><br \/>\nO ministro do Trabalho informou que a proposta de reforma trabalhista dar\u00e1 \u00e0 conven\u00e7\u00e3o coletiva poder para tratar a forma como a jornada semanal de 44 horas ser\u00e1 cumprida.<\/p>\n<p style=\"text-align: justify;\">Ele destacou ainda que o projeto que ser\u00e1 encaminhado ao Congresso vai regulamentar a jornada exercida atualmente por algumas categorias profissionais, que preferem trabalhar 12 horas seguidas para descansar 36 horas.<\/p>\n<p style=\"text-align: justify;\">&#8220;Tem trabalhador que prefere trabalhar um tempo a mais, uns minutos a mais diariamente, e folgar no s\u00e1bado. [&#8230;] O freio ser\u00e1 de 12 horas [de trabalho por dia], inclusive, com horas extras. N\u00e3o estou falando de aumentar a jornada di\u00e1ria para 12 horas. A conven\u00e7\u00e3o coletiva vai tratar como as 44 horas semanais ser\u00e3o feitas\u201d, explicou Nogueira.<\/p>\n<p style=\"text-align: justify;\">Para o ministro, se um acordo coletivo autorizar a pessoa a trabalhar um pouco mais nos cinco dias da semana, de modo a n\u00e3o ter que completar a jornada nos s\u00e1bados, uma decis\u00e3o de um juiz trabalhista, com as leis atuais, pode tornar &#8220;sem efeito&#8221; esse acordo coletivo.<\/p>\n<p style=\"text-align: justify;\">&#8220;Essa cl\u00e1usula acordada n\u00e3o poder\u00e1 depois ser tornada nula por uma decis\u00e3o do juiz&#8221;, observou o ministro do Trabalho.<\/p>\n<p style=\"text-align: justify;\">Segundo ele, o governo vai &#8220;colocar freios sobre a jornada e sobre o limite do intervalo&#8221;. &#8220;Vai ter uma janela flex\u00edvel com freio para o m\u00ednimo e para o m\u00e1ximo. \u00c9 nesses pontos que a conven\u00e7\u00e3o coletiva vai ter for\u00e7a de lei. Horas extras ser\u00e3o sobre a jornada semanal.&#8221;<\/p>\n<p style=\"text-align: justify;\"><strong>Seguran\u00e7a jur\u00eddica<br \/>\n<\/strong><br \/>\nOutro eixo da reforma trabalhista, que ser\u00e1 proposta pelo governo, \u00e9 a seguran\u00e7a jur\u00eddica, afirmou o ministro.<\/p>\n<p style=\"text-align: justify;\">&#8220;Quando falo em seguran\u00e7a jur\u00eddica, a tese do acordado sobre o legislado n\u00e3o prospera. Se for estabelecer o acordado sobre o legislado de uma forma ampla, trar\u00e1 inseguran\u00e7a jur\u00eddica porque os ju\u00edzes s\u00e3o legalistas. Ele julga por aquilo que est\u00e1 expl\u00edcito na lei. Temos a CLT, a Constitui\u00e7\u00e3o, normas, portarias, s\u00famulas&#8221;, declarou.<\/p>\n<p style=\"text-align: justify;\">Ronaldo Nogueira disse que, quando o governo diz que quer prestigiar a negocia\u00e7\u00e3o coletiva, o objetivo \u00e9 dar uma legitimidade para a representa\u00e7\u00e3o sindical.<\/p>\n<p style=\"text-align: justify;\">&#8220;Acordo n\u00e3o pode ser individual. Tem de ter o referendo da categoria. Em que pontos a negocia\u00e7\u00e3o coletiva vai ter for\u00e7a de lei? Para tratar sobre a jornada de trabalho. N\u00e3o para reduzir jornada ou aumentar&#8221;, acrescentou ele.<\/p>\n<p style=\"text-align: justify;\"><img loading=\"lazy\" decoding=\"async\" class=\"aligncenter size-full wp-image-95901\" src=\"http:\/\/senoticias.com.br\/se\/wp-content\/uploads\/2016\/09\/Logo-fone-1.jpg\" alt=\"Logo-fone-1\" width=\"599\" height=\"78\" srcset=\"https:\/\/senoticias.com.br\/se\/wp-content\/uploads\/2016\/09\/Logo-fone-1.jpg 599w, https:\/\/senoticias.com.br\/se\/wp-content\/uploads\/2016\/09\/Logo-fone-1-300x39.jpg 300w\" sizes=\"(max-width: 599px) 100vw, 599px\" \/><\/p>\n<p style=\"text-align: justify;\"><em><strong>Acompanhe tamb\u00e9m o SE Not\u00edcias no<\/strong><strong>\u00a0<\/strong><strong><a href=\"https:\/\/twitter.com\/Senoticias\">Twitter<\/a>,<\/strong><strong>\u00a0<\/strong><strong><a href=\"https:\/\/www.facebook.com\/senoticias1\">Facebook\u00a0<\/a>e no<\/strong><strong>\u00a0<\/strong><strong><a href=\"https:\/\/www.instagram.com\/senoticias\/\">Instagram<\/a><\/strong><\/em><\/p>\n<p style=\"text-align: justify;\">\n","protected":false},"excerpt":{"rendered":"<p>Alexandro Martello, do G1, em Bras\u00edlia O ministro do Trabalho, Ronaldo Nogueira, afirmou nesta quinta-feira (8), durante encontro com sindicalistas em Bras\u00edlia, que a proposta de reforma trabalhista que ser\u00e1 encaminhada pelo governo Michel Temer ao Congresso Nacional at\u00e9 o fim deste ano vai oficializar a carga hor\u00e1ria di\u00e1ria de at\u00e9 12 horas, desde que [&hellip;]<\/p>\n","protected":false},"author":2,"featured_media":0,"comment_status":"closed","ping_status":"closed","sticky":false,"template":"","format":"standard","meta":{"footnotes":""},"categories":[15,6,1],"tags":[],"class_list":{"0":"post-96041","1":"post","2":"type-post","3":"status-publish","4":"format-standard","6":"category-destaques","7":"category-politica","8":"category-sem-categoria"},"_links":{"self":[{"href":"https:\/\/senoticias.com.br\/se\/wp-json\/wp\/v2\/posts\/96041"}],"collection":[{"href":"https:\/\/senoticias.com.br\/se\/wp-json\/wp\/v2\/posts"}],"about":[{"href":"https:\/\/senoticias.com.br\/se\/wp-json\/wp\/v2\/types\/post"}],"author":[{"embeddable":true,"href":"https:\/\/senoticias.com.br\/se\/wp-json\/wp\/v2\/users\/2"}],"replies":[{"embeddable":true,"href":"https:\/\/senoticias.com.br\/se\/wp-json\/wp\/v2\/comments?post=96041"}],"version-history":[{"count":0,"href":"https:\/\/senoticias.com.br\/se\/wp-json\/wp\/v2\/posts\/96041\/revisions"}],"wp:attachment":[{"href":"https:\/\/senoticias.com.br\/se\/wp-json\/wp\/v2\/media?parent=96041"}],"wp:term":[{"taxonomy":"category","embeddable":true,"href":"https:\/\/senoticias.com.br\/se\/wp-json\/wp\/v2\/categories?post=96041"},{"taxonomy":"post_tag","embeddable":true,"href":"https:\/\/senoticias.com.br\/se\/wp-json\/wp\/v2\/tags?post=96041"}],"curies":[{"name":"wp","href":"https:\/\/api.w.org\/{rel}","templated":true}]}}