{"id":96037,"date":"2016-09-08T17:07:58","date_gmt":"2016-09-08T20:07:58","guid":{"rendered":"http:\/\/senoticias.com.br\/se\/?p=96037"},"modified":"2016-09-08T17:07:58","modified_gmt":"2016-09-08T20:07:58","slug":"xotebaiao-e-maysa-reis-participam-do-4o-ipaese-fest","status":"publish","type":"post","link":"https:\/\/senoticias.com.br\/se\/xotebaiao-e-maysa-reis-participam-do-4o-ipaese-fest\/","title":{"rendered":"Xotebai\u00e3o e Maysa Reis participam do 4\u00ba Ipaese Fest"},"content":{"rendered":"<p style=\"text-align: justify;\">No pr\u00f3ximo s\u00e1bado, 10 de setembro, ser\u00e1 realizado o 4\u00ba Ipaese Fest. O evento beneficente, que acontece no Sub\u00farbia, \u00e0s 22h, ser\u00e1 palco de apresenta\u00e7\u00f5es das bandas Xotebai\u00e3o, Trem Baum e Paradigame, al\u00e9m de contar com participa\u00e7\u00f5es especiais das cantoras Maysa Reis e Jaysa Costa. A festa tem como objetivo arrecadar fundos para o Instituto Pedag\u00f3gico de Apoio \u00e0 Educa\u00e7\u00e3o do Surdo de Sergipe (Ipaese).<\/p>\n<div id=\"attachment_96038\" style=\"width: 701px\" class=\"wp-caption aligncenter\"><img loading=\"lazy\" decoding=\"async\" aria-describedby=\"caption-attachment-96038\" class=\"size-full wp-image-96038\" src=\"http:\/\/senoticias.com.br\/se\/wp-content\/uploads\/2016\/09\/Xote-e-baiaono-suburbia-SE-Noticias-e1473365164328.jpg\" alt=\"Evento acontece neste s\u00e1bado no Sub\u00farbia e visa arrecadar fundos para a 1\u00aa escola especializada no ensino bil\u00edngue em Sergipe  \" width=\"691\" height=\"691\" \/><p id=\"caption-attachment-96038\" class=\"wp-caption-text\">Evento acontece neste s\u00e1bado no Sub\u00farbia e visa arrecadar fundos para a 1\u00aa escola especializada no ensino bil\u00edngue em Sergipe<\/p><\/div>\n<p>&nbsp;<\/p>\n<p style=\"text-align: justify;\">Somado \u00e0 import\u00e2ncia de ser um show beneficente, a noite agradar\u00e1 aos mais variados gostos, desde os forrozeiros, aos amantes do pop rock e do sertanejo. Os ingressos custam R$ 30 e est\u00e3o \u00e0 venda nas Livrarias Escariz, Academias Paulo Bedeu, Sorveteria Il Sordo e Ipaese.<\/p>\n<p style=\"text-align: justify;\">\n<p style=\"text-align: justify;\"><strong>A escola<\/strong><\/p>\n<p style=\"text-align: justify;\">O Ipaese foi a primeira escola especializada para surdos fundada em Sergipe. L\u00e1, crian\u00e7as e adolescentes surdos e com defici\u00eancia auditiva recebem ensino bil\u00edngue. A metodologia consiste no aprendizado da primeira l\u00edngua do estudante, a L\u00edngua Brasileira de Sinais (Libras), e depois, da L\u00edngua Portuguesa, atrav\u00e9s da escrita. Dessa forma, o Instituto desempenha a inclus\u00e3o social do surdo, conscientizando-o de que pode estar em todos os meios sociais, independentemente da sua necessidade especial.<\/p>\n<p>&nbsp;<\/p>\n<p style=\"text-align: justify;\">Desde 2000, a escola atende a alunos da capital e do interior. Atualmente, s\u00e3o mais de 100 alunos matriculados, da educa\u00e7\u00e3o infantil ao curso t\u00e9cnico em inform\u00e1tica integrado ao ensino m\u00e9dio. Um desses alunos \u00e9 Vitor Bezerra de Oliveira, 18, que estuda no Ipaese desde 2011. A m\u00e3e de Vitor, Luciana Celi Bezerra, pedagoga especializada em educa\u00e7\u00e3o inclusiva, decidiu que ele estudaria l\u00e1 por ser a \u00fanica escola com educa\u00e7\u00e3o inclusiva e bil\u00edngue do Estado. \u201cAs outras escolas, ainda que sejam obrigadas a aceitar o aluno surdo, n\u00e3o est\u00e3o devidamente preparadas e com professores qualificados para isso. No Ipaese meu filho tem aprendido de verdade e se sentido mais \u00e0 vontade. Pe\u00e7o que a sociedade abrace a causa e ajude o Ipaese, que t\u00eam lutado para manter suas portas abertas\u201d, ressalta Luciana.<\/p>\n<p>&nbsp;<\/p>\n<p><strong>Como Ajudar<\/strong><\/p>\n<p>&nbsp;<\/p>\n<p style=\"text-align: justify;\">Para que o Ipaese consiga de manter, \u00e9 necess\u00e1rio que a sociedade fa\u00e7a sua parte. Voc\u00ea pode participar desta causa adquirindo o ingresso para curtir o 4\u00ba Ipaese Fest, ou fazer um dep\u00f3sito de qualquer valor nas seguintes contas banc\u00e1rias:<\/p>\n<p><em>Banese &#8211; <\/em>Ag. 054 Op. 03 Conta Corrente: 100739-1<\/p>\n<p><em>Caixa Econ\u00f4mica Federal <\/em>Ag. 2175 Op. 03 Conta Corrente: 1121-8<\/p>\n<p>&nbsp;<\/p>\n<p>Para mais informa\u00e7\u00f5es, basta entrar em contato atrav\u00e9s do telefone (79) 3211-0938 ou do e-mail <a href=\"mailto:ipaese@ipaese.org.br\">ipaese@ipaese.org.br<\/a>.<\/p>\n<p>&nbsp;<\/p>\n<p><strong>Apoio<\/strong><\/p>\n<p>&nbsp;<\/p>\n<p style=\"text-align: justify;\">Para a realiza\u00e7\u00e3o do evento, o Ipaese conta com o apoio de institui\u00e7\u00f5es engajadas com a responsabilidade social, como Unicred, Instituto Banese, Villela Produ\u00e7\u00f5es, Superlux, Lojas Sulytex, Livrarias Escariz, Academia Paulo Bedeu, Sorveteria Il Sordo, Masterradius e Casa Digital.<\/p>\n<p style=\"text-align: justify;\"><em><strong>Acompanhe tamb\u00e9m o SE Not\u00edcias no<\/strong><strong>\u00a0<\/strong><strong><a href=\"https:\/\/twitter.com\/Senoticias\">Twitter<\/a>,<\/strong><strong>\u00a0<\/strong><strong><a href=\"https:\/\/www.facebook.com\/senoticias1\">Facebook\u00a0<\/a>e no<\/strong><strong>\u00a0<\/strong><strong><a href=\"https:\/\/www.instagram.com\/senoticias\/\">Instagram<\/a><\/strong><\/em><\/p>\n<p style=\"text-align: justify;\"><img loading=\"lazy\" decoding=\"async\" class=\"aligncenter size-full wp-image-95901\" src=\"http:\/\/senoticias.com.br\/se\/wp-content\/uploads\/2016\/09\/Logo-fone-1.jpg\" alt=\"Logo-fone-1\" width=\"599\" height=\"78\" srcset=\"https:\/\/senoticias.com.br\/se\/wp-content\/uploads\/2016\/09\/Logo-fone-1.jpg 599w, https:\/\/senoticias.com.br\/se\/wp-content\/uploads\/2016\/09\/Logo-fone-1-300x39.jpg 300w\" sizes=\"(max-width: 599px) 100vw, 599px\" \/><\/p>\n<p style=\"text-align: justify;\"><em>Assessoria de Comunica\u00e7\u00e3o<\/em><\/p>\n<p style=\"text-align: justify;\"><em>Instituto Pedag\u00f3gico de Apoio \u00e0 Educa\u00e7\u00e3o do Surdo de Sergipe &#8211; Ipaese<\/em><\/p>\n","protected":false},"excerpt":{"rendered":"<p>No pr\u00f3ximo s\u00e1bado, 10 de setembro, ser\u00e1 realizado o 4\u00ba Ipaese Fest. O evento beneficente, que acontece no Sub\u00farbia, \u00e0s 22h, ser\u00e1 palco de apresenta\u00e7\u00f5es das bandas Xotebai\u00e3o, Trem Baum e Paradigame, al\u00e9m de contar com participa\u00e7\u00f5es especiais das cantoras Maysa Reis e Jaysa Costa. A festa tem como objetivo arrecadar fundos para o Instituto [&hellip;]<\/p>\n","protected":false},"author":2,"featured_media":96038,"comment_status":"closed","ping_status":"closed","sticky":false,"template":"","format":"standard","meta":{"footnotes":""},"categories":[15,21],"tags":[],"class_list":{"0":"post-96037","1":"post","2":"type-post","3":"status-publish","4":"format-standard","5":"has-post-thumbnail","7":"category-destaques","8":"category-entretenimento"},"_links":{"self":[{"href":"https:\/\/senoticias.com.br\/se\/wp-json\/wp\/v2\/posts\/96037"}],"collection":[{"href":"https:\/\/senoticias.com.br\/se\/wp-json\/wp\/v2\/posts"}],"about":[{"href":"https:\/\/senoticias.com.br\/se\/wp-json\/wp\/v2\/types\/post"}],"author":[{"embeddable":true,"href":"https:\/\/senoticias.com.br\/se\/wp-json\/wp\/v2\/users\/2"}],"replies":[{"embeddable":true,"href":"https:\/\/senoticias.com.br\/se\/wp-json\/wp\/v2\/comments?post=96037"}],"version-history":[{"count":0,"href":"https:\/\/senoticias.com.br\/se\/wp-json\/wp\/v2\/posts\/96037\/revisions"}],"wp:featuredmedia":[{"embeddable":true,"href":"https:\/\/senoticias.com.br\/se\/wp-json\/wp\/v2\/media\/96038"}],"wp:attachment":[{"href":"https:\/\/senoticias.com.br\/se\/wp-json\/wp\/v2\/media?parent=96037"}],"wp:term":[{"taxonomy":"category","embeddable":true,"href":"https:\/\/senoticias.com.br\/se\/wp-json\/wp\/v2\/categories?post=96037"},{"taxonomy":"post_tag","embeddable":true,"href":"https:\/\/senoticias.com.br\/se\/wp-json\/wp\/v2\/tags?post=96037"}],"curies":[{"name":"wp","href":"https:\/\/api.w.org\/{rel}","templated":true}]}}