{"id":95994,"date":"2016-09-07T12:37:49","date_gmt":"2016-09-07T15:37:49","guid":{"rendered":"http:\/\/senoticias.com.br\/se\/?p=95994"},"modified":"2016-09-07T13:01:10","modified_gmt":"2016-09-07T16:01:10","slug":"pm-abrilhanta-desfile-civico-militar-de-7-de-setembro","status":"publish","type":"post","link":"https:\/\/senoticias.com.br\/se\/pm-abrilhanta-desfile-civico-militar-de-7-de-setembro\/","title":{"rendered":"Pol\u00edcia Militar abrilhanta desfile c\u00edvico-militar de 7 de Setembro"},"content":{"rendered":"<p style=\"text-align: justify;\">Marcialidade, patriotismo, eleg\u00e2ncia foram alguns adjetivos para definir a presen\u00e7a da Pol\u00edcia Militar no desfile c\u00edvico-militar alusivo \u00e0 Independ\u00eancia do Brasil em rela\u00e7\u00e3o \u00e0 Corte Portuguesa. Homens e mulheres de v\u00e1rias unidades operacionais e administrativas da Corpora\u00e7\u00e3o marcharam em rever\u00eancia \u00e0 P\u00e1tria na manh\u00e3 desta quarta-feira, 7, atraindo olhares de admira\u00e7\u00e3o e aplausos da sociedade ao longo da Avenida Bar\u00e3o de Maruim.<\/p>\n<div id=\"attachment_95996\" style=\"width: 610px\" class=\"wp-caption aligncenter\"><img loading=\"lazy\" decoding=\"async\" aria-describedby=\"caption-attachment-95996\" class=\"size-full wp-image-95996\" src=\"http:\/\/senoticias.com.br\/se\/wp-content\/uploads\/2016\/09\/foto-cptran-se-noticias.jpg\" alt=\" Companhia de Policiamento de Tr\u00e2nsito(CPTran), representada por 49 policiais militares, sendo 30 a p\u00e9 e os demais em 16 motocicletas.(Foto: PM\/SE)\" width=\"600\" height=\"400\" srcset=\"https:\/\/senoticias.com.br\/se\/wp-content\/uploads\/2016\/09\/foto-cptran-se-noticias.jpg 600w, https:\/\/senoticias.com.br\/se\/wp-content\/uploads\/2016\/09\/foto-cptran-se-noticias-300x200.jpg 300w, https:\/\/senoticias.com.br\/se\/wp-content\/uploads\/2016\/09\/foto-cptran-se-noticias-768x512.jpg 768w, https:\/\/senoticias.com.br\/se\/wp-content\/uploads\/2016\/09\/foto-cptran-se-noticias-90x60.jpg 90w, https:\/\/senoticias.com.br\/se\/wp-content\/uploads\/2016\/09\/foto-cptran-se-noticias-180x120.jpg 180w, https:\/\/senoticias.com.br\/se\/wp-content\/uploads\/2016\/09\/foto-cptran-se-noticias-95x64.jpg 95w\" sizes=\"(max-width: 600px) 100vw, 600px\" \/><p id=\"caption-attachment-95996\" class=\"wp-caption-text\">A Companhia de Policiamento de Tr\u00e2nsito(CPTran), representada por 49 policiais militares, sendo 30 a p\u00e9 e os demais em 16 motocicletas. (Foto: PM\/SE)<\/p><\/div>\n<p style=\"text-align: justify;\">Entre unidades e subunidades da Pol\u00edcia Militar, atuantes na Grande Aracaju e munic\u00edpios interioranos, o desfile teve in\u00edcio com a apresenta\u00e7\u00e3o da Banda de M\u00fasica da PMSE, sob a reg\u00eancia dos seus maestros: major Jos\u00e9 Andr\u00e9 Lima Neto e tenente Carlos J\u00falio de Jesus, executando os dobrados \u201cOs Quatro Tenentes\u201d. A banda \u00e9 composta por 48 homens e completa 171 anos de exist\u00eancia nesse ano, sendo a mais antiga Banda de M\u00fasica do Estado de Sergipe.<\/p>\n<p>&nbsp;<\/p>\n<p style=\"text-align: justify;\">Durante todo o evento solene, a tropa esteve sob o comando do tenente-coronel Carlos Rollemberg, comandante do 3\u00b0Batalh\u00e3o, acompanhado do seu subcomandante no desfile, o major Cardoso. Os oficiais foram seguidos pelo Porta S\u00edmbolo e uma representa\u00e7\u00e3o do Estado Maior Geral, composta por 14 oficiais superiores da PMSE, vindo, na sequ\u00eancia, a apresenta\u00e7\u00e3o da Guarda Bandeira.<\/p>\n<p style=\"text-align: justify;\">O advogado Marcos Amorim, que estava acompanhado do seu filho Matheus Amorim, 11 anos, comentou \u201ca minha expectativa \u00e9 que o evento aconte\u00e7a com tranquilidade, espero que seja um desfile bonito e organizado, e tamb\u00e9m trouxe meu filho, que sonha em ser militar no futuro\u201d.<\/p>\n<p style=\"text-align: justify;\">O desfile teve in\u00edcio com a passagem de um pelot\u00e3o especial, formado por crian\u00e7as e adolescentes assistidos pela PMSE atrav\u00e9s &#8220;Do Programa a Escola vai ao Batalh\u00e3o de Choque\u201d, vestidos em seus quimonos de treinamento, realizando durante o percurso, demonstra\u00e7\u00f5es de rolamento e t\u00e9cnicas de amortecimento de impacto em quedas. Logo depois, numa homenagem especial a todos os policiais militares que, no presente ou no passado, sacrificaram suas vidas pela seguran\u00e7a da popula\u00e7\u00e3o sergipana, desfilaram em posi\u00e7\u00e3o de destaque junto \u00e0 tropa, dois destes her\u00f3is: 3\u00ba sargento Marcos Henrique e o soldado Dami\u00e3o.<\/p>\n<p>&nbsp;<\/p>\n<p style=\"text-align: justify;\">Dando continuidade ao desfile, marcharam pela avenida os policiais do Proerd, Programa Educacional de Resist\u00eancia \u00e0s Drogas e a viol\u00eancia, que h\u00e1 15 anos atua em todo Estado. Desfilaram os policiais educadores e os alunos do 5\u00ba ano da Escola Roberto Simonsen do SESI, que s\u00e3o atendidos pelo programa. Em destaque no grupamento de desfile do Proerd, o seu mascote, o le\u00e3ozinho \u201cDare\u201d.<\/p>\n<p>&nbsp;<\/p>\n<p style=\"text-align: justify;\">Na sequ\u00eancia desfilaram 29 policiais femininas, representando as 426 mulheres que integram a Pol\u00edcia Militar de Sergipe, dentre as quais, quatro coron\u00e9is, posto m\u00e1ximo da Corpora\u00e7\u00e3o. Participando do desfile c\u00edvico militar, a soldado Larissa Bonfim, da PM4, fala que \u201c7 de Setembro \u00e9 uma data simb\u00f3lica, pois desde os 7 anos desfilo na avenida, meu av\u00f4 era oficial e trazia toda a fam\u00edlia para assistir, inclusive hoje minhas filhas est\u00e3o na expectativa de me ver e isso para mim \u00e9 um sonho\u201d.<\/p>\n<p style=\"text-align: justify;\">O p\u00fablico acompanhou o desfile do HPM, Hospital da Pol\u00edcia Militar de Sergipe, seguidos do Pelot\u00e3o de Policiamento Ambiental (PPAmb), Batalh\u00e3o de Pol\u00edcia Rodovi\u00e1ria estadual\u00a0(BPRv) e Companhia de Policiamento de Tr\u00e2nsito(CPTran), representada por 49 policiais militares, sendo 30 a p\u00e9 e os demais em 16 motocicletas.<\/p>\n<p>&nbsp;<\/p>\n<p style=\"text-align: justify;\">Na oportunidade, cabo Cerqueira, destacou o sentimento de orgulho em pertencer \u00e0 Pol\u00edcia Militar, \u201c\u00c9 importante cumprir com o nosso dever com a P\u00e1tria, representando nossa institui\u00e7\u00e3o neste dia t\u00e3o significativo, que \u00e9 comemorado a Independ\u00eancia do Brasil\u201c, salientou o militar, lotado no HPM.<\/p>\n<p style=\"text-align: justify;\">Na ocasi\u00e3o, a capit\u00e3 Manuela, comandante da Cptran, comenta que \u201co 7 de Setembro \u00e9 uma data hist\u00f3rica e marcante, onde podemos reafirmar nosso civismo, resgatando para a sociedade os valores patri\u00f3ticos\u201d.<\/p>\n<p style=\"text-align: justify;\">Em seguida, foi a vez dos militares da Companhia Especial de Opera\u00e7\u00f5es Policiais em \u00c1rea de Caatinga, do Grupo de A\u00e7\u00f5es T\u00e1ticas do Interior (GATI) e do Batalh\u00e3o de Pol\u00edcia de Choque (BPChoque), que trouxe para avenida um efetivo de 60 Militares, um micro\u00f4nibus, um \u00f4nibus e uma caminhonete<strong>.<\/strong><\/p>\n<p style=\"text-align: justify;\"><strong>\u00a0<\/strong><\/p>\n<p style=\"text-align: justify;\">O capit\u00e3o Eron, comandante da 1\u00aa Cia do Choque, \u201cdestacou a honra que \u00e9 desfilar prestigiando seus familiares e a sociedade, pois a Pol\u00edcia Militar abrilhanta a data comemorativa com todas as suas unidades participando\u201d.<\/p>\n<p><strong>\u00a0<\/strong><\/p>\n<p style=\"text-align: justify;\">A Companhia Independente de Policiamento com C\u00e3es (CIPC\u00c3ES), criada em 30 de junho 2016, abrilhantou pela primeira vez o desfile com um efetivo de 20 policiais, seis c\u00e3es adultos e 13 filhotes. Logo ap\u00f3s o Grupamento Especial T\u00e1tico de Motos (Getam), apresentou manobras e demonstra\u00e7\u00f5es de destreza e habilidade na avenida, conduzindo a Bandeira do Brasil, em posi\u00e7\u00e3o de destaque no grupamento de desfile.<\/p>\n<p>&nbsp;<\/p>\n<p style=\"text-align: justify;\">Consciente de seu papel c\u00edvico e da import\u00e2ncia repassar os valores de cidadania, o sargento Valdiq, da Ceopac, levou o filho, Jos\u00e9 Lucas, de apenas 11 anos, para assistir ao desfile. Vestindo a farda da unidade que trabalha o pai, o garoto chamou a aten\u00e7\u00e3o dos colegas militares e do p\u00fablico em geral. Para o militar, \u201cdesfilar \u00e9 muito importante, porque faz parte da nossa atividade, do patriotismo e da profiss\u00e3o que abracei, desfilar ao lado do meu filho \u00e9 um orgulho\u201d, \u00a0destaca o policial.<\/p>\n<p style=\"text-align: justify;\"><strong>\u00a0<\/strong><\/p>\n<p style=\"text-align: justify;\">O desfile teve continuidade com o Esquadr\u00e3o de Pol\u00edcia Montada (EPMon), e o p\u00fablico emocionou-se com a participa\u00e7\u00e3o do Grupamento T\u00e1tico A\u00e9reo (GTA), da Secretaria de Estado da Seguran\u00e7a P\u00fablica, composto por policiais civis e militares e bombeiros militares, que atuam em opera\u00e7\u00f5es a\u00e9reas. Os militares executaram duas passagens pela avenida com o avi\u00e3o Falc\u00e3o 02, e uma passagem baixa com o helic\u00f3ptero Falc\u00e3o 01 sobre a avenida, fazendo um pairado em frente ao palanque oficial, onde um tripulante erguia a Bandeira Nacional, sobrevoando logo ap\u00f3s todo o percurso.<\/p>\n<p><img loading=\"lazy\" decoding=\"async\" class=\"aligncenter size-full wp-image-95901\" src=\"http:\/\/senoticias.com.br\/se\/wp-content\/uploads\/2016\/09\/Logo-fone-1.jpg\" alt=\"Logo-fone-1\" width=\"599\" height=\"78\" srcset=\"https:\/\/senoticias.com.br\/se\/wp-content\/uploads\/2016\/09\/Logo-fone-1.jpg 599w, https:\/\/senoticias.com.br\/se\/wp-content\/uploads\/2016\/09\/Logo-fone-1-300x39.jpg 300w\" sizes=\"(max-width: 599px) 100vw, 599px\" \/><\/p>\n<p>Pol\u00edcia Militar do Estado de Sergipe<br \/>\nAssessoria de Comunica\u00e7\u00e3o<\/p>\n","protected":false},"excerpt":{"rendered":"<p>Marcialidade, patriotismo, eleg\u00e2ncia foram alguns adjetivos para definir a presen\u00e7a da Pol\u00edcia Militar no desfile c\u00edvico-militar alusivo \u00e0 Independ\u00eancia do Brasil em rela\u00e7\u00e3o \u00e0 Corte Portuguesa. Homens e mulheres de v\u00e1rias unidades operacionais e administrativas da Corpora\u00e7\u00e3o marcharam em rever\u00eancia \u00e0 P\u00e1tria na manh\u00e3 desta quarta-feira, 7, atraindo olhares de admira\u00e7\u00e3o e aplausos da sociedade [&hellip;]<\/p>\n","protected":false},"author":2,"featured_media":95996,"comment_status":"closed","ping_status":"closed","sticky":false,"template":"","format":"standard","meta":{"footnotes":""},"categories":[15,7,1],"tags":[],"class_list":{"0":"post-95994","1":"post","2":"type-post","3":"status-publish","4":"format-standard","5":"has-post-thumbnail","7":"category-destaques","8":"category-policia","9":"category-sem-categoria"},"_links":{"self":[{"href":"https:\/\/senoticias.com.br\/se\/wp-json\/wp\/v2\/posts\/95994"}],"collection":[{"href":"https:\/\/senoticias.com.br\/se\/wp-json\/wp\/v2\/posts"}],"about":[{"href":"https:\/\/senoticias.com.br\/se\/wp-json\/wp\/v2\/types\/post"}],"author":[{"embeddable":true,"href":"https:\/\/senoticias.com.br\/se\/wp-json\/wp\/v2\/users\/2"}],"replies":[{"embeddable":true,"href":"https:\/\/senoticias.com.br\/se\/wp-json\/wp\/v2\/comments?post=95994"}],"version-history":[{"count":0,"href":"https:\/\/senoticias.com.br\/se\/wp-json\/wp\/v2\/posts\/95994\/revisions"}],"wp:featuredmedia":[{"embeddable":true,"href":"https:\/\/senoticias.com.br\/se\/wp-json\/wp\/v2\/media\/95996"}],"wp:attachment":[{"href":"https:\/\/senoticias.com.br\/se\/wp-json\/wp\/v2\/media?parent=95994"}],"wp:term":[{"taxonomy":"category","embeddable":true,"href":"https:\/\/senoticias.com.br\/se\/wp-json\/wp\/v2\/categories?post=95994"},{"taxonomy":"post_tag","embeddable":true,"href":"https:\/\/senoticias.com.br\/se\/wp-json\/wp\/v2\/tags?post=95994"}],"curies":[{"name":"wp","href":"https:\/\/api.w.org\/{rel}","templated":true}]}}